{"id":26160,"date":"2023-01-03T18:10:38","date_gmt":"2023-01-03T21:10:38","guid":{"rendered":"https:\/\/radiorevelacionfm.cl\/?p=26160"},"modified":"2023-01-03T18:10:38","modified_gmt":"2023-01-03T21:10:38","slug":"minciencia-financiara-proyecto-sobre-la-flora-nativa-de-puerto-ingeniero-ibanez","status":"publish","type":"post","link":"https:\/\/radiorevelacionfm.cl\/?p=26160","title":{"rendered":"MinCiencia financiar\u00e1 proyecto sobre la flora nativa de Puerto Ingeniero Ib\u00e1\u00f1ez"},"content":{"rendered":"<div class=\"flex_column av_one_full  flex_column_div av-zero-column-padding first  avia-builder-el-0  el_before_av_one_full  avia-builder-el-first  \" style='border-radius:0px; '><div  class='avia-image-container  av-styling-    avia-builder-el-1  avia-builder-el-no-sibling  avia-align-center '  itemprop=\"image\" itemscope=\"itemscope\" itemtype=\"https:\/\/schema.org\/ImageObject\"  ><div class='avia-image-container-inner'><div class='avia-image-overlay-wrap'><img decoding=\"async\" class='wp-image-26161 avia-img-lazy-loading-not-26161 avia_image' src=\"https:\/\/radiorevelacionfm.cl\/wp-content\/uploads\/2023\/01\/dsc_0225-1_optimized-1.jpg\" alt='' title='dsc_0225-(1)_optimized (1)' height=\"600\" width=\"900\"  itemprop=\"thumbnailUrl\" srcset=\"https:\/\/radiorevelacionfm.cl\/wp-content\/uploads\/2023\/01\/dsc_0225-1_optimized-1.jpg 900w, https:\/\/radiorevelacionfm.cl\/wp-content\/uploads\/2023\/01\/dsc_0225-1_optimized-1-300x200.jpg 300w, https:\/\/radiorevelacionfm.cl\/wp-content\/uploads\/2023\/01\/dsc_0225-1_optimized-1-768x512.jpg 768w, https:\/\/radiorevelacionfm.cl\/wp-content\/uploads\/2023\/01\/dsc_0225-1_optimized-1-705x470.jpg 705w, https:\/\/radiorevelacionfm.cl\/wp-content\/uploads\/2023\/01\/dsc_0225-1_optimized-1-600x400.jpg 600w\" sizes=\"(max-width: 900px) 100vw, 900px\" \/><\/div><\/div><\/div><\/div><div class=\"flex_column av_one_full  flex_column_div av-zero-column-padding first  avia-builder-el-2  el_after_av_one_full  el_before_av_one_full  column-top-margin\" style='border-radius:0px; '><section class=\"av_textblock_section \"  itemscope=\"itemscope\" itemtype=\"https:\/\/schema.org\/BlogPosting\" itemprop=\"blogPost\" ><div class='avia_textblock  '   itemprop=\"text\" ><p class=\"v1MsoNormal\" style=\"text-align: center;\"><span style=\"font-size: 18pt;\"><b><span lang=\"es\">MinCiencia financiar\u00e1 proyecto sobre la flora nativa de Puerto Ingeniero Ib\u00e1\u00f1ez<\/span><\/b><\/span><\/p>\n<p class=\"v1MsoNormal\"><span lang=\"es\">\u00a0<\/span><\/p>\n<div id=\"gtx-trans\" style=\"position: absolute; left: -50px; top: 4.31534px;\">\n<div class=\"gtx-trans-icon\"><\/div>\n<\/div>\n<\/div><\/section><\/div><div class=\"flex_column av_one_full  flex_column_div av-zero-column-padding first  avia-builder-el-4  el_after_av_one_full  el_before_av_hr  column-top-margin\" style='border-radius:0px; '><section class=\"av_textblock_section \"  itemscope=\"itemscope\" itemtype=\"https:\/\/schema.org\/BlogPosting\" itemprop=\"blogPost\" ><div class='avia_textblock  '   itemprop=\"text\" ><p class=\"v1MsoNormal\" style=\"text-align: justify;\"><span lang=\"es\">\u00ab(Re)Conociendo Nuestros Habitantes: Saberes locales y cient\u00edficos sobre la Flora Nativa de Puerto Ingeniero Ib\u00e1\u00f1ez\u00bb, es uno de los proyectos seleccionados en el Concurso Ciencia P\u00fablica convocatoria 2022, instrumento que busca promover la generaci\u00f3n de espacios y experiencias en los que ocurra una interacci\u00f3n entre las personas y el conocimiento en distintos formatos.<\/span><\/p>\n<p class=\"v1MsoNormal\" style=\"text-align: justify;\"><span lang=\"es\">Ver\u00f3nica Vallejos, seremi de Ciencia, coment\u00f3 que \u00abuna de las prioridades del ministerio es que el conocimiento se difunda a todos los territorios y que las comunidades se apropien de \u00e9l, y \u00e9ste es el objetivo que persigue Ciencia P\u00fablica, que diferentes grupos sociales e instituciones acerquen los conocimientos a trav\u00e9s de proyectos innovadores, comunitarios y asociativos, y que se genere el di\u00e1logo entre las comunidades territoriales y las distintas disciplinas, para mejorar la calidad de vida de las personas\u00bb.<\/span><\/p>\n<p class=\"v1MsoNormal\" style=\"text-align: justify;\"><span lang=\"es\">Agreg\u00f3 que el nuevo proyecto seleccionado en la regi\u00f3n de Ays\u00e9n, que se suma a los ejecutados en los a\u00f1os previos, es una gran oportunidad para que la comunidad aprenda sobre la flora del lugar que habitan y la valore, conectando el conocimiento y la ciencia. \u00abEsta iniciativa, que es el segundo perteneciente a la categor\u00eda de proyectos comunitarios que es adjudicado en la regi\u00f3n, permitir\u00e1 visibilizar el trabajo de las mujeres Recolectoras Las Collallas que, a trav\u00e9s del trabajo colaborativo con otras instituciones p\u00fablicas y privadas, podr\u00e1n entregar los conocimientos que han adquirido a lo largo de su vida en relaci\u00f3n al uso de las plantas\u00bb.<\/span><\/p>\n<p class=\"v1MsoNormal\" style=\"text-align: justify;\"><span lang=\"es\">La autoridad mencion\u00f3 que en esta versi\u00f3n de Ciencia P\u00fablica se presentaron a nivel nacional 331 postulaciones, 220 se declararon admisibles y de ellos, 47 fueron adjudicados, los cuales recibir\u00e1n en total m\u00e1s de 1.300 millones de pesos para su ejecuci\u00f3n.<\/span><\/p>\n<p class=\"v1MsoNormal\" style=\"text-align: justify;\"><b><span lang=\"es\">El conocimiento de las recolectoras para rescatar la flora nativa<\/span><\/b><\/p>\n<p class=\"v1MsoNormal\" style=\"text-align: justify;\"><span lang=\"es\">Presentado por la Fundaci\u00f3n Naturaleza P\u00fablica junto al Comit\u00e9 de Recolectoras Las Collallas, la iniciativa \u00ab(Re)Conociendo Nuestros Habitantes: Saberes locales y cient\u00edficos sobre la Flora Nativa de Puerto Ingeniero Ib\u00e1\u00f1ez\u00bb unir\u00e1 cuatro experiencias comunitarias: levantamiento colectivo de saberes locales; encuentro de saberes y ciencia; plantaci\u00f3n participativa en un \u00e1rea verde urbana; y jornadas de evaluaci\u00f3n ecosist\u00e9mica.<\/span><\/p>\n<p class=\"v1MsoNormal\" style=\"text-align: justify;\"><span lang=\"es\">Mar\u00eda Jes\u00fas May, cofundadora de la fundaci\u00f3n Naturaleza P\u00fablica, indic\u00f3 que este proyecto se basa en un an\u00e1lisis de los modos de habitar el territorio que determin\u00f3 que los procesos de poblamiento en la Patagonia \u00abfueron hechos a pulso y, en muchos casos, implicaron agotamiento y da\u00f1o al ecosistema teniendo diversos efectos, como el que no sea posible encontrar vegetaci\u00f3n nativa dentro de las localidades, y que tambi\u00e9n recoge las pr\u00e1cticas y saberes tradicionales asociados al entorno natural que no han sido lo suficientemente documentadas ni transmitidas a las nuevas generaciones\u00bb.<\/span><\/p>\n<p class=\"v1MsoNormal\" style=\"text-align: justify;\"><span lang=\"es\">En relaci\u00f3n al financiamiento, explic\u00f3 que es muy importante acercar la ciencia a las comunidades, \u00abnos parece inspiradora la forma en que, a trav\u00e9s de herramientas cient\u00edficas, se puede empoderar a una comunidad frente a su patrimonio natural, contribuyendo a protegerlo y fortalecerlo\u00bb.<\/span><\/p>\n<p class=\"v1MsoNormal\" style=\"text-align: justify;\"><span lang=\"es\">Adem\u00e1s, recalc\u00f3 la importancia de trabajar con el Comit\u00e9 de Recolectoras Las Collallas, integrado por mujeres de Puerto Ingeniero Ib\u00e1\u00f1ez y sus alrededores, que al unirse han podido sistematizar el oficio y encontrar maneras de difundir su trabajo. \u00abEs interesante orientar el proyecto al servicio de una comunidad espec\u00edfica, organizada y empoderada, como lo son las mujeres que integran el comit\u00e9, permitiendo entretejer lazos junto a organizaciones cient\u00edficas, p\u00fablicas, privadas. El desaf\u00edo, por tanto, tambi\u00e9n implica un esfuerzo de asociatividad y trabajo interdisciplinario que es muy necesario para proyectos aplicados al territorio\u00bb.<\/span><\/p>\n<p class=\"v1MsoNormal\" style=\"text-align: justify;\"><span lang=\"es\">Se espera que su ejecuci\u00f3n entregue m\u00faltiples beneficios a la comunidad, desde sociales, impulsando encuentros comunitarios de participaci\u00f3n, planificaci\u00f3n y construcci\u00f3n de sus espacios p\u00fablicos; individuales, mejorando la relaci\u00f3n de las personas con los espacios p\u00fablicos para incentivar su utilizaci\u00f3n, lo cual est\u00e1 comprobado que mejora la salud f\u00edsica y psicol\u00f3gica de las personas; e incluso econ\u00f3micos, ya que los espacios de encuentro ser\u00e1n de bajo requerimiento de mantenci\u00f3n.<\/span><\/p>\n<p class=\"v1MsoNormal\" style=\"text-align: justify;\"><span lang=\"es\">La iniciativa tambi\u00e9n contar\u00e1 con la participaci\u00f3n de la Escuela Aonikenk, el Centro de Investigaci\u00f3n en Ecosistemas de la Patagonia (CIEP), la Corporaci\u00f3n Nacional Forestal (CONAF) y la Municipalidad de R\u00edo Ib\u00e1\u00f1ez. \u00abEsta asociaci\u00f3n p\u00fablico-privada promover\u00e1 el uso del rigor de la ciencia para sensibilizar, educar y hacer part\u00edcipe a la comunidad, en especial a las nuevas generaciones, en el conocimiento y empoderamiento de su patrimonio cultural y natural\u00bb, concluy\u00f3 May.\u00a0<\/span><\/p>\n<div style=\"text-align: justify;\"><\/div>\n<\/div><\/section><\/div><div  style='height:50px' class='hr hr-invisible   avia-builder-el-6  el_after_av_one_full  el_before_av_social_share '><span class='hr-inner ' ><span class='hr-inner-style'><\/span><\/span><\/div><\/p>\n<div  class='av-social-sharing-box  avia-builder-el-7  el_after_av_hr  el_before_av_hr  '><div class='av-share-box'><h5 class='av-share-link-description av-no-toc '>Compartir esta noticia<\/h5><ul class='av-share-box-list noLightbox'><li class='av-share-link av-social-link-facebook' ><a target=\"_blank\" aria-label=\"Compartir en Facebook\" href='https:\/\/www.facebook.com\/sharer.php?u=https:\/\/radiorevelacionfm.cl\/?p=26160&#038;t=MinCiencia%20financiar%C3%A1%20proyecto%20sobre%20la%20flora%20nativa%20de%20Puerto%20Ingeniero%20Ib%C3%A1%C3%B1ez' aria-hidden='false' data-av_icon='\ue8f3' data-av_iconfont='entypo-fontello' title='' data-avia-related-tooltip='Compartir en Facebook' rel=\"noopener\"><span class='avia_hidden_link_text'>Compartir en Facebook<\/span><\/a><\/li><li class='av-share-link av-social-link-twitter' ><a target=\"_blank\" aria-label=\"Compartir en Twitter\" href='https:\/\/twitter.com\/share?text=MinCiencia%20financiar%C3%A1%20proyecto%20sobre%20la%20flora%20nativa%20de%20Puerto%20Ingeniero%20Ib%C3%A1%C3%B1ez&#038;url=https:\/\/radiorevelacionfm.cl\/?p=26160' aria-hidden='false' data-av_icon='\ue8f1' data-av_iconfont='entypo-fontello' title='' data-avia-related-tooltip='Compartir en Twitter' rel=\"noopener\"><span class='avia_hidden_link_text'>Compartir en Twitter<\/span><\/a><\/li><li class='av-share-link av-social-link-whatsapp' ><a target=\"_blank\" aria-label=\"Compartir en Whatsapp\" href='https:\/\/api.whatsapp.com\/send?text=https:\/\/radiorevelacionfm.cl\/?p=26160' aria-hidden='false' data-av_icon='\uf232' data-av_iconfont='entypo-fontello' title='' data-avia-related-tooltip='Compartir en Whatsapp' rel=\"noopener\"><span class='avia_hidden_link_text'>Compartir en Whatsapp<\/span><\/a><\/li><li class='av-share-link av-social-link-linkedin' ><a target=\"_blank\" aria-label=\"Compartir en LinkedIn\" href='https:\/\/linkedin.com\/shareArticle?mini=true&#038;title=MinCiencia%20financiar%C3%A1%20proyecto%20sobre%20la%20flora%20nativa%20de%20Puerto%20Ingeniero%20Ib%C3%A1%C3%B1ez&#038;url=https:\/\/radiorevelacionfm.cl\/?p=26160' aria-hidden='false' data-av_icon='\ue8fc' data-av_iconfont='entypo-fontello' title='' data-avia-related-tooltip='Compartir en LinkedIn' rel=\"noopener\"><span class='avia_hidden_link_text'>Compartir en LinkedIn<\/span><\/a><\/li><li class='av-share-link av-social-link-mail' ><a  aria-label=\"Compartir por correo\" href='mailto:?subject=MinCiencia%20financiar%C3%A1%20proyecto%20sobre%20la%20flora%20nativa%20de%20Puerto%20Ingeniero%20Ib%C3%A1%C3%B1ez&#038;body=https:\/\/radiorevelacionfm.cl\/?p=26160' aria-hidden='false' data-av_icon='\ue805' data-av_iconfont='entypo-fontello' title='' data-avia-related-tooltip='Compartir por correo'><span class='avia_hidden_link_text'>Compartir por correo<\/span><\/a><\/li><\/ul><\/div><\/div>\n<div  style='height:50px' class='hr hr-invisible   avia-builder-el-8  el_after_av_social_share  el_before_av_comments_list '><span class='hr-inner ' ><span class='hr-inner-style'><\/span><\/span><\/div>\n<div  class='av-buildercomment  av-blog-meta-html-info-disabled av-blog-meta-tag-disabled  '><\/div>\n","protected":false},"excerpt":{"rendered":"","protected":false},"author":1,"featured_media":26161,"comment_status":"open","ping_status":"open","sticky":false,"template":"","format":"standard","meta":{"footnotes":""},"categories":[53],"tags":[],"class_list":["post-26160","post","type-post","status-publish","format-standard","has-post-thumbnail","hentry","category-ciencia"],"jetpack_featured_media_url":"https:\/\/radiorevelacionfm.cl\/wp-content\/uploads\/2023\/01\/dsc_0225-1_optimized-1.jpg","_links":{"self":[{"href":"https:\/\/radiorevelacionfm.cl\/index.php?rest_route=\/wp\/v2\/posts\/26160","targetHints":{"allow":["GET"]}}],"collection":[{"href":"https:\/\/radiorevelacionfm.cl\/index.php?rest_route=\/wp\/v2\/posts"}],"about":[{"href":"https:\/\/radiorevelacionfm.cl\/index.php?rest_route=\/wp\/v2\/types\/post"}],"author":[{"embeddable":true,"href":"https:\/\/radiorevelacionfm.cl\/index.php?rest_route=\/wp\/v2\/users\/1"}],"replies":[{"embeddable":true,"href":"https:\/\/radiorevelacionfm.cl\/index.php?rest_route=%2Fwp%2Fv2%2Fcomments&post=26160"}],"version-history":[{"count":2,"href":"https:\/\/radiorevelacionfm.cl\/index.php?rest_route=\/wp\/v2\/posts\/26160\/revisions"}],"predecessor-version":[{"id":26169,"href":"https:\/\/radiorevelacionfm.cl\/index.php?rest_route=\/wp\/v2\/posts\/26160\/revisions\/26169"}],"wp:featuredmedia":[{"embeddable":true,"href":"https:\/\/radiorevelacionfm.cl\/index.php?rest_route=\/wp\/v2\/media\/26161"}],"wp:attachment":[{"href":"https:\/\/radiorevelacionfm.cl\/index.php?rest_route=%2Fwp%2Fv2%2Fmedia&parent=26160"}],"wp:term":[{"taxonomy":"category","embeddable":true,"href":"https:\/\/radiorevelacionfm.cl\/index.php?rest_route=%2Fwp%2Fv2%2Fcategories&post=26160"},{"taxonomy":"post_tag","embeddable":true,"href":"https:\/\/radiorevelacionfm.cl\/index.php?rest_route=%2Fwp%2Fv2%2Ftags&post=26160"}],"curies":[{"name":"wp","href":"https:\/\/api.w.org\/{rel}","templated":true}]}}