{"id":26156,"date":"2023-01-03T15:37:18","date_gmt":"2023-01-03T18:37:18","guid":{"rendered":"https:\/\/radiorevelacionfm.cl\/?p=26156"},"modified":"2023-01-03T15:37:18","modified_gmt":"2023-01-03T18:37:18","slug":"solicitan-un-avion-mas-moderno-y-de-mayor-capacidad-para-villa-ohiggins-ante-problemas-en-aeronave","status":"publish","type":"post","link":"https:\/\/radiorevelacionfm.cl\/?p=26156","title":{"rendered":"Solicitan un avi\u00f3n m\u00e1s moderno y de mayor capacidad para Villa O\u00b4Higgins ante problemas en aeronave"},"content":{"rendered":"<div class=\"flex_column av_one_full  flex_column_div av-zero-column-padding first  avia-builder-el-0  el_before_av_one_full  avia-builder-el-first  \" style='border-radius:0px; '><div  class='avia-image-container  av-styling-    avia-builder-el-1  avia-builder-el-no-sibling  avia-align-center '  itemprop=\"image\" itemscope=\"itemscope\" itemtype=\"https:\/\/schema.org\/ImageObject\"  ><div class='avia-image-container-inner'><div class='avia-image-overlay-wrap'><img decoding=\"async\" class='wp-image-23821 avia-img-lazy-loading-not-23821 avia_image' src=\"https:\/\/radiorevelacionfm.cl\/wp-content\/uploads\/2022\/11\/foto-calisto-jorbe-abello-alcalde-de-tortel-y-dirigente-turismo-1_optimized.jpg\" alt='' title='foto-calisto-jorbe-abello-alcalde-de-tortel-y-dirigente-turismo-(1)_optimized' height=\"600\" width=\"800\"  itemprop=\"thumbnailUrl\" srcset=\"https:\/\/radiorevelacionfm.cl\/wp-content\/uploads\/2022\/11\/foto-calisto-jorbe-abello-alcalde-de-tortel-y-dirigente-turismo-1_optimized.jpg 800w, https:\/\/radiorevelacionfm.cl\/wp-content\/uploads\/2022\/11\/foto-calisto-jorbe-abello-alcalde-de-tortel-y-dirigente-turismo-1_optimized-300x225.jpg 300w, https:\/\/radiorevelacionfm.cl\/wp-content\/uploads\/2022\/11\/foto-calisto-jorbe-abello-alcalde-de-tortel-y-dirigente-turismo-1_optimized-768x576.jpg 768w, https:\/\/radiorevelacionfm.cl\/wp-content\/uploads\/2022\/11\/foto-calisto-jorbe-abello-alcalde-de-tortel-y-dirigente-turismo-1_optimized-705x529.jpg 705w, https:\/\/radiorevelacionfm.cl\/wp-content\/uploads\/2022\/11\/foto-calisto-jorbe-abello-alcalde-de-tortel-y-dirigente-turismo-1_optimized-600x450.jpg 600w\" sizes=\"(max-width: 800px) 100vw, 800px\" \/><\/div><\/div><\/div><\/div><div class=\"flex_column av_one_full  flex_column_div av-zero-column-padding first  avia-builder-el-2  el_after_av_one_full  el_before_av_one_full  column-top-margin\" style='border-radius:0px; '><section class=\"av_textblock_section \"  itemscope=\"itemscope\" itemtype=\"https:\/\/schema.org\/BlogPosting\" itemprop=\"blogPost\" ><div class='avia_textblock  '   itemprop=\"text\" ><p style=\"text-align: center;\"><strong><span style=\"font-size: 18pt;\">Solicitan un avi\u00f3n m\u00e1s moderno y de mayor capacidad para Villa O\u00b4Higgins ante problemas en aeronave <\/span><\/strong><\/p>\n<div id=\"gtx-trans\" style=\"position: absolute; left: -50px; top: 4.31534px;\">\n<div class=\"gtx-trans-icon\"><\/div>\n<\/div>\n<\/div><\/section><\/div><div class=\"flex_column av_one_full  flex_column_div av-zero-column-padding first  avia-builder-el-4  el_after_av_one_full  el_before_av_hr  column-top-margin\" style='border-radius:0px; '><section class=\"av_textblock_section \"  itemscope=\"itemscope\" itemtype=\"https:\/\/schema.org\/BlogPosting\" itemprop=\"blogPost\" ><div class='avia_textblock  '   itemprop=\"text\" ><p style=\"font-weight: 400; text-align: justify;\">Preocupaci\u00f3n existe en la comunidad de Villa O\u00b4Higgins por el estado del avi\u00f3n que realiza los viajes subvencionados a Coyhaique, esto porque seg\u00fan el alcalde de la localidad y el Consejero Jorge Abello la aeronave ha tenido algunos problemas que han despertado las alarmas, por lo que solicitan que la nueva licitaci\u00f3n incluya m\u00e1s recursos para poder optar a un avi\u00f3n m\u00e1s moderno y con mayor capacidad.<\/p>\n<p style=\"font-weight: 400; text-align: justify;\">Seg\u00fan el alcalde de Villa O\u00b4Higgins, Claudio Fica, la preocupaci\u00f3n la venimos manifestando desde la reuni\u00f3n que sostuvimos con el Subsecretario de Transportes en nuestro \u00faltimo viaje a Santiago. Los aviones tienen poca capacidad y adem\u00e1s son antiguos lo que genera riesgos para los pasajeros de Villa O\u00b4Higgins, tomando en cuenta que es una de las rutas de navegaci\u00f3n a\u00e9rea m\u00e1s malas de Latino Am\u00e9rica\u201d.<\/p>\n<p style=\"font-weight: 400; text-align: justify;\">\u201cEste avi\u00f3n ha tenido desperfectos, y hace algunos d\u00edas aterriz\u00f3 y revent\u00f3 una goma. Yo no s\u00e9 si falta mantenci\u00f3n, pero la verdad es que siempre queda la mitad de los pasajeros abajo. Se trata de un medio de movilizaci\u00f3n r\u00e1pido para la comunidad, pero opera en malas condiciones, necesitamos m\u00e1s preocupaci\u00f3n por las mantenciones\u201d, se\u00f1al\u00f3.<\/p>\n<p style=\"font-weight: 400; text-align: justify;\">El edil afirm\u00f3 que \u201cac\u00e1 hay un tema de plata. Yo le plantee al Subsecretario sobre la dignidad de las personas que viven en la villa, necesitamos un buen servicio para nuestra gente que debe viajar por tr\u00e1mites por enfermedades, entre otras cosas. El subsecretario se hab\u00eda comprometido con el avi\u00f3n grande. Necesitamos m\u00e1s plata para la licitaci\u00f3n y tengamos un avi\u00f3n adecuado para entregar una atenci\u00f3n digna para nuestra gente\u201d.<\/p>\n<p style=\"font-weight: 400; text-align: justify;\">Por su parte, el consejero Jorge Abello indic\u00f3 que \u201cla comunidad de villa O\u2019Higgins, como todas en nuestra Regi\u00f3n, merece y requiere un servicio de conectividad a\u00e9rea digna y segura, es b\u00e1sico y fundamental. Por lo tanto, no puede pasar desapercibido el incidente de la semana pasada, ello debe investigarse desde todos los \u00e1mbitos, y tomar las medidas que correspondan\u201d.<\/p>\n<p style=\"font-weight: 400; text-align: justify;\">\u201cHubo un compromiso de las autoridades nacionales de transportes de mejorar el servicio, en frecuencia y por cierto tipo de nave, la expectativa es mantener servicio de la nave Caravan, por capacidad, pero por sobre todo por ser una aeronave segura y m\u00e1s nueva. El llamado es a tener estos antecedentes en consideraci\u00f3n en la pr\u00f3xima licitaci\u00f3n del servicio que debe ocurrir durante este mes de enero\u201d, indic\u00f3.<\/p>\n<p style=\"font-weight: 400; text-align: justify;\"><strong>Oficio del Diputado Miguel \u00c1ngel Calisto<\/strong><\/p>\n<p style=\"font-weight: 400; text-align: justify;\">El diputado Miguel \u00c1ngel Calisto tambi\u00e9n se refiri\u00f3 a la preocupaci\u00f3n que existe en la comuna m\u00e1s austral de la Regi\u00f3n, asegurando que \u201chay un compromiso del Subsecretario por este tema. Junto al alcalde y el Consejero Abello estuvimos en reuni\u00f3n con \u00e9l, y ah\u00ed le planteamos la necesidad de tener de forma permanente el avi\u00f3n m\u00e1s grande y m\u00e1s moderno, por eso, envi\u00e9 un oficio para solicitar que esto se concrete en la pr\u00f3xima licitaci\u00f3n\u201d.<\/p>\n<\/div><\/section><\/div><div  style='height:50px' class='hr hr-invisible   avia-builder-el-6  el_after_av_one_full  el_before_av_social_share '><span class='hr-inner ' ><span class='hr-inner-style'><\/span><\/span><\/div><\/p>\n<div  class='av-social-sharing-box  avia-builder-el-7  el_after_av_hr  el_before_av_hr  '><div class='av-share-box'><h5 class='av-share-link-description av-no-toc '>Compartir esta noticia<\/h5><ul class='av-share-box-list noLightbox'><li class='av-share-link av-social-link-facebook' ><a target=\"_blank\" aria-label=\"Compartir en Facebook\" href='https:\/\/www.facebook.com\/sharer.php?u=https:\/\/radiorevelacionfm.cl\/?p=26156&#038;t=Solicitan%20un%20avi%C3%B3n%20m%C3%A1s%20moderno%20y%20de%20mayor%20capacidad%20para%20Villa%20O%C2%B4Higgins%20ante%20problemas%20en%20aeronave' aria-hidden='false' data-av_icon='\ue8f3' data-av_iconfont='entypo-fontello' title='' data-avia-related-tooltip='Compartir en Facebook' rel=\"noopener\"><span class='avia_hidden_link_text'>Compartir en Facebook<\/span><\/a><\/li><li class='av-share-link av-social-link-twitter' ><a target=\"_blank\" aria-label=\"Compartir en Twitter\" href='https:\/\/twitter.com\/share?text=Solicitan%20un%20avi%C3%B3n%20m%C3%A1s%20moderno%20y%20de%20mayor%20capacidad%20para%20Villa%20O%C2%B4Higgins%20ante%20problemas%20en%20aeronave&#038;url=https:\/\/radiorevelacionfm.cl\/?p=26156' aria-hidden='false' data-av_icon='\ue8f1' data-av_iconfont='entypo-fontello' title='' data-avia-related-tooltip='Compartir en Twitter' rel=\"noopener\"><span class='avia_hidden_link_text'>Compartir en Twitter<\/span><\/a><\/li><li class='av-share-link av-social-link-whatsapp' ><a target=\"_blank\" aria-label=\"Compartir en Whatsapp\" href='https:\/\/api.whatsapp.com\/send?text=https:\/\/radiorevelacionfm.cl\/?p=26156' aria-hidden='false' data-av_icon='\uf232' data-av_iconfont='entypo-fontello' title='' data-avia-related-tooltip='Compartir en Whatsapp' rel=\"noopener\"><span class='avia_hidden_link_text'>Compartir en Whatsapp<\/span><\/a><\/li><li class='av-share-link av-social-link-linkedin' ><a target=\"_blank\" aria-label=\"Compartir en LinkedIn\" href='https:\/\/linkedin.com\/shareArticle?mini=true&#038;title=Solicitan%20un%20avi%C3%B3n%20m%C3%A1s%20moderno%20y%20de%20mayor%20capacidad%20para%20Villa%20O%C2%B4Higgins%20ante%20problemas%20en%20aeronave&#038;url=https:\/\/radiorevelacionfm.cl\/?p=26156' aria-hidden='false' data-av_icon='\ue8fc' data-av_iconfont='entypo-fontello' title='' data-avia-related-tooltip='Compartir en LinkedIn' rel=\"noopener\"><span class='avia_hidden_link_text'>Compartir en LinkedIn<\/span><\/a><\/li><li class='av-share-link av-social-link-mail' ><a  aria-label=\"Compartir por correo\" href='mailto:?subject=Solicitan%20un%20avi%C3%B3n%20m%C3%A1s%20moderno%20y%20de%20mayor%20capacidad%20para%20Villa%20O%C2%B4Higgins%20ante%20problemas%20en%20aeronave&#038;body=https:\/\/radiorevelacionfm.cl\/?p=26156' aria-hidden='false' data-av_icon='\ue805' data-av_iconfont='entypo-fontello' title='' data-avia-related-tooltip='Compartir por correo'><span class='avia_hidden_link_text'>Compartir por correo<\/span><\/a><\/li><\/ul><\/div><\/div>\n<div  style='height:50px' class='hr hr-invisible   avia-builder-el-8  el_after_av_social_share  el_before_av_comments_list '><span class='hr-inner ' ><span class='hr-inner-style'><\/span><\/span><\/div>\n<div  class='av-buildercomment  av-blog-meta-html-info-disabled av-blog-meta-tag-disabled  '><\/div>\n","protected":false},"excerpt":{"rendered":"","protected":false},"author":1,"featured_media":23821,"comment_status":"open","ping_status":"open","sticky":false,"template":"","format":"standard","meta":{"footnotes":""},"categories":[38],"tags":[],"class_list":["post-26156","post","type-post","status-publish","format-standard","has-post-thumbnail","hentry","category-regional"],"jetpack_featured_media_url":"https:\/\/radiorevelacionfm.cl\/wp-content\/uploads\/2022\/11\/foto-calisto-jorbe-abello-alcalde-de-tortel-y-dirigente-turismo-1_optimized.jpg","_links":{"self":[{"href":"https:\/\/radiorevelacionfm.cl\/index.php?rest_route=\/wp\/v2\/posts\/26156","targetHints":{"allow":["GET"]}}],"collection":[{"href":"https:\/\/radiorevelacionfm.cl\/index.php?rest_route=\/wp\/v2\/posts"}],"about":[{"href":"https:\/\/radiorevelacionfm.cl\/index.php?rest_route=\/wp\/v2\/types\/post"}],"author":[{"embeddable":true,"href":"https:\/\/radiorevelacionfm.cl\/index.php?rest_route=\/wp\/v2\/users\/1"}],"replies":[{"embeddable":true,"href":"https:\/\/radiorevelacionfm.cl\/index.php?rest_route=%2Fwp%2Fv2%2Fcomments&post=26156"}],"version-history":[{"count":2,"href":"https:\/\/radiorevelacionfm.cl\/index.php?rest_route=\/wp\/v2\/posts\/26156\/revisions"}],"predecessor-version":[{"id":26159,"href":"https:\/\/radiorevelacionfm.cl\/index.php?rest_route=\/wp\/v2\/posts\/26156\/revisions\/26159"}],"wp:featuredmedia":[{"embeddable":true,"href":"https:\/\/radiorevelacionfm.cl\/index.php?rest_route=\/wp\/v2\/media\/23821"}],"wp:attachment":[{"href":"https:\/\/radiorevelacionfm.cl\/index.php?rest_route=%2Fwp%2Fv2%2Fmedia&parent=26156"}],"wp:term":[{"taxonomy":"category","embeddable":true,"href":"https:\/\/radiorevelacionfm.cl\/index.php?rest_route=%2Fwp%2Fv2%2Fcategories&post=26156"},{"taxonomy":"post_tag","embeddable":true,"href":"https:\/\/radiorevelacionfm.cl\/index.php?rest_route=%2Fwp%2Fv2%2Ftags&post=26156"}],"curies":[{"name":"wp","href":"https:\/\/api.w.org\/{rel}","templated":true}]}}