{"id":26151,"date":"2023-01-03T10:56:44","date_gmt":"2023-01-03T13:56:44","guid":{"rendered":"https:\/\/radiorevelacionfm.cl\/?p=26151"},"modified":"2023-01-03T10:56:44","modified_gmt":"2023-01-03T13:56:44","slug":"seremi-de-vivienda-se-reunio-con-dirigentes-y-autoridades-de-melinka-para-impulsar-la-gestion-sectorial-en-esa-comuna","status":"publish","type":"post","link":"https:\/\/radiorevelacionfm.cl\/?p=26151","title":{"rendered":"Seremi de Vivienda se reuni\u00f3 con dirigentes y autoridades de Melinka para impulsar la gesti\u00f3n sectorial en esa comuna"},"content":{"rendered":"<div class=\"flex_column av_one_full  flex_column_div av-zero-column-padding first  avia-builder-el-0  el_before_av_one_full  avia-builder-el-first  \" style='border-radius:0px; '><div  class='avia-image-container  av-styling-    avia-builder-el-1  avia-builder-el-no-sibling  avia-align-center '  itemprop=\"image\" itemscope=\"itemscope\" itemtype=\"https:\/\/schema.org\/ImageObject\"  ><div class='avia-image-container-inner'><div class='avia-image-overlay-wrap'><img decoding=\"async\" class='wp-image-26152 avia-img-lazy-loading-not-26152 avia_image' src=\"https:\/\/radiorevelacionfm.cl\/wp-content\/uploads\/2023\/01\/Foto-Seremi-de-Vivienda-actividades-en-Melinka-1-1.jpg\" alt='' title='Foto Seremi de Vivienda actividades en Melinka (1) (1)' height=\"600\" width=\"923\"  itemprop=\"thumbnailUrl\" srcset=\"https:\/\/radiorevelacionfm.cl\/wp-content\/uploads\/2023\/01\/Foto-Seremi-de-Vivienda-actividades-en-Melinka-1-1.jpg 923w, https:\/\/radiorevelacionfm.cl\/wp-content\/uploads\/2023\/01\/Foto-Seremi-de-Vivienda-actividades-en-Melinka-1-1-300x195.jpg 300w, https:\/\/radiorevelacionfm.cl\/wp-content\/uploads\/2023\/01\/Foto-Seremi-de-Vivienda-actividades-en-Melinka-1-1-768x499.jpg 768w, https:\/\/radiorevelacionfm.cl\/wp-content\/uploads\/2023\/01\/Foto-Seremi-de-Vivienda-actividades-en-Melinka-1-1-705x458.jpg 705w, https:\/\/radiorevelacionfm.cl\/wp-content\/uploads\/2023\/01\/Foto-Seremi-de-Vivienda-actividades-en-Melinka-1-1-600x390.jpg 600w\" sizes=\"(max-width: 923px) 100vw, 923px\" \/><\/div><\/div><\/div><\/div><div class=\"flex_column av_one_full  flex_column_div av-zero-column-padding first  avia-builder-el-2  el_after_av_one_full  el_before_av_one_full  column-top-margin\" style='border-radius:0px; '><section class=\"av_textblock_section \"  itemscope=\"itemscope\" itemtype=\"https:\/\/schema.org\/BlogPosting\" itemprop=\"blogPost\" ><div class='avia_textblock  '   itemprop=\"text\" ><p style=\"text-align: center;\"><span style=\"font-size: 18pt;\"><strong>Seremi de Vivienda se reuni\u00f3 con dirigentes y autoridades de Melinka para impulsar la gesti\u00f3n sectorial en esa comuna<\/strong><\/span><\/p>\n<div id=\"gtx-trans\" style=\"position: absolute; left: -50px; top: 4.31534px;\">\n<div class=\"gtx-trans-icon\"><\/div>\n<\/div>\n<\/div><\/section><\/div><div class=\"flex_column av_one_full  flex_column_div av-zero-column-padding first  avia-builder-el-4  el_after_av_one_full  el_before_av_hr  column-top-margin\" style='border-radius:0px; '><section class=\"av_textblock_section \"  itemscope=\"itemscope\" itemtype=\"https:\/\/schema.org\/BlogPosting\" itemprop=\"blogPost\" ><div class='avia_textblock  '   itemprop=\"text\" ><p style=\"text-align: justify;\">Con di\u00e1logos ciudadanos, reuniones de trabajo e inspecciones en terreno se concret\u00f3 la semana pasada la visita comprometida por la Seremi de Vivienda, Paulina Ruz, a la localidad de Melinka, en el litoral norte de la regi\u00f3n de Ays\u00e9n.<\/p>\n<p style=\"text-align: justify;\">Seg\u00fan explic\u00f3 la autoridad ministerial se trata de la \u00faltima comuna de la regi\u00f3n que le faltaba visitar, por lo cual se optimizaron al m\u00e1ximo los tiempos para hacer gestiones, entregar informaci\u00f3n y cumplir compromisos pendientes. \u201cPrimero saludamos al Concejo Municipal en pleno, donde dimos cuenta de lo que estamos realizando en torno al Plan de Emergencia Habitacional, que implica una meta presidencial de la construcci\u00f3n de 1293 viviendas en este periodo y las metas regionales y comunales, donde para nosotros Melinka es una de las prioridades, ya que hace m\u00e1s de 30 a\u00f1os que no hab\u00eda proyectos habitacionales, algo que ahora estamos en curso de poder concretar\u201d, afirm\u00f3.<\/p>\n<p style=\"text-align: justify;\">Agrego la Seremi Paulina Ruz que tambi\u00e9n se reunieron con el equipo de la Secretar\u00eda de Planificaci\u00f3n (Secplan) del Municipio, ya que en el 2022 Melinka gan\u00f3 el concurso del Programa para Peque\u00f1as Localidades, el que considera inyectar 1500 millones de pesos en proyectos para mejorar espacios urbanos y tambi\u00e9n para trabajar con la comunidad en participaci\u00f3n ciudadana. \u201cLe explicamos al equipo como se trabaja, qu\u00e9 implican estos recursos y la importancia de potenciar la vida comunitaria, de manera que los mismos vecinos vayan decidiendo sus obras de confianza para poder trabajar en conjunto con el Ministerio de Vivienda y urbanismo\u201d, precis\u00f3.<\/p>\n<p style=\"text-align: justify;\">Otro de los puntos relevantes del trabajo en Melinka fue la visita a los terrenos donde se analiza la posibilidad de construir viviendas, los que hoy est\u00e1n en etapa de traspaso desde Bienes Nacionales al Minvu. \u201cTambi\u00e9n tuvimos la oportunidad de conversar con vecinas y vecinos adultos mayores, a quienes les estamos construyendo con subsidios de Habitabilidad Rural, para que puedan tener su casa propia. Si bien la resoluci\u00f3n ya hab\u00eda salido hace tres a\u00f1os, fue ahora, en el mes de julio, que pusimos el acelerador porque no se hab\u00edan hecho gestiones previas. Algo ins\u00f3lito, ante lo cual r\u00e1pidamente nos preocupamos de gestionar y ya esperamos entregar esas obras durante el mes de enero\u201d, manifest\u00f3.<\/p>\n<p style=\"text-align: justify;\">Entre los encuentros con organizaciones comunitarias de la isla, la Seremi de Vivienda, destac\u00f3 la reuni\u00f3n con el comit\u00e9 \u201cAltos del Corcovado\u201d, que est\u00e1 integrado por 50 socios y donde el Minvu espera entregar soluciones habitacionales dentro de este periodo de Gobierno, entendiendo que el derecho a la vivienda digna alcanza a todas las familias de la regi\u00f3n de Ays\u00e9n.<\/p>\n<p style=\"text-align: justify;\">La jornada de trabajo fue valorada por la Presidenta del comit\u00e9 Altos del Corcovado, Adela Nahuelqu\u00edn, quien se mostr\u00f3 optimista de los resultados que tendr\u00e1 el proceso que reci\u00e9n comienzan. \u201cUna reuni\u00f3n con informaci\u00f3n nueva para nosotros como comit\u00e9 que reci\u00e9n se est\u00e1 formando, hay muchas cosas por aprender y reconocer que estuvo muy buena la participaci\u00f3n de nuestros vecinos\u201d, indic\u00f3.<\/p>\n<p style=\"text-align: justify;\">De esta forma la Seremi Paulina Ruz, las autoridades comunales, los vecinos y sus organizaciones adquirieron el compromiso de mantener a futuro un di\u00e1logo directo y una estrecha colaboraci\u00f3n en las diferentes \u00e1reas que tiene que ver con el desarrollo habitacional y urbano, poniendo siempre como prioridad el bienestar de las familias de la comuna de Guaitecas.<\/p>\n<\/div><\/section><\/div><div  style='height:50px' class='hr hr-invisible   avia-builder-el-6  el_after_av_one_full  el_before_av_social_share '><span class='hr-inner ' ><span class='hr-inner-style'><\/span><\/span><\/div><\/p>\n<div  class='av-social-sharing-box  avia-builder-el-7  el_after_av_hr  el_before_av_hr  '><div class='av-share-box'><h5 class='av-share-link-description av-no-toc '>Compartir esta noticia<\/h5><ul class='av-share-box-list noLightbox'><li class='av-share-link av-social-link-facebook' ><a target=\"_blank\" aria-label=\"Compartir en Facebook\" href='https:\/\/www.facebook.com\/sharer.php?u=https:\/\/radiorevelacionfm.cl\/?p=26151&#038;t=Seremi%20de%20Vivienda%20se%20reuni%C3%B3%20con%20dirigentes%20y%20autoridades%20de%20Melinka%20para%20impulsar%20la%20gesti%C3%B3n%20sectorial%20en%20esa%20comuna' aria-hidden='false' data-av_icon='\ue8f3' data-av_iconfont='entypo-fontello' title='' data-avia-related-tooltip='Compartir en Facebook' rel=\"noopener\"><span class='avia_hidden_link_text'>Compartir en Facebook<\/span><\/a><\/li><li class='av-share-link av-social-link-twitter' ><a target=\"_blank\" aria-label=\"Compartir en Twitter\" href='https:\/\/twitter.com\/share?text=Seremi%20de%20Vivienda%20se%20reuni%C3%B3%20con%20dirigentes%20y%20autoridades%20de%20Melinka%20para%20impulsar%20la%20gesti%C3%B3n%20sectorial%20en%20esa%20comuna&#038;url=https:\/\/radiorevelacionfm.cl\/?p=26151' aria-hidden='false' data-av_icon='\ue8f1' data-av_iconfont='entypo-fontello' title='' data-avia-related-tooltip='Compartir en Twitter' rel=\"noopener\"><span class='avia_hidden_link_text'>Compartir en Twitter<\/span><\/a><\/li><li class='av-share-link av-social-link-whatsapp' ><a target=\"_blank\" aria-label=\"Compartir en Whatsapp\" href='https:\/\/api.whatsapp.com\/send?text=https:\/\/radiorevelacionfm.cl\/?p=26151' aria-hidden='false' data-av_icon='\uf232' data-av_iconfont='entypo-fontello' title='' data-avia-related-tooltip='Compartir en Whatsapp' rel=\"noopener\"><span class='avia_hidden_link_text'>Compartir en Whatsapp<\/span><\/a><\/li><li class='av-share-link av-social-link-linkedin' ><a target=\"_blank\" aria-label=\"Compartir en LinkedIn\" href='https:\/\/linkedin.com\/shareArticle?mini=true&#038;title=Seremi%20de%20Vivienda%20se%20reuni%C3%B3%20con%20dirigentes%20y%20autoridades%20de%20Melinka%20para%20impulsar%20la%20gesti%C3%B3n%20sectorial%20en%20esa%20comuna&#038;url=https:\/\/radiorevelacionfm.cl\/?p=26151' aria-hidden='false' data-av_icon='\ue8fc' data-av_iconfont='entypo-fontello' title='' data-avia-related-tooltip='Compartir en LinkedIn' rel=\"noopener\"><span class='avia_hidden_link_text'>Compartir en LinkedIn<\/span><\/a><\/li><li class='av-share-link av-social-link-mail' ><a  aria-label=\"Compartir por correo\" href='mailto:?subject=Seremi%20de%20Vivienda%20se%20reuni%C3%B3%20con%20dirigentes%20y%20autoridades%20de%20Melinka%20para%20impulsar%20la%20gesti%C3%B3n%20sectorial%20en%20esa%20comuna&#038;body=https:\/\/radiorevelacionfm.cl\/?p=26151' aria-hidden='false' data-av_icon='\ue805' data-av_iconfont='entypo-fontello' title='' data-avia-related-tooltip='Compartir por correo'><span class='avia_hidden_link_text'>Compartir por correo<\/span><\/a><\/li><\/ul><\/div><\/div>\n<div  style='height:50px' class='hr hr-invisible   avia-builder-el-8  el_after_av_social_share  el_before_av_comments_list '><span class='hr-inner ' ><span class='hr-inner-style'><\/span><\/span><\/div>\n<div  class='av-buildercomment  av-blog-meta-html-info-disabled av-blog-meta-tag-disabled  '><\/div>\n","protected":false},"excerpt":{"rendered":"","protected":false},"author":1,"featured_media":26152,"comment_status":"open","ping_status":"open","sticky":false,"template":"","format":"standard","meta":{"footnotes":""},"categories":[57],"tags":[],"class_list":["post-26151","post","type-post","status-publish","format-standard","has-post-thumbnail","hentry","category-vivienda"],"jetpack_featured_media_url":"https:\/\/radiorevelacionfm.cl\/wp-content\/uploads\/2023\/01\/Foto-Seremi-de-Vivienda-actividades-en-Melinka-1-1.jpg","_links":{"self":[{"href":"https:\/\/radiorevelacionfm.cl\/index.php?rest_route=\/wp\/v2\/posts\/26151","targetHints":{"allow":["GET"]}}],"collection":[{"href":"https:\/\/radiorevelacionfm.cl\/index.php?rest_route=\/wp\/v2\/posts"}],"about":[{"href":"https:\/\/radiorevelacionfm.cl\/index.php?rest_route=\/wp\/v2\/types\/post"}],"author":[{"embeddable":true,"href":"https:\/\/radiorevelacionfm.cl\/index.php?rest_route=\/wp\/v2\/users\/1"}],"replies":[{"embeddable":true,"href":"https:\/\/radiorevelacionfm.cl\/index.php?rest_route=%2Fwp%2Fv2%2Fcomments&post=26151"}],"version-history":[{"count":2,"href":"https:\/\/radiorevelacionfm.cl\/index.php?rest_route=\/wp\/v2\/posts\/26151\/revisions"}],"predecessor-version":[{"id":26154,"href":"https:\/\/radiorevelacionfm.cl\/index.php?rest_route=\/wp\/v2\/posts\/26151\/revisions\/26154"}],"wp:featuredmedia":[{"embeddable":true,"href":"https:\/\/radiorevelacionfm.cl\/index.php?rest_route=\/wp\/v2\/media\/26152"}],"wp:attachment":[{"href":"https:\/\/radiorevelacionfm.cl\/index.php?rest_route=%2Fwp%2Fv2%2Fmedia&parent=26151"}],"wp:term":[{"taxonomy":"category","embeddable":true,"href":"https:\/\/radiorevelacionfm.cl\/index.php?rest_route=%2Fwp%2Fv2%2Fcategories&post=26151"},{"taxonomy":"post_tag","embeddable":true,"href":"https:\/\/radiorevelacionfm.cl\/index.php?rest_route=%2Fwp%2Fv2%2Ftags&post=26151"}],"curies":[{"name":"wp","href":"https:\/\/api.w.org\/{rel}","templated":true}]}}