{"id":26144,"date":"2023-01-03T10:16:06","date_gmt":"2023-01-03T13:16:06","guid":{"rendered":"https:\/\/radiorevelacionfm.cl\/?p=26144"},"modified":"2023-01-03T10:16:06","modified_gmt":"2023-01-03T13:16:06","slug":"campeona-nacional-de-gimnasia-ritmica-medallista-sudamericana-y-panamericana-realizara-clinica-de-perfeccionamiento-para-gimnastas-de-la-region","status":"publish","type":"post","link":"https:\/\/radiorevelacionfm.cl\/?p=26144","title":{"rendered":"Campeona Nacional de Gimnasia R\u00edtmica, medallista Sudamericana y Panamericana realizar\u00e1 cl\u00ednica de perfeccionamiento para gimnastas de la regi\u00f3n"},"content":{"rendered":"<div class=\"flex_column av_one_full  flex_column_div av-zero-column-padding first  avia-builder-el-0  el_before_av_one_full  avia-builder-el-first  \" style='border-radius:0px; '><div  class='avia-image-container  av-styling-    avia-builder-el-1  avia-builder-el-no-sibling  avia-align-center '  itemprop=\"image\" itemscope=\"itemscope\" itemtype=\"https:\/\/schema.org\/ImageObject\"  ><div class='avia-image-container-inner'><div class='avia-image-overlay-wrap'><img decoding=\"async\" class='wp-image-26145 avia-img-lazy-loading-not-26145 avia_image' src=\"https:\/\/radiorevelacionfm.cl\/wp-content\/uploads\/2023\/01\/javiera_optimized.jpg\" alt='' title='javiera_optimized' height=\"620\" width=\"820\"  itemprop=\"thumbnailUrl\" srcset=\"https:\/\/radiorevelacionfm.cl\/wp-content\/uploads\/2023\/01\/javiera_optimized.jpg 820w, https:\/\/radiorevelacionfm.cl\/wp-content\/uploads\/2023\/01\/javiera_optimized-300x227.jpg 300w, https:\/\/radiorevelacionfm.cl\/wp-content\/uploads\/2023\/01\/javiera_optimized-768x581.jpg 768w, https:\/\/radiorevelacionfm.cl\/wp-content\/uploads\/2023\/01\/javiera_optimized-705x533.jpg 705w, https:\/\/radiorevelacionfm.cl\/wp-content\/uploads\/2023\/01\/javiera_optimized-600x454.jpg 600w\" sizes=\"(max-width: 820px) 100vw, 820px\" \/><\/div><\/div><\/div><\/div><div class=\"flex_column av_one_full  flex_column_div av-zero-column-padding first  avia-builder-el-2  el_after_av_one_full  el_before_av_one_full  column-top-margin\" style='border-radius:0px; '><section class=\"av_textblock_section \"  itemscope=\"itemscope\" itemtype=\"https:\/\/schema.org\/BlogPosting\" itemprop=\"blogPost\" ><div class='avia_textblock  '   itemprop=\"text\" ><p style=\"text-align: center;\"><strong><span style=\"font-size: 18pt;\">Campeona Nacional de Gimnasia R\u00edtmica, medallista Sudamericana y Panamericana realizar\u00e1 cl\u00ednica de perfeccionamiento para gimnastas de la regi\u00f3n<\/span><\/strong><\/p>\n<div id=\"gtx-trans\" style=\"position: absolute; left: -50px; top: 4.31534px;\">\n<div class=\"gtx-trans-icon\"><\/div>\n<\/div>\n<\/div><\/section><\/div><div class=\"flex_column av_one_full  flex_column_div av-zero-column-padding first  avia-builder-el-4  el_after_av_one_full  el_before_av_hr  column-top-margin\" style='border-radius:0px; '><section class=\"av_textblock_section \"  itemscope=\"itemscope\" itemtype=\"https:\/\/schema.org\/BlogPosting\" itemprop=\"blogPost\" ><div class='avia_textblock  '   itemprop=\"text\" ><p style=\"text-align: justify;\">El club de Gimnasia R\u00edtmica Or\u00edgenes Coyhaique, trae a nuestra ciudad a la actual campeona Nacional de la disciplina deportiva de Gimnasia R\u00edtmica, medallista Sudamericana y Panamericana que actualmente se prepara para los juegos Panamericanos que se realizar\u00e1n en nuestro pa\u00eds, Santiago 2023.<\/p>\n<div style=\"text-align: justify;\">La reconocida deportista Nacional Javiera Rubilar Sanhueza, realizar\u00e1 una cl\u00ednica de perfeccionamiento para las gimnastas de nuestra regi\u00f3n, que a su vez se preparan para las competencias nacionales.<\/div>\n<div><\/div>\n<div style=\"text-align: justify;\">Javiera Rubilar estar\u00e1 4 d\u00edas, entregando un basto conocimiento para las deportistas, esta cl\u00ednica se llevar\u00e1 a cabo en el Centro de Entrenamiento Regional CER \u00a0del 04 al 07 de enero.<\/div>\n<div><\/div>\n<div><\/div>\n<div style=\"text-align: justify;\">La destacada deportista nacional cuenta con un amplio curriculum deportivo, por lo que es realmente un privilegio contar con su presencia en la regi\u00f3n de Ays\u00e9n.<\/div>\n<div style=\"text-align: justify;\"><\/div>\n<div style=\"text-align: justify;\"><\/div>\n<div>\n<p style=\"text-align: justify;\">Entre los logros de Javiera Rubilar Sanhueza destacan:<\/p>\n<ul style=\"text-align: justify;\">\n<li>Seleccionada nacional de gimnasia r\u00edtmica.<\/li>\n<li>Campeona Sudamericana en all around, bal\u00f3n y segundo lugar en manos libres en Guayaquil, Ecuador. (2009)<\/li>\n<li>Tercer lugar sudamericano en el all around, manos libres y aro, segundo lugar en bal\u00f3n, por equipos y en conjunto en Cochabamba, Bolivia. (2010)<\/li>\n<li>Tercer lugar por equipos en sudamericano realizado en Maracaibo, Venezuela. (2011)<\/li>\n<li>Tercer lugar en all around y primero lugar en bal\u00f3n en campeonato internacional Vila de Ribadavia, Espa\u00f1a. (2014)<\/li>\n<li>Tercer lugar sudamericano en cinta, bal\u00f3n y segundo lugar en clavas realizado en Colombia. (2014)<\/li>\n<li>Campeona absoluta en sudamericano de clubes en Rosario, Argentina. (2014)<\/li>\n<li>Primer lugar all around, bal\u00f3n, segundo en aro y clavas en campeonato internacional Vila de Ribadavia, Espa\u00f1a. (2015)<\/li>\n<li>Tercer lugar en implemento cuerda y segundo por equipos en sudamericano de Cochabamba, Bolivia. (2015)<\/li>\n<li>Tercer lugar por equipos y cinta en sudamericano en Cochabamba, Bolivia. (2017)<\/li>\n<li>Tercer lugar en aro, bal\u00f3n y clavas en Juegos Bolivarianos, Santa Marta, Colombia. (2017)<\/li>\n<li>Primera lugar en el all around, aro y bal\u00f3n en competencia internacional en Bulgaria. (2018)<\/li>\n<li>Participaci\u00f3n en Copa del Mundo en Guadalajara, Espa\u00f1a y Portimao, Portugal. (2018)<\/li>\n<li>Finalista en el all around, aro y clavas en Odesur, Cochabamba, Bolivia. (2018)<\/li>\n<li>Participaci\u00f3n en Mundial, Sofia, Bulgaria. (2018)<\/li>\n<li>Tercer lugar por equipos en sudamericano, Melgar, Colombia. (2018)<\/li>\n<li>Participaci\u00f3n en los JJPP de Lima 2019.<\/li>\n<li>7 t\u00edtulos nacionales.<\/li>\n<li>Participaci\u00f3n en Panamericano 2021, R\u00edo de Janeiro Brasil<\/li>\n<li>Perfeccionamientos en Espa\u00f1a por dos meses<\/li>\n<li>Participaci\u00f3n en Liga Espa\u00f1ola de Gimnasia R\u00edtmica<\/li>\n<li>Participaci\u00f3n en Grande Prix de Marbella<\/li>\n<li>Participaci\u00f3n en Mundial de Jap\u00f3n<\/li>\n<li>Finalista en todos los implementos en Campeonato Sudamericano en Cali, Colombia.<\/li>\n<li>Medallista de Bronce y Plata en los JJBB Valledupar 2022<\/li>\n<li>Participaci\u00f3n en Campeonato Panamericano 2021, R\u00edo de Janeiro, Brasil<\/li>\n<li>Perfeccionamiento en Espa\u00f1a por dos meses<\/li>\n<li>Finalista en todos los Implementos y All Around en los Juegos Sudamericanos, Asunci\u00f3n, Paraguay.<\/li>\n<li>Campeona nacional 2022 en all around, aro, bal\u00f3n, clavas y cinta.<\/li>\n<li>Finalista sudamericana en Aro, bal\u00f3n, clavas y cinta, en Paipa, Colombia.<\/li>\n<li>Tercer lugar implemento aro en sudamericano 2022, Paia, Colombia.<\/li>\n<\/ul>\n<p style=\"text-align: justify;\">\n<\/div>\n<\/div><\/section><\/div><div  style='height:50px' class='hr hr-invisible   avia-builder-el-6  el_after_av_one_full  el_before_av_social_share '><span class='hr-inner ' ><span class='hr-inner-style'><\/span><\/span><\/div><\/p>\n<div  class='av-social-sharing-box  avia-builder-el-7  el_after_av_hr  el_before_av_hr  '><div class='av-share-box'><h5 class='av-share-link-description av-no-toc '>Compartir esta noticia<\/h5><ul class='av-share-box-list noLightbox'><li class='av-share-link av-social-link-facebook' ><a target=\"_blank\" aria-label=\"Compartir en Facebook\" href='https:\/\/www.facebook.com\/sharer.php?u=https:\/\/radiorevelacionfm.cl\/?p=26144&#038;t=Campeona%20Nacional%20de%20Gimnasia%20R%C3%ADtmica%2C%20medallista%20Sudamericana%20y%20Panamericana%20realizar%C3%A1%20cl%C3%ADnica%20de%20perfeccionamiento%20para%20gimnastas%20de%20la%20regi%C3%B3n' aria-hidden='false' data-av_icon='\ue8f3' data-av_iconfont='entypo-fontello' title='' data-avia-related-tooltip='Compartir en Facebook' rel=\"noopener\"><span class='avia_hidden_link_text'>Compartir en Facebook<\/span><\/a><\/li><li class='av-share-link av-social-link-twitter' ><a target=\"_blank\" aria-label=\"Compartir en Twitter\" href='https:\/\/twitter.com\/share?text=Campeona%20Nacional%20de%20Gimnasia%20R%C3%ADtmica%2C%20medallista%20Sudamericana%20y%20Panamericana%20realizar%C3%A1%20cl%C3%ADnica%20de%20perfeccionamiento%20para%20gimnastas%20de%20la%20regi%C3%B3n&#038;url=https:\/\/radiorevelacionfm.cl\/?p=26144' aria-hidden='false' data-av_icon='\ue8f1' data-av_iconfont='entypo-fontello' title='' data-avia-related-tooltip='Compartir en Twitter' rel=\"noopener\"><span class='avia_hidden_link_text'>Compartir en Twitter<\/span><\/a><\/li><li class='av-share-link av-social-link-whatsapp' ><a target=\"_blank\" aria-label=\"Compartir en Whatsapp\" href='https:\/\/api.whatsapp.com\/send?text=https:\/\/radiorevelacionfm.cl\/?p=26144' aria-hidden='false' data-av_icon='\uf232' data-av_iconfont='entypo-fontello' title='' data-avia-related-tooltip='Compartir en Whatsapp' rel=\"noopener\"><span class='avia_hidden_link_text'>Compartir en Whatsapp<\/span><\/a><\/li><li class='av-share-link av-social-link-linkedin' ><a target=\"_blank\" aria-label=\"Compartir en LinkedIn\" href='https:\/\/linkedin.com\/shareArticle?mini=true&#038;title=Campeona%20Nacional%20de%20Gimnasia%20R%C3%ADtmica%2C%20medallista%20Sudamericana%20y%20Panamericana%20realizar%C3%A1%20cl%C3%ADnica%20de%20perfeccionamiento%20para%20gimnastas%20de%20la%20regi%C3%B3n&#038;url=https:\/\/radiorevelacionfm.cl\/?p=26144' aria-hidden='false' data-av_icon='\ue8fc' data-av_iconfont='entypo-fontello' title='' data-avia-related-tooltip='Compartir en LinkedIn' rel=\"noopener\"><span class='avia_hidden_link_text'>Compartir en LinkedIn<\/span><\/a><\/li><li class='av-share-link av-social-link-mail' ><a  aria-label=\"Compartir por correo\" href='mailto:?subject=Campeona%20Nacional%20de%20Gimnasia%20R%C3%ADtmica%2C%20medallista%20Sudamericana%20y%20Panamericana%20realizar%C3%A1%20cl%C3%ADnica%20de%20perfeccionamiento%20para%20gimnastas%20de%20la%20regi%C3%B3n&#038;body=https:\/\/radiorevelacionfm.cl\/?p=26144' aria-hidden='false' data-av_icon='\ue805' data-av_iconfont='entypo-fontello' title='' data-avia-related-tooltip='Compartir por correo'><span class='avia_hidden_link_text'>Compartir por correo<\/span><\/a><\/li><\/ul><\/div><\/div>\n<div  style='height:50px' class='hr hr-invisible   avia-builder-el-8  el_after_av_social_share  el_before_av_comments_list '><span class='hr-inner ' ><span class='hr-inner-style'><\/span><\/span><\/div>\n<div  class='av-buildercomment  av-blog-meta-html-info-disabled av-blog-meta-tag-disabled  '><\/div>\n","protected":false},"excerpt":{"rendered":"","protected":false},"author":1,"featured_media":26145,"comment_status":"open","ping_status":"open","sticky":false,"template":"","format":"standard","meta":{"footnotes":""},"categories":[40],"tags":[],"class_list":["post-26144","post","type-post","status-publish","format-standard","has-post-thumbnail","hentry","category-deportes"],"jetpack_featured_media_url":"https:\/\/radiorevelacionfm.cl\/wp-content\/uploads\/2023\/01\/javiera_optimized.jpg","_links":{"self":[{"href":"https:\/\/radiorevelacionfm.cl\/index.php?rest_route=\/wp\/v2\/posts\/26144","targetHints":{"allow":["GET"]}}],"collection":[{"href":"https:\/\/radiorevelacionfm.cl\/index.php?rest_route=\/wp\/v2\/posts"}],"about":[{"href":"https:\/\/radiorevelacionfm.cl\/index.php?rest_route=\/wp\/v2\/types\/post"}],"author":[{"embeddable":true,"href":"https:\/\/radiorevelacionfm.cl\/index.php?rest_route=\/wp\/v2\/users\/1"}],"replies":[{"embeddable":true,"href":"https:\/\/radiorevelacionfm.cl\/index.php?rest_route=%2Fwp%2Fv2%2Fcomments&post=26144"}],"version-history":[{"count":2,"href":"https:\/\/radiorevelacionfm.cl\/index.php?rest_route=\/wp\/v2\/posts\/26144\/revisions"}],"predecessor-version":[{"id":26150,"href":"https:\/\/radiorevelacionfm.cl\/index.php?rest_route=\/wp\/v2\/posts\/26144\/revisions\/26150"}],"wp:featuredmedia":[{"embeddable":true,"href":"https:\/\/radiorevelacionfm.cl\/index.php?rest_route=\/wp\/v2\/media\/26145"}],"wp:attachment":[{"href":"https:\/\/radiorevelacionfm.cl\/index.php?rest_route=%2Fwp%2Fv2%2Fmedia&parent=26144"}],"wp:term":[{"taxonomy":"category","embeddable":true,"href":"https:\/\/radiorevelacionfm.cl\/index.php?rest_route=%2Fwp%2Fv2%2Fcategories&post=26144"},{"taxonomy":"post_tag","embeddable":true,"href":"https:\/\/radiorevelacionfm.cl\/index.php?rest_route=%2Fwp%2Fv2%2Ftags&post=26144"}],"curies":[{"name":"wp","href":"https:\/\/api.w.org\/{rel}","templated":true}]}}