{"id":26141,"date":"2023-01-03T09:26:08","date_gmt":"2023-01-03T12:26:08","guid":{"rendered":"https:\/\/radiorevelacionfm.cl\/?p=26141"},"modified":"2023-01-03T09:26:08","modified_gmt":"2023-01-03T12:26:08","slug":"nueva-ambulancia-para-la-comunidad-aysenina","status":"publish","type":"post","link":"https:\/\/radiorevelacionfm.cl\/?p=26141","title":{"rendered":"Nueva Ambulancia para la comunidad aysenina"},"content":{"rendered":"<div class=\"flex_column av_one_full  flex_column_div av-zero-column-padding first  avia-builder-el-0  el_before_av_one_full  avia-builder-el-first  \" style='border-radius:0px; '><div  class='avia-image-container  av-styling-    avia-builder-el-1  avia-builder-el-no-sibling  avia-align-center '  itemprop=\"image\" itemscope=\"itemscope\" itemtype=\"https:\/\/schema.org\/ImageObject\"  ><div class='avia-image-container-inner'><div class='avia-image-overlay-wrap'><img decoding=\"async\" class='wp-image-26142 avia-img-lazy-loading-not-26142 avia_image' src=\"https:\/\/radiorevelacionfm.cl\/wp-content\/uploads\/2023\/01\/AMBULANCIA-AYSEN-1-1-1.jpeg\" alt='' title='AMBULANCIA AYS\u00c9N (1) (1) (1)' height=\"600\" width=\"800\"  itemprop=\"thumbnailUrl\" srcset=\"https:\/\/radiorevelacionfm.cl\/wp-content\/uploads\/2023\/01\/AMBULANCIA-AYSEN-1-1-1.jpeg 800w, https:\/\/radiorevelacionfm.cl\/wp-content\/uploads\/2023\/01\/AMBULANCIA-AYSEN-1-1-1-300x225.jpeg 300w, https:\/\/radiorevelacionfm.cl\/wp-content\/uploads\/2023\/01\/AMBULANCIA-AYSEN-1-1-1-768x576.jpeg 768w, https:\/\/radiorevelacionfm.cl\/wp-content\/uploads\/2023\/01\/AMBULANCIA-AYSEN-1-1-1-705x529.jpeg 705w, https:\/\/radiorevelacionfm.cl\/wp-content\/uploads\/2023\/01\/AMBULANCIA-AYSEN-1-1-1-600x450.jpeg 600w\" sizes=\"(max-width: 800px) 100vw, 800px\" \/><\/div><\/div><\/div><\/div><div class=\"flex_column av_one_full  flex_column_div av-zero-column-padding first  avia-builder-el-2  el_after_av_one_full  el_before_av_one_full  column-top-margin\" style='border-radius:0px; '><section class=\"av_textblock_section \"  itemscope=\"itemscope\" itemtype=\"https:\/\/schema.org\/BlogPosting\" itemprop=\"blogPost\" ><div class='avia_textblock  '   itemprop=\"text\" ><p style=\"text-align: center;\"><span style=\"font-size: 18pt;\"><b><span lang=\"ES\">Nueva Ambulancia para la comunidad aysenina<\/span><\/b><\/span><\/p>\n<div id=\"gtx-trans\" style=\"position: absolute; left: -50px; top: 4.31534px;\">\n<div class=\"gtx-trans-icon\"><\/div>\n<\/div>\n<\/div><\/section><\/div><div class=\"flex_column av_one_full  flex_column_div av-zero-column-padding first  avia-builder-el-4  el_after_av_one_full  el_before_av_hr  column-top-margin\" style='border-radius:0px; '><section class=\"av_textblock_section \"  itemscope=\"itemscope\" itemtype=\"https:\/\/schema.org\/BlogPosting\" itemprop=\"blogPost\" ><div class='avia_textblock  '   itemprop=\"text\" ><p style=\"font-weight: 400; text-align: justify;\">Una nueva Ambulancia de Emergencia recibi\u00f3 el SAMU base Puerto Ays\u00e9n de parte del Servicio de Salud, con una inversi\u00f3n de m\u00e1s de 107 millones de pesos y con recursos del Ministerio de Salud.<\/p>\n<p style=\"font-weight: 400; text-align: justify;\">Este proyecto de reposici\u00f3n, nace como respuesta a la renovaci\u00f3n de los veh\u00edculos de emergencia disponibles en la Red Asistencial, y que busca ofrecer una respuesta m\u00e1s oportuna y digna a sus usuarios. El equipamiento de la ambulancia considera adem\u00e1s equipo de telecomunicaciones y equipamiento cl\u00ednico-m\u00e9dico de atenci\u00f3n, entre otro equipamiento.<\/p>\n<p style=\"font-weight: 400; text-align: justify;\">La concejala de la Municipalidad de Ays\u00e9n, Tatiana Villarroel se\u00f1al\u00f3 que es \u201cuna noticia maravillosa la que se concreta hoy, es una necesidad permanente en nuestra comuna. Esperamos que estas iniciativas siguen in crescendo, que sigan entregando m\u00e1s recursos al Servicio de Salud, sobre todo en Puerto Ays\u00e9n cuando tenemos a una comunidad con desaz\u00f3n de que existe un cierto abandono en algunos sectores. Agradecer esta inyecci\u00f3n de recursos con esta reposici\u00f3n de nueva ambulancia\u201d, acot\u00f3.<\/p>\n<p style=\"font-weight: 400; text-align: justify;\">Respecto de esta reposici\u00f3n y de la importancia de contar con esta nueva ambulancia para la comunidad aysenina, Mauricio Cort\u00e9s, director (S) del Servicio de Salud Ays\u00e9n, indic\u00f3 que \u201cquiero destacar el esfuerzo de todo el equipo que logr\u00f3 tener esta ambulancia ac\u00e1. Se hizo el m\u00e1ximo esfuerzo y el resultado es el esperado, la ambulancia est\u00e1 entregada. No es solamente esta inversi\u00f3n, hay dos ambulancias que se adquirieron con fondos sectoriales a destinarse a Cochrane y Puerto Ib\u00e1\u00f1ez. Tambi\u00e9n compramos otra con fondos del Gobierno Regional que ser\u00e1 destinada a Chile Chico. No son acciones aisladas, el foco es seguir reponiendo nuestro parque vehicular de ambulancias y eso va a ser nuestro norte para ir avanzando el pr\u00f3ximo a\u00f1o\u201d.<\/p>\n<p style=\"font-weight: 400; text-align: justify;\">Por su parte, Carmen Gloria Monsalve, Seremi de Salud Ays\u00e9n, destac\u00f3 que \u201ces un hito sumamente importante y relevante para nuestra Red Asistencial, conociendo las complejidades territoriales y el rol fundamental que tiene nuestro Servicio de Atenci\u00f3n M\u00e9dica de Urgencia en su centro regulador. Se concreta algo muy anhelado que es la reposici\u00f3n de una ambulancia siniestrada y que fue financiada con fondos sectoriales. No es una acci\u00f3n aislada, se proyecta un trabajo colaborativo y potente para fortalecer la Red de Urgencia de nuestra Red Asistencial\u201d.<\/p>\n<p style=\"font-weight: 400; text-align: justify;\">Hern\u00e1n Barrientos, subdirector de Gesti\u00f3n Asistencial del SSA, respecto de los objetivos de ir avanzando en este tipo de equipamiento \u201cla prioridad que nos entrega el gobierno, nuestra ministra, es entregar calidad de atenci\u00f3n a los usuarios y usuarias. Esto viene a cumplir ese objetivo. Estamos muy contentos y en un trabajo coordinado para seguir reponiendo estos m\u00f3viles en la Red Asistencial\u201d.<\/p>\n<p style=\"font-weight: 400; text-align: justify;\">En tanto, Jorge Salfate, delegado presidencial provincial de Ays\u00e9n destac\u00f3 que \u201choy vemos c\u00f3mo se materializa el fortalecimiento de la red p\u00fablica en lo que respecta a algo tan importante, el ABC de la emergencia, la seguridad p\u00fablica, c\u00f3mo las ambulancias cuentan con mejores condiciones para poder atender las eventualidades y los llamados de los vecinos\u201d.<\/p>\n<p style=\"font-weight: 400; text-align: justify;\">V\u00edctor Amtahuer, kinesi\u00f3logo coordinador de SAMU base Puerto Ays\u00e9n precis\u00f3 que \u201cnos entrega un poco m\u00e1s de seguridad en los traslados secundarios que realizamos al Hospital Regional Coyhaique\u201d.<\/p>\n<p style=\"font-weight: 400; text-align: justify;\">La ceremonia de entrega del veh\u00edculo se realiz\u00f3 en dependencias de la Base Samu del Hospital de Puerto Ays\u00e9n, y fue encabezada por la Seremi de Salud Ays\u00e9n, Servicio de Salud Ays\u00e9n, autoridades comunales y del Consejo Consultivo del HPA.<\/p>\n<\/div><\/section><\/div><div  style='height:50px' class='hr hr-invisible   avia-builder-el-6  el_after_av_one_full  el_before_av_social_share '><span class='hr-inner ' ><span class='hr-inner-style'><\/span><\/span><\/div><\/p>\n<div  class='av-social-sharing-box  avia-builder-el-7  el_after_av_hr  el_before_av_hr  '><div class='av-share-box'><h5 class='av-share-link-description av-no-toc '>Compartir esta noticia<\/h5><ul class='av-share-box-list noLightbox'><li class='av-share-link av-social-link-facebook' ><a target=\"_blank\" aria-label=\"Compartir en Facebook\" href='https:\/\/www.facebook.com\/sharer.php?u=https:\/\/radiorevelacionfm.cl\/?p=26141&#038;t=Nueva%20Ambulancia%20para%20la%20comunidad%20aysenina' aria-hidden='false' data-av_icon='\ue8f3' data-av_iconfont='entypo-fontello' title='' data-avia-related-tooltip='Compartir en Facebook' rel=\"noopener\"><span class='avia_hidden_link_text'>Compartir en Facebook<\/span><\/a><\/li><li class='av-share-link av-social-link-twitter' ><a target=\"_blank\" aria-label=\"Compartir en Twitter\" href='https:\/\/twitter.com\/share?text=Nueva%20Ambulancia%20para%20la%20comunidad%20aysenina&#038;url=https:\/\/radiorevelacionfm.cl\/?p=26141' aria-hidden='false' data-av_icon='\ue8f1' data-av_iconfont='entypo-fontello' title='' data-avia-related-tooltip='Compartir en Twitter' rel=\"noopener\"><span class='avia_hidden_link_text'>Compartir en Twitter<\/span><\/a><\/li><li class='av-share-link av-social-link-whatsapp' ><a target=\"_blank\" aria-label=\"Compartir en Whatsapp\" href='https:\/\/api.whatsapp.com\/send?text=https:\/\/radiorevelacionfm.cl\/?p=26141' aria-hidden='false' data-av_icon='\uf232' data-av_iconfont='entypo-fontello' title='' data-avia-related-tooltip='Compartir en Whatsapp' rel=\"noopener\"><span class='avia_hidden_link_text'>Compartir en Whatsapp<\/span><\/a><\/li><li class='av-share-link av-social-link-linkedin' ><a target=\"_blank\" aria-label=\"Compartir en LinkedIn\" href='https:\/\/linkedin.com\/shareArticle?mini=true&#038;title=Nueva%20Ambulancia%20para%20la%20comunidad%20aysenina&#038;url=https:\/\/radiorevelacionfm.cl\/?p=26141' aria-hidden='false' data-av_icon='\ue8fc' data-av_iconfont='entypo-fontello' title='' data-avia-related-tooltip='Compartir en LinkedIn' rel=\"noopener\"><span class='avia_hidden_link_text'>Compartir en LinkedIn<\/span><\/a><\/li><li class='av-share-link av-social-link-mail' ><a  aria-label=\"Compartir por correo\" href='mailto:?subject=Nueva%20Ambulancia%20para%20la%20comunidad%20aysenina&#038;body=https:\/\/radiorevelacionfm.cl\/?p=26141' aria-hidden='false' data-av_icon='\ue805' data-av_iconfont='entypo-fontello' title='' data-avia-related-tooltip='Compartir por correo'><span class='avia_hidden_link_text'>Compartir por correo<\/span><\/a><\/li><\/ul><\/div><\/div>\n<div  style='height:50px' class='hr hr-invisible   avia-builder-el-8  el_after_av_social_share  el_before_av_comments_list '><span class='hr-inner ' ><span class='hr-inner-style'><\/span><\/span><\/div>\n<div  class='av-buildercomment  av-blog-meta-html-info-disabled av-blog-meta-tag-disabled  '><\/div>\n","protected":false},"excerpt":{"rendered":"","protected":false},"author":1,"featured_media":26142,"comment_status":"open","ping_status":"open","sticky":false,"template":"","format":"standard","meta":{"footnotes":""},"categories":[46],"tags":[],"class_list":["post-26141","post","type-post","status-publish","format-standard","has-post-thumbnail","hentry","category-salud"],"jetpack_featured_media_url":"https:\/\/radiorevelacionfm.cl\/wp-content\/uploads\/2023\/01\/AMBULANCIA-AYSEN-1-1-1.jpeg","_links":{"self":[{"href":"https:\/\/radiorevelacionfm.cl\/index.php?rest_route=\/wp\/v2\/posts\/26141","targetHints":{"allow":["GET"]}}],"collection":[{"href":"https:\/\/radiorevelacionfm.cl\/index.php?rest_route=\/wp\/v2\/posts"}],"about":[{"href":"https:\/\/radiorevelacionfm.cl\/index.php?rest_route=\/wp\/v2\/types\/post"}],"author":[{"embeddable":true,"href":"https:\/\/radiorevelacionfm.cl\/index.php?rest_route=\/wp\/v2\/users\/1"}],"replies":[{"embeddable":true,"href":"https:\/\/radiorevelacionfm.cl\/index.php?rest_route=%2Fwp%2Fv2%2Fcomments&post=26141"}],"version-history":[{"count":2,"href":"https:\/\/radiorevelacionfm.cl\/index.php?rest_route=\/wp\/v2\/posts\/26141\/revisions"}],"predecessor-version":[{"id":26148,"href":"https:\/\/radiorevelacionfm.cl\/index.php?rest_route=\/wp\/v2\/posts\/26141\/revisions\/26148"}],"wp:featuredmedia":[{"embeddable":true,"href":"https:\/\/radiorevelacionfm.cl\/index.php?rest_route=\/wp\/v2\/media\/26142"}],"wp:attachment":[{"href":"https:\/\/radiorevelacionfm.cl\/index.php?rest_route=%2Fwp%2Fv2%2Fmedia&parent=26141"}],"wp:term":[{"taxonomy":"category","embeddable":true,"href":"https:\/\/radiorevelacionfm.cl\/index.php?rest_route=%2Fwp%2Fv2%2Fcategories&post=26141"},{"taxonomy":"post_tag","embeddable":true,"href":"https:\/\/radiorevelacionfm.cl\/index.php?rest_route=%2Fwp%2Fv2%2Ftags&post=26141"}],"curies":[{"name":"wp","href":"https:\/\/api.w.org\/{rel}","templated":true}]}}