{"id":2614,"date":"2021-02-15T12:50:12","date_gmt":"2021-02-15T15:50:12","guid":{"rendered":"https:\/\/radiorevelacionfm.cl\/?p=2614"},"modified":"2021-02-15T12:50:12","modified_gmt":"2021-02-15T15:50:12","slug":"raul-rudolphi-lanzo-oficialmente-su-campana-para-gobernador-regional-de-aysen-recorriendo-localidades-de-norte-a-sur","status":"publish","type":"post","link":"https:\/\/radiorevelacionfm.cl\/?p=2614","title":{"rendered":"Ra\u00fal Rudolphi lanz\u00f3 oficialmente su campa\u00f1a para Gobernador Regional de Ays\u00e9n recorriendo localidades de norte a sur"},"content":{"rendered":"<div class=\"flex_column av_one_full  flex_column_div av-zero-column-padding first  avia-builder-el-0  el_before_av_one_full  avia-builder-el-first  \" style='border-radius:0px; '><div  class='avia-image-container  av-styling-    avia-builder-el-1  avia-builder-el-no-sibling  avia-align-center '  itemprop=\"image\" itemscope=\"itemscope\" itemtype=\"https:\/\/schema.org\/ImageObject\"  ><div class='avia-image-container-inner'><div class='avia-image-overlay-wrap'><img decoding=\"async\" class='wp-image-0 avia-img-lazy-loading-not-0 avia_image' src=\"https:\/\/radiorevelacionfm.cl\/wp-content\/uploads\/2021\/02\/lanzamiento-rudolphi-1068x813_optimized.jpeg\" alt='' title=''   itemprop=\"thumbnailUrl\"  \/><\/div><\/div><\/div><\/div><div class=\"flex_column av_one_full  flex_column_div av-zero-column-padding first  avia-builder-el-2  el_after_av_one_full  el_before_av_one_full  column-top-margin\" style='border-radius:0px; '><section class=\"av_textblock_section \"  itemscope=\"itemscope\" itemtype=\"https:\/\/schema.org\/BlogPosting\" itemprop=\"blogPost\" ><div class='avia_textblock  '   itemprop=\"text\" ><p style=\"text-align: center;\"><span style=\"font-size: 18pt;\"><strong>Ra\u00fal Rudolphi lanz\u00f3 oficialmente su campa\u00f1a para Gobernador Regional de Ays\u00e9n recorriendo localidades de norte a sur<\/strong><\/span><\/p>\n<div id=\"gtx-trans\" style=\"position: absolute; left: -50px; top: 4.31534px;\">\n<div class=\"gtx-trans-icon\"><\/div>\n<\/div>\n<\/div><\/section><\/div><div class=\"flex_column av_one_full  flex_column_div av-zero-column-padding first  avia-builder-el-4  el_after_av_one_full  el_before_av_hr  column-top-margin\" style='border-radius:0px; '><section class=\"av_textblock_section \"  itemscope=\"itemscope\" itemtype=\"https:\/\/schema.org\/BlogPosting\" itemprop=\"blogPost\" ><div class='avia_textblock  '   itemprop=\"text\" ><p style=\"text-align: justify;\">Con una invitaci\u00f3n abierta para toda la comunidad, bajo el eslogan \u201cS\u00famate al desaf\u00edo 2025\u201d, Ra\u00fal Rudolphi busca ser electo en abril como el primer Gobernador de la Regi\u00f3n de Ays\u00e9n.<\/p>\n<p style=\"text-align: justify;\">El candidato \u00fanico de Chile Vamos, comenz\u00f3 su campa\u00f1a recorriendo el territorio de extremo a extremo desde O`Higgins a Melinka, recogiendo las opiniones y necesidades de las y los ayseninos de Ra\u00fal Mar\u00edn Balmaceda, Cochrane, Tortel, O`Higgins, Ib\u00e1\u00f1ez, Chile Chico, Guadal, Bertrand, Mall\u00edn Grande, Leones, El Furioso, Las Horquetas, Ceballos, Melinka, Repollal, Murta, Puerto S\u00e1nchez, Puerto Cisnes, Puyuhuapi, La Junta y Lago Verde, con el fin de conocer las demandas de la ciudadan\u00eda y dar conocer el plan de trabajo.<\/p>\n<p style=\"text-align: justify;\">Concluida la primera parte de la gira por el territorio, Rudolphi, se\u00f1al\u00f3: \u201cla elecci\u00f3n de diecis\u00e9is Gobernadores Regionales en Chile es un paso hacia delante en descentralizaci\u00f3n, coherente con ello se mantiene el compromiso en la acci\u00f3n y gesti\u00f3n, al iniciar nuestros recorridos por las localidades m\u00e1s aisladas y extremas, las del Sur, del Litoral y zona Norte; entendiendo que el desaf\u00edo es nivelar la cancha entre el litoral, el campo y la ciudad, de forma equitativa, seg\u00fan las necesidades de cada territorio, junto con liderar una gesti\u00f3n p\u00fablica que nos permita generar oportunidades y sumar recursos, p\u00fablicos y privados, para concretar programas y proyectos en las diez comunas de nuestra Regi\u00f3n, y a trav\u00e9s de los seis ejes de nuestro Programa\u201d.<\/p>\n<p style=\"text-align: justify;\">Por otra, respecto a los puntos claves de su plan, agreg\u00f3: \u201clos recorridos permiten mantener sinton\u00eda fina con los intereses e inquietudes de las comunidades, reconociendo que no solo es suficiente sumar recursos, la idea de construir desde y para las comunidades y territorios, generando los espacios de participaci\u00f3n; una tarea pendiente, pues se debe tener una pol\u00edtica de participaci\u00f3n ciudadana efectiva y en mi caso, no s\u00f3lo generando espacios consultivos sino tambi\u00e9n vinculantes, por ejemplo con incidencia directa en materia de iniciativas, como por ejemplo, en recursos del 6% social, cultural, deportivo, ambiental y seguridad p\u00fablica\u201d.<\/p>\n<p style=\"text-align: justify;\">La elecci\u00f3n del cargo del nuevo gobernador regional es hist\u00f3rico, ya que, viene a entregar mayor autonom\u00eda a las regiones y en donde el liderazgo que se ejerza ser\u00e1 clave para representar los intereses de nuestra regi\u00f3n, a todo nivel, en un programa que tiene como objetivo generar polos de desarrollo, sustentable y sostenible, con amplia participaci\u00f3n ciudadana, respetando y potenciando las vocaciones e intereses propias de cada comunidad, reconociendo que est\u00e1 en el centro de la gesti\u00f3n que propone, las familias y los habitantes de Ays\u00e9n.<\/p>\n<\/div><\/section><\/div><div  style='height:50px' class='hr hr-invisible   avia-builder-el-6  el_after_av_one_full  el_before_av_social_share '><span class='hr-inner ' ><span class='hr-inner-style'><\/span><\/span><\/div><\/p>\n<div  class='av-social-sharing-box  avia-builder-el-7  el_after_av_hr  el_before_av_hr  '><div class='av-share-box'><h5 class='av-share-link-description av-no-toc '>Compartir esta noticia<\/h5><ul class='av-share-box-list noLightbox'><li class='av-share-link av-social-link-facebook' ><a target=\"_blank\" aria-label=\"Compartir en Facebook\" href='https:\/\/www.facebook.com\/sharer.php?u=https:\/\/radiorevelacionfm.cl\/?p=2614&#038;t=Ra%C3%BAl%20Rudolphi%20lanz%C3%B3%20oficialmente%20su%20campa%C3%B1a%20para%20Gobernador%20Regional%20de%20Ays%C3%A9n%20recorriendo%20localidades%20de%20norte%20a%20sur' aria-hidden='false' data-av_icon='\ue8f3' data-av_iconfont='entypo-fontello' title='' data-avia-related-tooltip='Compartir en Facebook' rel=\"noopener\"><span class='avia_hidden_link_text'>Compartir en Facebook<\/span><\/a><\/li><li class='av-share-link av-social-link-twitter' ><a target=\"_blank\" aria-label=\"Compartir en Twitter\" href='https:\/\/twitter.com\/share?text=Ra%C3%BAl%20Rudolphi%20lanz%C3%B3%20oficialmente%20su%20campa%C3%B1a%20para%20Gobernador%20Regional%20de%20Ays%C3%A9n%20recorriendo%20localidades%20de%20norte%20a%20sur&#038;url=https:\/\/radiorevelacionfm.cl\/?p=2614' aria-hidden='false' data-av_icon='\ue8f1' data-av_iconfont='entypo-fontello' title='' data-avia-related-tooltip='Compartir en Twitter' rel=\"noopener\"><span class='avia_hidden_link_text'>Compartir en Twitter<\/span><\/a><\/li><li class='av-share-link av-social-link-whatsapp' ><a target=\"_blank\" aria-label=\"Compartir en Whatsapp\" href='https:\/\/api.whatsapp.com\/send?text=https:\/\/radiorevelacionfm.cl\/?p=2614' aria-hidden='false' data-av_icon='\uf232' data-av_iconfont='entypo-fontello' title='' data-avia-related-tooltip='Compartir en Whatsapp' rel=\"noopener\"><span class='avia_hidden_link_text'>Compartir en Whatsapp<\/span><\/a><\/li><li class='av-share-link av-social-link-linkedin' ><a target=\"_blank\" aria-label=\"Compartir en LinkedIn\" href='https:\/\/linkedin.com\/shareArticle?mini=true&#038;title=Ra%C3%BAl%20Rudolphi%20lanz%C3%B3%20oficialmente%20su%20campa%C3%B1a%20para%20Gobernador%20Regional%20de%20Ays%C3%A9n%20recorriendo%20localidades%20de%20norte%20a%20sur&#038;url=https:\/\/radiorevelacionfm.cl\/?p=2614' aria-hidden='false' data-av_icon='\ue8fc' data-av_iconfont='entypo-fontello' title='' data-avia-related-tooltip='Compartir en LinkedIn' rel=\"noopener\"><span class='avia_hidden_link_text'>Compartir en LinkedIn<\/span><\/a><\/li><li class='av-share-link av-social-link-mail' ><a  aria-label=\"Compartir por correo\" href='mailto:?subject=Ra%C3%BAl%20Rudolphi%20lanz%C3%B3%20oficialmente%20su%20campa%C3%B1a%20para%20Gobernador%20Regional%20de%20Ays%C3%A9n%20recorriendo%20localidades%20de%20norte%20a%20sur&#038;body=https:\/\/radiorevelacionfm.cl\/?p=2614' aria-hidden='false' data-av_icon='\ue805' data-av_iconfont='entypo-fontello' title='' data-avia-related-tooltip='Compartir por correo'><span class='avia_hidden_link_text'>Compartir por correo<\/span><\/a><\/li><\/ul><\/div><\/div>\n<div  style='height:50px' class='hr hr-invisible   avia-builder-el-8  el_after_av_social_share  el_before_av_comments_list '><span class='hr-inner ' ><span class='hr-inner-style'><\/span><\/span><\/div>\n<div  class='av-buildercomment  av-blog-meta-html-info-disabled av-blog-meta-tag-disabled  '><\/div>\n","protected":false},"excerpt":{"rendered":"","protected":false},"author":1,"featured_media":0,"comment_status":"open","ping_status":"open","sticky":false,"template":"","format":"standard","meta":{"footnotes":""},"categories":[35],"tags":[],"class_list":["post-2614","post","type-post","status-publish","format-standard","hentry","category-politica"],"jetpack_featured_media_url":"","_links":{"self":[{"href":"https:\/\/radiorevelacionfm.cl\/index.php?rest_route=\/wp\/v2\/posts\/2614","targetHints":{"allow":["GET"]}}],"collection":[{"href":"https:\/\/radiorevelacionfm.cl\/index.php?rest_route=\/wp\/v2\/posts"}],"about":[{"href":"https:\/\/radiorevelacionfm.cl\/index.php?rest_route=\/wp\/v2\/types\/post"}],"author":[{"embeddable":true,"href":"https:\/\/radiorevelacionfm.cl\/index.php?rest_route=\/wp\/v2\/users\/1"}],"replies":[{"embeddable":true,"href":"https:\/\/radiorevelacionfm.cl\/index.php?rest_route=%2Fwp%2Fv2%2Fcomments&post=2614"}],"version-history":[{"count":1,"href":"https:\/\/radiorevelacionfm.cl\/index.php?rest_route=\/wp\/v2\/posts\/2614\/revisions"}],"predecessor-version":[{"id":2616,"href":"https:\/\/radiorevelacionfm.cl\/index.php?rest_route=\/wp\/v2\/posts\/2614\/revisions\/2616"}],"wp:attachment":[{"href":"https:\/\/radiorevelacionfm.cl\/index.php?rest_route=%2Fwp%2Fv2%2Fmedia&parent=2614"}],"wp:term":[{"taxonomy":"category","embeddable":true,"href":"https:\/\/radiorevelacionfm.cl\/index.php?rest_route=%2Fwp%2Fv2%2Fcategories&post=2614"},{"taxonomy":"post_tag","embeddable":true,"href":"https:\/\/radiorevelacionfm.cl\/index.php?rest_route=%2Fwp%2Fv2%2Ftags&post=2614"}],"curies":[{"name":"wp","href":"https:\/\/api.w.org\/{rel}","templated":true}]}}