{"id":26139,"date":"2023-01-03T12:52:28","date_gmt":"2023-01-03T15:52:28","guid":{"rendered":"https:\/\/radiorevelacionfm.cl\/?p=26139"},"modified":"2023-01-03T12:52:28","modified_gmt":"2023-01-03T15:52:28","slug":"en-su-aniversario-sernameg-reafirma-su-compromiso-en-fortalecer-las-autonomias-de-las-mujeres","status":"publish","type":"post","link":"https:\/\/radiorevelacionfm.cl\/?p=26139","title":{"rendered":"En su aniversario SernamEG reafirma su compromiso en fortalecer las autonom\u00edas de las mujeres"},"content":{"rendered":"<div class=\"flex_column av_one_full  flex_column_div av-zero-column-padding first  avia-builder-el-0  el_before_av_one_full  avia-builder-el-first  \" style='border-radius:0px; '><div  class='avia-image-container  av-styling-    avia-builder-el-1  avia-builder-el-no-sibling  avia-align-center '  itemprop=\"image\" itemscope=\"itemscope\" itemtype=\"https:\/\/schema.org\/ImageObject\"  ><div class='avia-image-container-inner'><div class='avia-image-overlay-wrap'><img decoding=\"async\" class='wp-image-18540 avia-img-lazy-loading-not-18540 avia_image' src=\"https:\/\/radiorevelacionfm.cl\/wp-content\/uploads\/2022\/06\/sernameg-taller-bomberos-13-1_optimized.jpg\" alt='' title='sernameg-taller-bomberos-(13)-(1)_optimized' height=\"600\" width=\"948\"  itemprop=\"thumbnailUrl\" srcset=\"https:\/\/radiorevelacionfm.cl\/wp-content\/uploads\/2022\/06\/sernameg-taller-bomberos-13-1_optimized.jpg 948w, https:\/\/radiorevelacionfm.cl\/wp-content\/uploads\/2022\/06\/sernameg-taller-bomberos-13-1_optimized-300x190.jpg 300w, https:\/\/radiorevelacionfm.cl\/wp-content\/uploads\/2022\/06\/sernameg-taller-bomberos-13-1_optimized-768x486.jpg 768w, https:\/\/radiorevelacionfm.cl\/wp-content\/uploads\/2022\/06\/sernameg-taller-bomberos-13-1_optimized-705x446.jpg 705w, https:\/\/radiorevelacionfm.cl\/wp-content\/uploads\/2022\/06\/sernameg-taller-bomberos-13-1_optimized-600x380.jpg 600w\" sizes=\"(max-width: 948px) 100vw, 948px\" \/><\/div><\/div><\/div><\/div><div class=\"flex_column av_one_full  flex_column_div av-zero-column-padding first  avia-builder-el-2  el_after_av_one_full  el_before_av_one_full  column-top-margin\" style='border-radius:0px; '><section class=\"av_textblock_section \"  itemscope=\"itemscope\" itemtype=\"https:\/\/schema.org\/BlogPosting\" itemprop=\"blogPost\" ><div class='avia_textblock  '   itemprop=\"text\" ><p style=\"text-align: center;\"><strong><span style=\"font-size: 18pt;\">En su aniversario SernamEG reafirma su compromiso en fortalecer las autonom\u00edas de las mujeres<\/span><\/strong><\/p>\n<div id=\"gtx-trans\" style=\"position: absolute; left: -50px; top: 4.31534px;\">\n<div class=\"gtx-trans-icon\"><\/div>\n<\/div>\n<\/div><\/section><\/div><div class=\"flex_column av_one_full  flex_column_div av-zero-column-padding first  avia-builder-el-4  el_after_av_one_full  el_before_av_hr  column-top-margin\" style='border-radius:0px; '><section class=\"av_textblock_section \"  itemscope=\"itemscope\" itemtype=\"https:\/\/schema.org\/BlogPosting\" itemprop=\"blogPost\" ><div class='avia_textblock  '   itemprop=\"text\" ><p style=\"font-weight: 400; text-align: justify;\">Durante m\u00e1s de tres d\u00e9cadas, el Servicio Nacional de la Mujer y la Equidad de G\u00e9nero, SernamEG, ha cumplido la misi\u00f3n de fortalecer las autonom\u00edas, as\u00ed como el ejercicio pleno de los derechos y deberes de la diversidad de las mujeres; a trav\u00e9s de la implementaci\u00f3n y ejecuci\u00f3n de Pol\u00edticas, Planes y Programas de Igualdad y Equidad de G\u00e9nero. Luego de su creaci\u00f3n por el Gobierno de Chile, un 03 de enero de 1991 a trav\u00e9s de la Ley N\u00b0 19.023.<\/p>\n<p style=\"font-weight: 400; text-align: justify;\">\u201cEs indudable que los \u00faltimos a\u00f1os han sido desafiantes para las instituciones p\u00fablicas, en responder las necesidades de la ciudadan\u00eda; especialmente para las mujeres, debido a las brechas de g\u00e9nero que a\u00fan persisten en nuestra sociedad y que se agudizaron producto de la pandemia por el COVID-19. Como Servicio nos adaptamos desde un comienzo para afrontar esta nueva realidad con la digitalizaci\u00f3n de nuestros programas; y el 2002, tuvo como principal caracter\u00edstica la transici\u00f3n hacia retomar la presencialidad. Tenemos claridad que las condiciones previas al a\u00f1o 2020 requerir\u00e1n tiempo para poder alcanzarlas. Es por ello que reafirmamos nuestro compromiso, con cada una de las ayseninas, para hacer nuestro mejor esfuerzo en pos de que puedan alcanzar y\/o mantener sus autonom\u00edas f\u00edsica, econ\u00f3mica y pol\u00edtica\u201d afirm\u00f3 la Directora Regional (S) de SernamEG, Carla Arriagada Malague\u00f1o.<\/p>\n<p style=\"font-weight: 400; text-align: justify;\"><strong>ACTIVIDADES ORGANIZADAS CON EL INTERSECTOR<\/strong><\/p>\n<p style=\"font-weight: 400; text-align: justify;\">En materia de violencia extrema contra las mujeres, se realizaron dos iniciativas masivas que tuvieron como objetivo contribuir a sensibilizar sobre la violencia de g\u00e9nero; teniendo presente el abordaje integral, tanto a v\u00edctimas como a las dem\u00e1s personas afectadas y que incluye a la comunidad; cuando ocurren hechos de violencia extrema. La primera de ellas fue la Jornada \u00abY despu\u00e9s del Femicidio \u00bfQu\u00e9?\u00bb realizada en agosto, organizada por el Circuito Intersectorial de Femicidio. Y un segundo evento, al que asistieron en promedio unas 100 personas, esta vez de car\u00e1cter virtual y en formato de seminario denominado \u201c Femicidio:\u00a0aprendizajes y desaf\u00edos para el Estado a dos a\u00f1os de la Ley Gabriela\u201d, levantado con la Fiscal\u00eda Regional de Ays\u00e9n. La actividad se enmarc\u00f3 en el D\u00eda Nacional contra el Femicidio, que se conmemora cada 19 de diciembre, a partir del a\u00f1o 2020. Efem\u00e9ride oficial que busca recordar a las v\u00edctimas de la expresi\u00f3n m\u00e1s grave de violencia de g\u00e9nero y sensibilizar sobre esta problem\u00e1tica sociocultural.<\/p>\n<p style=\"font-weight: 400; text-align: justify;\"><strong>AUTONOM\u00cdA F\u00cdSICA<\/strong><\/p>\n<p style=\"font-weight: 400; text-align: justify;\">La autoridad regional (S) destac\u00f3 que en total 209<strong>\u00a0<\/strong>mujeres accedieron a la intervenci\u00f3n psicosocial en los centros de la mujer, ubicados en Puerto Ays\u00e9n y Coyhaique, mientras que el Centro de Reeducaci\u00f3n de Hombres que Ejercen Violencia de Pareja atendi\u00f3 a 60 hombres, m\u00e1s 13 usuarios de\u00a0arrastre. \u201cRespecto a las cifras de este \u00faltimo dispositivo 20 de ellos fueron por demanda espont\u00e1nea; es decir, que de forma libre tomaron la decisi\u00f3n de acercarse y desaprender conductas y patrones socioculturales, que est\u00e1n a la base de la violencia que ejercen contra sus parejas o exparejas. Es importante mencionar que todos los centros trabajan de forma colaborativa entre s\u00ed, ya que comparten un objetivo conjunto, que busca disminuir los niveles de violencia hacia las mujeres, favoreciendo su seguridad y protecci\u00f3n y, mejorar la calidad de vida de las mismas a trav\u00e9s de una respuesta especializada e inmediata, que consiste para ellas, representaci\u00f3n legal y una atenci\u00f3n ambulatoria adecuada con una dupla psicosocial\u201d.<\/p>\n<p style=\"font-weight: 400; text-align: justify;\">El a\u00f1o 2022 el programa de Prevenci\u00f3n en Violencia contra las Mujeres, que se ejecuta en las comunas de Ays\u00e9n y Coyhaique v\u00eda convenio con los municipios, permiti\u00f3 la capacitaci\u00f3n de 404 personas entre monitoras\/es comunitarias\/os y agentes preventivos; asimismo, otras 687 participaron en talleres de sensibilizaci\u00f3n. Por su parte, las mesas intersectoriales que abordan esta tem\u00e1tica en ambos territorios organizaron diversas actividades, entre las que destaca la Feria Preventiva para la comunidad educativa del Liceo Josefina Aguirre Montenegro en Coyhaique. En tanto, en Puerto Ays\u00e9n se realizaron dos seminarios: \u201cEstrategias y herramientas para abordar las violencias en las juventudes\u201d y \u201cDerechos humanos, g\u00e9nero y detecci\u00f3n oportuna\u201d.<\/p>\n<p style=\"font-weight: 400; text-align: justify;\">El desconocimiento de los derechos, provoca la ausencia del ejercicio de estos; por ello el programa Mujeres, Derechos Sexuales y Reproductivos &#8211; en convenio con la Municipalidad de Coyhaique- posibilit\u00f3 la entrega de herramientas para el empoderamiento y el fortalecimiento de la autonom\u00eda f\u00edsica de mujeres y j\u00f3venes. En total, fueron 235 personas las que participaron en los talleres que se focalizan en j\u00f3venes de 14 a 19 a\u00f1os; embarazadas y madres adolescentes de 14 a 19 a\u00f1os; y mujeres de 20 a\u00f1os y m\u00e1s. Otra de sus l\u00edneas corresponde a atenciones personalizadas que beneficiaron a 128 personas. Respecto a las jornadas de prevenci\u00f3n que tambi\u00e9n contempla este modelo program\u00e1tico permiti\u00f3 la participaci\u00f3n de 426 personas.<\/p>\n<p style=\"font-weight: 400; text-align: justify;\"><strong>AUTONOM\u00cdA ECON\u00d3MICA<\/strong><\/p>\n<p style=\"font-weight: 400; text-align: justify;\">Las brechas de acceso y oportunidades, que presentan las mujeres en el \u00e1mbito del trabajo a nivel regional, se vinculan entre otros aspectos al uso del tiempo y responsabilidades del cuidado de otras personas, ya sean menores, adultos mayores o personas con necesidades especiales; lo que dificulta la permanencia y continuidad en el trabajo asalariado de las mujeres, as\u00ed como en los negocios o emprendimientos, en el caso del trabajo por cuenta propia. En esa l\u00ednea, SernamEG desarroll\u00f3 tres modelos program\u00e1ticos que proporcionan a las participantes apoyos transversales para que alcancen y\/o mantengan su autonom\u00eda econ\u00f3mica.<\/p>\n<p style=\"font-weight: 400; text-align: justify;\">El programa Mujeres Jefas de Hogar benefici\u00f3 a 180 mujeres en la comuna de Ays\u00e9n, de ellas 90 preven\u00edan del a\u00f1o anterior, terminando su proceso el 2022, a las que se sumaron 90 nuevas participantes, ingreso 2022, que culminar\u00e1n su Proyecto Laboral a mediados del 2023. Entre las iniciativas m\u00e1s destacadas est\u00e1 su participaci\u00f3n en la capacitaci\u00f3n en l\u00ednea denominada \u201cPlan de fortalecimiento a las iniciativas productivas\u201d, cuya finalidad fue promover\u00a0la adaptaci\u00f3n y mejoramiento de la gesti\u00f3n de los negocios de las participantes, en el marco de la crisis sanitaria por el COVID- 19.<\/p>\n<p style=\"font-weight: 400; text-align: justify;\">En tanto, el programa Mujer Emprende benefici\u00f3 a 49 mujeres con su Escuela,\u00a0especialmente dise\u00f1ada para compatibilizar un proceso de formaci\u00f3n con las responsabilidades asociadas al hogar, el cuidado de personas y el desarrollo de un negocio. Fueron\u00a0cinco meses de formaci\u00f3n, el que\u00a0contempl\u00f3 talleres presenciales y virtuales. Finalmente, en octubre y noviembre, realizaron los denominados acompa\u00f1amientos personalizados que consisten en el apoyo a las participantes en la formulaci\u00f3n y organizaci\u00f3n de sus planes de negocios.<\/p>\n<p style=\"font-weight: 400; text-align: justify;\">El modelo program\u00e1tico organiz\u00f3 tres ferias durante el a\u00f1o pasado, dos de ellas como parte integrante de la Mesa de la Mujer Ind\u00edgena, instancia p\u00fablico &#8211; privada,\u00a0integrada por agrupaciones, asociaciones y comunidades mapuche de la comuna de Coyhaique; en conjunto con la Corporaci\u00f3n Nacional de Desarrollo Ind\u00edgena, CONADI. En ambas ocasiones, participaron m\u00e1s de 20 expositoras quienes tuvieron la oportunidad de difundir la cultura de los pueblos originarios. 34 emprendedoras asistieron al \u00faltimo evento productivo denominado Feria Boulevard SernamEG 2022, que se realiz\u00f3 en el marco del D\u00eda Internacional de la Eliminaci\u00f3n de la Violencia contra las Mujeres.<\/p>\n<p style=\"font-weight: 400; text-align: justify;\">Durante el a\u00f1o 2022 el programa 4 a 7 benefici\u00f3 a 132 mujeres que accedieron a talleres diferenciados seg\u00fan su perfil laboral y a la entrega de informaci\u00f3n laboral personalizada. Asimismo, tuvieron la opci\u00f3n de ser derivadas al intersector. En esa l\u00ednea, participantes en Chile Chico fueron parte del programa \u2018Digital\u00edzate para el Trabajo\u2019 del Servicio Nacional de Capacitaci\u00f3n y Empleo, SENCE. Respecto al servicio de cuidado infantil integral para las ni\u00f1as y ni\u00f1os de 6 a 13 a\u00f1os que est\u00e9n a cargo del cuidado de las mujeres participantes, durante el presente a\u00f1o fueron atendidas 175 personas; repartidas en los 4 establecimientos educacionales en los que se desarrollan los talleres. Espec\u00edficamente, en la Escuela Almirante Simpson de Puerto Chacabuco, Escuela B\u00e1sica de Chile Chico y en Puerto Ays\u00e9n &#8211; escuelas Litoral Austral y Poetisa Gabriela Mistral-.<\/p>\n<p style=\"font-weight: 400; text-align: justify;\"><strong>AUTONOM\u00cdA POL\u00cdTICA<\/strong><\/p>\n<p style=\"font-weight: 400; text-align: justify;\">Este 2023, se ejecutar\u00e1n las iniciativas que resultaron ganadoras del Fondo Equidad de G\u00e9nero 2022, iniciativa del Ministerio de la Mujer y la Equidad de G\u00e9nero, ejecutada por SernamEG. Al respecto, la Directora Regional (S) de SernamEG, Carla Arriagada Malague\u00f1o, manifest\u00f3 que \u201cnuevamente uno de los proyectos ganadores se realizar\u00e1 en el extremo sur de la regi\u00f3n de Ays\u00e9n, lo que es muy positivo ya que descentraliza la inversi\u00f3n de recursos en iniciativas para las ayseninas que viven en sectores m\u00e1s apartados\u201d.\u00a0 En esa l\u00ednea, la autoridad regional (S) tambi\u00e9n resalt\u00f3 otra de las acciones que lleva adelante el programa Mujer y Participaci\u00f3n Pol\u00edtica y Social que corresponde a la Escuela de Mujeres L\u00edderes Pol\u00edticas y Sociales, cuyo objetivo fue fortalecer las habilidades de sus 40 participantes para el ejercicio de sus liderazgos de forma efectiva. As\u00ed mismo, las actividades de sensibilizaci\u00f3n tuvieron como objetivo poner a disposici\u00f3n de las participantes, elementos que aporten a su preparaci\u00f3n y mejora de habilidades para el ejercicio de un liderazgo efectivo, creciente y con enfoque de g\u00e9nero; en las organizaciones de la sociedad civil.<\/p>\n<p style=\"font-weight: 400; text-align: justify;\">Finalmente, la Directora Regional (S) de SernamEG, Carla Arriagada Malague\u00f1o, agradeci\u00f3 y reconoci\u00f3 el compromiso en el trabajo llevado a cabo por el equipo completo de la direcci\u00f3n regional, as\u00ed como tambi\u00e9n de los equipos comunales de los diferentes modelos program\u00e1ticos instalados a nivel regional, v\u00eda convenio con los municipios de Ays\u00e9n, Coyhaique y Chile Chico.<\/p>\n<\/div><\/section><\/div><div  style='height:50px' class='hr hr-invisible   avia-builder-el-6  el_after_av_one_full  el_before_av_social_share '><span class='hr-inner ' ><span class='hr-inner-style'><\/span><\/span><\/div><\/p>\n<div  class='av-social-sharing-box  avia-builder-el-7  el_after_av_hr  el_before_av_hr  '><div class='av-share-box'><h5 class='av-share-link-description av-no-toc '>Compartir esta noticia<\/h5><ul class='av-share-box-list noLightbox'><li class='av-share-link av-social-link-facebook' ><a target=\"_blank\" aria-label=\"Compartir en Facebook\" href='https:\/\/www.facebook.com\/sharer.php?u=https:\/\/radiorevelacionfm.cl\/?p=26139&#038;t=En%20su%20aniversario%20SernamEG%20reafirma%20su%20compromiso%20en%20fortalecer%20las%20autonom%C3%ADas%20de%20las%20mujeres' aria-hidden='false' data-av_icon='\ue8f3' data-av_iconfont='entypo-fontello' title='' data-avia-related-tooltip='Compartir en Facebook' rel=\"noopener\"><span class='avia_hidden_link_text'>Compartir en Facebook<\/span><\/a><\/li><li class='av-share-link av-social-link-twitter' ><a target=\"_blank\" aria-label=\"Compartir en Twitter\" href='https:\/\/twitter.com\/share?text=En%20su%20aniversario%20SernamEG%20reafirma%20su%20compromiso%20en%20fortalecer%20las%20autonom%C3%ADas%20de%20las%20mujeres&#038;url=https:\/\/radiorevelacionfm.cl\/?p=26139' aria-hidden='false' data-av_icon='\ue8f1' data-av_iconfont='entypo-fontello' title='' data-avia-related-tooltip='Compartir en Twitter' rel=\"noopener\"><span class='avia_hidden_link_text'>Compartir en Twitter<\/span><\/a><\/li><li class='av-share-link av-social-link-whatsapp' ><a target=\"_blank\" aria-label=\"Compartir en Whatsapp\" href='https:\/\/api.whatsapp.com\/send?text=https:\/\/radiorevelacionfm.cl\/?p=26139' aria-hidden='false' data-av_icon='\uf232' data-av_iconfont='entypo-fontello' title='' data-avia-related-tooltip='Compartir en Whatsapp' rel=\"noopener\"><span class='avia_hidden_link_text'>Compartir en Whatsapp<\/span><\/a><\/li><li class='av-share-link av-social-link-linkedin' ><a target=\"_blank\" aria-label=\"Compartir en LinkedIn\" href='https:\/\/linkedin.com\/shareArticle?mini=true&#038;title=En%20su%20aniversario%20SernamEG%20reafirma%20su%20compromiso%20en%20fortalecer%20las%20autonom%C3%ADas%20de%20las%20mujeres&#038;url=https:\/\/radiorevelacionfm.cl\/?p=26139' aria-hidden='false' data-av_icon='\ue8fc' data-av_iconfont='entypo-fontello' title='' data-avia-related-tooltip='Compartir en LinkedIn' rel=\"noopener\"><span class='avia_hidden_link_text'>Compartir en LinkedIn<\/span><\/a><\/li><li class='av-share-link av-social-link-mail' ><a  aria-label=\"Compartir por correo\" href='mailto:?subject=En%20su%20aniversario%20SernamEG%20reafirma%20su%20compromiso%20en%20fortalecer%20las%20autonom%C3%ADas%20de%20las%20mujeres&#038;body=https:\/\/radiorevelacionfm.cl\/?p=26139' aria-hidden='false' data-av_icon='\ue805' data-av_iconfont='entypo-fontello' title='' data-avia-related-tooltip='Compartir por correo'><span class='avia_hidden_link_text'>Compartir por correo<\/span><\/a><\/li><\/ul><\/div><\/div>\n<div  style='height:50px' class='hr hr-invisible   avia-builder-el-8  el_after_av_social_share  el_before_av_comments_list '><span class='hr-inner ' ><span class='hr-inner-style'><\/span><\/span><\/div>\n<div  class='av-buildercomment  av-blog-meta-html-info-disabled av-blog-meta-tag-disabled  '><\/div>\n","protected":false},"excerpt":{"rendered":"","protected":false},"author":1,"featured_media":18540,"comment_status":"open","ping_status":"open","sticky":false,"template":"","format":"standard","meta":{"footnotes":""},"categories":[38],"tags":[],"class_list":["post-26139","post","type-post","status-publish","format-standard","has-post-thumbnail","hentry","category-regional"],"jetpack_featured_media_url":"https:\/\/radiorevelacionfm.cl\/wp-content\/uploads\/2022\/06\/sernameg-taller-bomberos-13-1_optimized.jpg","_links":{"self":[{"href":"https:\/\/radiorevelacionfm.cl\/index.php?rest_route=\/wp\/v2\/posts\/26139","targetHints":{"allow":["GET"]}}],"collection":[{"href":"https:\/\/radiorevelacionfm.cl\/index.php?rest_route=\/wp\/v2\/posts"}],"about":[{"href":"https:\/\/radiorevelacionfm.cl\/index.php?rest_route=\/wp\/v2\/types\/post"}],"author":[{"embeddable":true,"href":"https:\/\/radiorevelacionfm.cl\/index.php?rest_route=\/wp\/v2\/users\/1"}],"replies":[{"embeddable":true,"href":"https:\/\/radiorevelacionfm.cl\/index.php?rest_route=%2Fwp%2Fv2%2Fcomments&post=26139"}],"version-history":[{"count":2,"href":"https:\/\/radiorevelacionfm.cl\/index.php?rest_route=\/wp\/v2\/posts\/26139\/revisions"}],"predecessor-version":[{"id":26155,"href":"https:\/\/radiorevelacionfm.cl\/index.php?rest_route=\/wp\/v2\/posts\/26139\/revisions\/26155"}],"wp:featuredmedia":[{"embeddable":true,"href":"https:\/\/radiorevelacionfm.cl\/index.php?rest_route=\/wp\/v2\/media\/18540"}],"wp:attachment":[{"href":"https:\/\/radiorevelacionfm.cl\/index.php?rest_route=%2Fwp%2Fv2%2Fmedia&parent=26139"}],"wp:term":[{"taxonomy":"category","embeddable":true,"href":"https:\/\/radiorevelacionfm.cl\/index.php?rest_route=%2Fwp%2Fv2%2Fcategories&post=26139"},{"taxonomy":"post_tag","embeddable":true,"href":"https:\/\/radiorevelacionfm.cl\/index.php?rest_route=%2Fwp%2Fv2%2Ftags&post=26139"}],"curies":[{"name":"wp","href":"https:\/\/api.w.org\/{rel}","templated":true}]}}