{"id":26135,"date":"2023-01-02T23:08:13","date_gmt":"2023-01-03T02:08:13","guid":{"rendered":"https:\/\/radiorevelacionfm.cl\/?p=26135"},"modified":"2023-01-02T23:08:13","modified_gmt":"2023-01-03T02:08:13","slug":"kael-maximiliano-es-el-primer-recien-nacido-del-ano-2023-en-coyhaique","status":"publish","type":"post","link":"https:\/\/radiorevelacionfm.cl\/?p=26135","title":{"rendered":"Kael Maximiliano es el primer reci\u00e9n nacido del a\u00f1o 2023 en Coyhaique"},"content":{"rendered":"<div class=\"flex_column av_one_full  flex_column_div av-zero-column-padding first  avia-builder-el-0  el_before_av_one_full  avia-builder-el-first  \" style='border-radius:0px; '><div  class='avia-image-container  av-styling-    avia-builder-el-1  avia-builder-el-no-sibling  avia-align-center '  itemprop=\"image\" itemscope=\"itemscope\" itemtype=\"https:\/\/schema.org\/ImageObject\"  ><div class='avia-image-container-inner'><div class='avia-image-overlay-wrap'><img decoding=\"async\" class='wp-image-26136 avia-img-lazy-loading-not-26136 avia_image' src=\"https:\/\/radiorevelacionfm.cl\/wp-content\/uploads\/2023\/01\/Kael-Maximiliano-1-1.jpg\" alt='' title='Kael Maximiliano (1) (1)' height=\"600\" width=\"1067\"  itemprop=\"thumbnailUrl\" srcset=\"https:\/\/radiorevelacionfm.cl\/wp-content\/uploads\/2023\/01\/Kael-Maximiliano-1-1.jpg 1067w, https:\/\/radiorevelacionfm.cl\/wp-content\/uploads\/2023\/01\/Kael-Maximiliano-1-1-300x169.jpg 300w, https:\/\/radiorevelacionfm.cl\/wp-content\/uploads\/2023\/01\/Kael-Maximiliano-1-1-1030x579.jpg 1030w, https:\/\/radiorevelacionfm.cl\/wp-content\/uploads\/2023\/01\/Kael-Maximiliano-1-1-768x432.jpg 768w, https:\/\/radiorevelacionfm.cl\/wp-content\/uploads\/2023\/01\/Kael-Maximiliano-1-1-705x396.jpg 705w, https:\/\/radiorevelacionfm.cl\/wp-content\/uploads\/2023\/01\/Kael-Maximiliano-1-1-600x337.jpg 600w\" sizes=\"(max-width: 1067px) 100vw, 1067px\" \/><\/div><\/div><\/div><\/div><div class=\"flex_column av_one_full  flex_column_div av-zero-column-padding first  avia-builder-el-2  el_after_av_one_full  el_before_av_one_full  column-top-margin\" style='border-radius:0px; '><section class=\"av_textblock_section \"  itemscope=\"itemscope\" itemtype=\"https:\/\/schema.org\/BlogPosting\" itemprop=\"blogPost\" ><div class='avia_textblock  '   itemprop=\"text\" ><p style=\"text-align: center;\"><strong><span style=\"font-size: 18pt;\">Kael Maximiliano es el primer reci\u00e9n nacido del a\u00f1o 2023 en Coyhaique<\/span><\/strong><\/p>\n<div id=\"gtx-trans\" style=\"position: absolute; left: -50px; top: 4.31534px;\">\n<div class=\"gtx-trans-icon\"><\/div>\n<\/div>\n<\/div><\/section><\/div><div class=\"flex_column av_one_full  flex_column_div av-zero-column-padding first  avia-builder-el-4  el_after_av_one_full  el_before_av_hr  column-top-margin\" style='border-radius:0px; '><section class=\"av_textblock_section \"  itemscope=\"itemscope\" itemtype=\"https:\/\/schema.org\/BlogPosting\" itemprop=\"blogPost\" ><div class='avia_textblock  '   itemprop=\"text\" ><p style=\"font-weight: 400; text-align: justify;\">Kael Maximiliano Navarrete Shupingahua fue la primera guagua nacida a las 02:27 horas del 01 de enero del a\u00f1o 2023, mediante ces\u00e1rea en el Hospital Regional de Coyhaique.<\/p>\n<p style=\"font-weight: 400; text-align: justify;\">Junto a su madre Thal\u00eda Shupingahua S\u00e1nchez, el reci\u00e9n nacido fue visitado por el Delegado Presidencial Regional, Rodrigo Araya, acompa\u00f1ado por la seremi de Salud, Carmen Monsalve, el director regional (s) del Servicio de Salud, Claudio Arriagada, y director (s) del Hospital, Daniel Jara, para entregar el ajuar de Chile Crece Contigo y conversar sobre las garant\u00edas y acompa\u00f1amiento que tiene el sistema p\u00fablico de salud.<\/p>\n<p style=\"font-weight: 400; text-align: justify;\">\u201cVinimos al Hospital de Coyhaique, a Maternidad, a visitar a Thal\u00eda, que tuvo al primer ni\u00f1o nacido el a\u00f1o 2023, que naci\u00f3 a las 02:27 minutos de la madrugada. Est\u00e1 en muy buenas condiciones y ya se van a su casa, por lo tanto, vinimos a entregar el ajuar de Chile Crece Contigo en apoyo a la crianza inicial y presentes en nombre de la Delegaci\u00f3n Presidencial Regional, Seremi de Salud, Servicio de Salud y Direcci\u00f3n del Hospital\u201d, indic\u00f3.<\/p>\n<p style=\"font-weight: 400; text-align: justify;\">Thal\u00eda\u00a0Shupingahua se manifest\u00f3\u00a0\u201cagradecida con todas y todos de esta sorpresa y feliz a\u00f1o nuevo a todos\u201d.<\/p>\n<p style=\"font-weight: 400; text-align: justify;\">\u201cDesde el Gobierno es una gran alegr\u00eda poder avanzar en establecer est\u00e1ndares para todos los ni\u00f1os desde el momento en que nacen y desde antes incluso. Ese es el motivo del Programa de Apoyo al Reci\u00e9n Nacido, una de cuyas l\u00edneas fundamentales es el Sistema Chile Crece Contigo. Para este a\u00f1o nuestro Presidente ha informado que vamos a ampliar este espectro de ayudas para todas las familias, con foco en la vulnerabilidad, con el \u00fanico objetivo de avanzar de manera justa y equitativa de todos los ni\u00f1os que nacen en el sector p\u00fablico de salud\u201d, a\u00f1adi\u00f3 Carmen Monsalve.<\/p>\n<p style=\"font-weight: 400; text-align: justify;\">Claudio Arriagada, director (S) del Servicio Salud Ays\u00e9n agreg\u00f3 que \u201cestamos muy contentos de que las estrategias de Mejor Ni\u00f1ez y Chile Crece Contigo sigan avanzando en nuestra regi\u00f3n y, por supuesto, agradecer a todo nuestro personal del Hospital Regional que cumpliendo su deber y turnos en estas fiestas pudieron dar feliz t\u00e9rmino a esta ces\u00e1rea que tuvimos el d\u00eda primero\u201d.<\/p>\n<p style=\"font-weight: 400; text-align: justify;\">Por \u00faltimo,\u00a0Daniel Jara destac\u00f3 el permanente compromiso del equipo de trabajo del hospital para la atenci\u00f3n de la comunidad.<\/p>\n<p style=\"font-weight: 400; text-align: justify;\">\u201cNos ha tocado venir esta ma\u00f1ana a recibir un regalo para dar inicio este nuevo a\u00f1o con un mensaje de esperanza, de simpleza, de tranquilidad, que contrasta con el d\u00eda a d\u00eda del hospital, que est\u00e1 constantemente luchando por sacar adelante a nuestros enfermos. Que este sea un mensaje para enfrentar este a\u00f1o que reci\u00e9n comienza\u201d, concluy\u00f3.<\/p>\n<p style=\"font-weight: 400; text-align: justify;\">De acuerdo a las estad\u00edsticas del Hospital Regional de Coyhaique, cerca de 900 partos se registran cada a\u00f1o en este centro asistencial.<\/p>\n<\/div><\/section><\/div><div  style='height:50px' class='hr hr-invisible   avia-builder-el-6  el_after_av_one_full  el_before_av_social_share '><span class='hr-inner ' ><span class='hr-inner-style'><\/span><\/span><\/div><\/p>\n<div  class='av-social-sharing-box  avia-builder-el-7  el_after_av_hr  el_before_av_hr  '><div class='av-share-box'><h5 class='av-share-link-description av-no-toc '>Compartir esta noticia<\/h5><ul class='av-share-box-list noLightbox'><li class='av-share-link av-social-link-facebook' ><a target=\"_blank\" aria-label=\"Compartir en Facebook\" href='https:\/\/www.facebook.com\/sharer.php?u=https:\/\/radiorevelacionfm.cl\/?p=26135&#038;t=Kael%20Maximiliano%20es%20el%20primer%20reci%C3%A9n%20nacido%20del%20a%C3%B1o%202023%20en%20Coyhaique' aria-hidden='false' data-av_icon='\ue8f3' data-av_iconfont='entypo-fontello' title='' data-avia-related-tooltip='Compartir en Facebook' rel=\"noopener\"><span class='avia_hidden_link_text'>Compartir en Facebook<\/span><\/a><\/li><li class='av-share-link av-social-link-twitter' ><a target=\"_blank\" aria-label=\"Compartir en Twitter\" href='https:\/\/twitter.com\/share?text=Kael%20Maximiliano%20es%20el%20primer%20reci%C3%A9n%20nacido%20del%20a%C3%B1o%202023%20en%20Coyhaique&#038;url=https:\/\/radiorevelacionfm.cl\/?p=26135' aria-hidden='false' data-av_icon='\ue8f1' data-av_iconfont='entypo-fontello' title='' data-avia-related-tooltip='Compartir en Twitter' rel=\"noopener\"><span class='avia_hidden_link_text'>Compartir en Twitter<\/span><\/a><\/li><li class='av-share-link av-social-link-whatsapp' ><a target=\"_blank\" aria-label=\"Compartir en Whatsapp\" href='https:\/\/api.whatsapp.com\/send?text=https:\/\/radiorevelacionfm.cl\/?p=26135' aria-hidden='false' data-av_icon='\uf232' data-av_iconfont='entypo-fontello' title='' data-avia-related-tooltip='Compartir en Whatsapp' rel=\"noopener\"><span class='avia_hidden_link_text'>Compartir en Whatsapp<\/span><\/a><\/li><li class='av-share-link av-social-link-linkedin' ><a target=\"_blank\" aria-label=\"Compartir en LinkedIn\" href='https:\/\/linkedin.com\/shareArticle?mini=true&#038;title=Kael%20Maximiliano%20es%20el%20primer%20reci%C3%A9n%20nacido%20del%20a%C3%B1o%202023%20en%20Coyhaique&#038;url=https:\/\/radiorevelacionfm.cl\/?p=26135' aria-hidden='false' data-av_icon='\ue8fc' data-av_iconfont='entypo-fontello' title='' data-avia-related-tooltip='Compartir en LinkedIn' rel=\"noopener\"><span class='avia_hidden_link_text'>Compartir en LinkedIn<\/span><\/a><\/li><li class='av-share-link av-social-link-mail' ><a  aria-label=\"Compartir por correo\" href='mailto:?subject=Kael%20Maximiliano%20es%20el%20primer%20reci%C3%A9n%20nacido%20del%20a%C3%B1o%202023%20en%20Coyhaique&#038;body=https:\/\/radiorevelacionfm.cl\/?p=26135' aria-hidden='false' data-av_icon='\ue805' data-av_iconfont='entypo-fontello' title='' data-avia-related-tooltip='Compartir por correo'><span class='avia_hidden_link_text'>Compartir por correo<\/span><\/a><\/li><\/ul><\/div><\/div>\n<div  style='height:50px' class='hr hr-invisible   avia-builder-el-8  el_after_av_social_share  el_before_av_comments_list '><span class='hr-inner ' ><span class='hr-inner-style'><\/span><\/span><\/div>\n<div  class='av-buildercomment  av-blog-meta-html-info-disabled av-blog-meta-tag-disabled  '><\/div>\n","protected":false},"excerpt":{"rendered":"","protected":false},"author":1,"featured_media":26136,"comment_status":"open","ping_status":"open","sticky":false,"template":"","format":"standard","meta":{"footnotes":""},"categories":[38],"tags":[],"class_list":["post-26135","post","type-post","status-publish","format-standard","has-post-thumbnail","hentry","category-regional"],"jetpack_featured_media_url":"https:\/\/radiorevelacionfm.cl\/wp-content\/uploads\/2023\/01\/Kael-Maximiliano-1-1.jpg","_links":{"self":[{"href":"https:\/\/radiorevelacionfm.cl\/index.php?rest_route=\/wp\/v2\/posts\/26135","targetHints":{"allow":["GET"]}}],"collection":[{"href":"https:\/\/radiorevelacionfm.cl\/index.php?rest_route=\/wp\/v2\/posts"}],"about":[{"href":"https:\/\/radiorevelacionfm.cl\/index.php?rest_route=\/wp\/v2\/types\/post"}],"author":[{"embeddable":true,"href":"https:\/\/radiorevelacionfm.cl\/index.php?rest_route=\/wp\/v2\/users\/1"}],"replies":[{"embeddable":true,"href":"https:\/\/radiorevelacionfm.cl\/index.php?rest_route=%2Fwp%2Fv2%2Fcomments&post=26135"}],"version-history":[{"count":2,"href":"https:\/\/radiorevelacionfm.cl\/index.php?rest_route=\/wp\/v2\/posts\/26135\/revisions"}],"predecessor-version":[{"id":26138,"href":"https:\/\/radiorevelacionfm.cl\/index.php?rest_route=\/wp\/v2\/posts\/26135\/revisions\/26138"}],"wp:featuredmedia":[{"embeddable":true,"href":"https:\/\/radiorevelacionfm.cl\/index.php?rest_route=\/wp\/v2\/media\/26136"}],"wp:attachment":[{"href":"https:\/\/radiorevelacionfm.cl\/index.php?rest_route=%2Fwp%2Fv2%2Fmedia&parent=26135"}],"wp:term":[{"taxonomy":"category","embeddable":true,"href":"https:\/\/radiorevelacionfm.cl\/index.php?rest_route=%2Fwp%2Fv2%2Fcategories&post=26135"},{"taxonomy":"post_tag","embeddable":true,"href":"https:\/\/radiorevelacionfm.cl\/index.php?rest_route=%2Fwp%2Fv2%2Ftags&post=26135"}],"curies":[{"name":"wp","href":"https:\/\/api.w.org\/{rel}","templated":true}]}}