{"id":26117,"date":"2022-12-31T14:07:01","date_gmt":"2022-12-31T17:07:01","guid":{"rendered":"https:\/\/radiorevelacionfm.cl\/?p=26117"},"modified":"2022-12-31T14:07:01","modified_gmt":"2022-12-31T17:07:01","slug":"barcaza-tehuelche-retomara-su-servicio-y-venta-de-pasajes","status":"publish","type":"post","link":"https:\/\/radiorevelacionfm.cl\/?p=26117","title":{"rendered":"Barcaza Tehuelche retomar\u00e1 su servicio y venta de pasajes"},"content":{"rendered":"<div class=\"flex_column av_one_full  flex_column_div av-zero-column-padding first  avia-builder-el-0  el_before_av_one_full  avia-builder-el-first  \" style='border-radius:0px; '><div  class='avia-image-container  av-styling-    avia-builder-el-1  avia-builder-el-no-sibling  avia-align-center '  itemprop=\"image\" itemscope=\"itemscope\" itemtype=\"https:\/\/schema.org\/ImageObject\"  ><div class='avia-image-container-inner'><div class='avia-image-overlay-wrap'><img decoding=\"async\" class='wp-image-26118 avia-img-lazy-loading-not-26118 avia_image' src=\"https:\/\/radiorevelacionfm.cl\/wp-content\/uploads\/2022\/12\/dsc_1155_-1_optimized.jpg\" alt='' title='dsc_1155_-(1)_optimized' height=\"600\" width=\"903\"  itemprop=\"thumbnailUrl\" srcset=\"https:\/\/radiorevelacionfm.cl\/wp-content\/uploads\/2022\/12\/dsc_1155_-1_optimized.jpg 903w, https:\/\/radiorevelacionfm.cl\/wp-content\/uploads\/2022\/12\/dsc_1155_-1_optimized-300x199.jpg 300w, https:\/\/radiorevelacionfm.cl\/wp-content\/uploads\/2022\/12\/dsc_1155_-1_optimized-768x510.jpg 768w, https:\/\/radiorevelacionfm.cl\/wp-content\/uploads\/2022\/12\/dsc_1155_-1_optimized-705x468.jpg 705w, https:\/\/radiorevelacionfm.cl\/wp-content\/uploads\/2022\/12\/dsc_1155_-1_optimized-600x399.jpg 600w\" sizes=\"(max-width: 903px) 100vw, 903px\" \/><\/div><\/div><\/div><\/div><div class=\"flex_column av_one_full  flex_column_div av-zero-column-padding first  avia-builder-el-2  el_after_av_one_full  el_before_av_one_full  column-top-margin\" style='border-radius:0px; '><section class=\"av_textblock_section \"  itemscope=\"itemscope\" itemtype=\"https:\/\/schema.org\/BlogPosting\" itemprop=\"blogPost\" ><div class='avia_textblock  '   itemprop=\"text\" ><p style=\"text-align: center;\"><span style=\"font-size: 18pt;\"><strong>Barcaza Tehuelche retomar\u00e1 su servicio y venta de pasajes<\/strong><\/span><\/p>\n<div id=\"gtx-trans\" style=\"position: absolute; left: -50px; top: 4.31534px;\">\n<div class=\"gtx-trans-icon\"><\/div>\n<\/div>\n<\/div><\/section><\/div><div class=\"flex_column av_one_full  flex_column_div av-zero-column-padding first  avia-builder-el-4  el_after_av_one_full  el_before_av_hr  column-top-margin\" style='border-radius:0px; '><section class=\"av_textblock_section \"  itemscope=\"itemscope\" itemtype=\"https:\/\/schema.org\/BlogPosting\" itemprop=\"blogPost\" ><div class='avia_textblock  '   itemprop=\"text\" ><p style=\"font-weight: 400; text-align: justify;\">En el marco del trabajo desarrollado para mejorar la calidad del transporte p\u00fablico a nivel nacional, el Ministerio de Transportes y Telecomunicaciones finaliz\u00f3 satisfactoriamente el trato directo concursado que permitir\u00e1 contar con un nuevo operador que estar\u00e1 a cargo de la barcaza\u00a0Tehuelche, dando continuidad a un importante servicio de conectividad en el Lago General Carrera.<\/p>\n<p style=\"font-weight: 400; text-align: justify;\">En este sentido, a partir del 1 enero, desde la cartera se inform\u00f3 que ser\u00e1 la empresa \u201cRVC\u201d la que asumir\u00e1 la operaci\u00f3n de dicha embarcaci\u00f3n. Ello, luego que el antiguo operador \u2013Somarco- renunciara a su contrato el 15 de diciembre reci\u00e9n pasado.<\/p>\n<p style=\"font-weight: 400; text-align: justify;\">Con este cambio, a partir de la misma fecha, se reinicia la venta de tickets numerados, los cuales podr\u00e1n ser adquiridos por un monto de\u00a0 $2.400\u00a0 en las oficinas de venta de pasajes de terminal de pasajeros de Puerto Ib\u00e1\u00f1ez, el terminal de buses de Chile Chico y terminal de \u00a0buses de Coyhaique.<\/p>\n<p style=\"font-weight: 400; text-align: justify;\">Cabe se\u00f1alar que durante la temporada alta (hasta el 15 de marzo) los horarios de salida desde Chile Chico ser\u00e1n a las 8 am y 17:00 horas de lunes, mi\u00e9rcoles, jueves y viernes. El d\u00eda martes se mantendr\u00e1 la salida a las 08 hrs., pero el tramo de las 17 hrs. ser\u00e1 exclusivo para carga peligrosa. El d\u00eda s\u00e1bado y domingo se fij\u00f3 el horario de las 09:00 y 16:00 horas, respectivamente.<\/p>\n<p style=\"font-weight: 400; text-align: justify;\">En tanto, desde Puerto Ib\u00e1\u00f1ez el zarpe de la tarde ser\u00e1 a las 20:00 hrs. de lunes y viernes. M\u00e1s temprano, los lunes, viernes y s\u00e1bado la salida de la nave ser\u00e1 a las 12 hrs., mientras que el martes y mi\u00e9rcoles el horario est\u00e1 establecido para las 11:00 hrs., no obstante el d\u00eda martes est\u00e1 destinado s\u00f3lo a carga peligrosa . El horario del d\u00eda domingo est\u00e1 fijado para las 19 hrs.<\/p>\n<p style=\"font-weight: 400; text-align: justify;\">Junto con la barcaza Tehuelche continuar\u00e1n funcionando los<strong>\u00a0<\/strong>servicios terrestres, tanto desde Chile Chico a Coyhaique por Argentina, como desde Chile Chico a Puerto Ib\u00e1\u00f1ez, as\u00ed como la operaci\u00f3n de servicios a\u00e9reos que se dispusieron durante 2022, manteni\u00e9ndose vigentes hasta el 31 de marzo.<\/p>\n<p style=\"font-weight: 400; text-align: justify;\">Adem\u00e1s, en virtud de la importancia que tiene para la comunidad de Chile Chico contar con alternativas de conectividad lacustre, el MTT extendi\u00f3 la disponibilidad\u00a0 de la barcaza Chelenko mediante un contrato con la empresa Transal. Esto permite garantizar que se contar\u00e1 con el servicio en caso que la nave Tehuelche deba salir de circulaci\u00f3n por algunos d\u00edas.<\/p>\n<\/div><\/section><\/div><div  style='height:50px' class='hr hr-invisible   avia-builder-el-6  el_after_av_one_full  el_before_av_social_share '><span class='hr-inner ' ><span class='hr-inner-style'><\/span><\/span><\/div><\/p>\n<div  class='av-social-sharing-box  avia-builder-el-7  el_after_av_hr  el_before_av_hr  '><div class='av-share-box'><h5 class='av-share-link-description av-no-toc '>Compartir esta noticia<\/h5><ul class='av-share-box-list noLightbox'><li class='av-share-link av-social-link-facebook' ><a target=\"_blank\" aria-label=\"Compartir en Facebook\" href='https:\/\/www.facebook.com\/sharer.php?u=https:\/\/radiorevelacionfm.cl\/?p=26117&#038;t=Barcaza%20Tehuelche%20retomar%C3%A1%20su%20servicio%20y%20venta%20de%20pasajes' aria-hidden='false' data-av_icon='\ue8f3' data-av_iconfont='entypo-fontello' title='' data-avia-related-tooltip='Compartir en Facebook' rel=\"noopener\"><span class='avia_hidden_link_text'>Compartir en Facebook<\/span><\/a><\/li><li class='av-share-link av-social-link-twitter' ><a target=\"_blank\" aria-label=\"Compartir en Twitter\" href='https:\/\/twitter.com\/share?text=Barcaza%20Tehuelche%20retomar%C3%A1%20su%20servicio%20y%20venta%20de%20pasajes&#038;url=https:\/\/radiorevelacionfm.cl\/?p=26117' aria-hidden='false' data-av_icon='\ue8f1' data-av_iconfont='entypo-fontello' title='' data-avia-related-tooltip='Compartir en Twitter' rel=\"noopener\"><span class='avia_hidden_link_text'>Compartir en Twitter<\/span><\/a><\/li><li class='av-share-link av-social-link-whatsapp' ><a target=\"_blank\" aria-label=\"Compartir en Whatsapp\" href='https:\/\/api.whatsapp.com\/send?text=https:\/\/radiorevelacionfm.cl\/?p=26117' aria-hidden='false' data-av_icon='\uf232' data-av_iconfont='entypo-fontello' title='' data-avia-related-tooltip='Compartir en Whatsapp' rel=\"noopener\"><span class='avia_hidden_link_text'>Compartir en Whatsapp<\/span><\/a><\/li><li class='av-share-link av-social-link-linkedin' ><a target=\"_blank\" aria-label=\"Compartir en LinkedIn\" href='https:\/\/linkedin.com\/shareArticle?mini=true&#038;title=Barcaza%20Tehuelche%20retomar%C3%A1%20su%20servicio%20y%20venta%20de%20pasajes&#038;url=https:\/\/radiorevelacionfm.cl\/?p=26117' aria-hidden='false' data-av_icon='\ue8fc' data-av_iconfont='entypo-fontello' title='' data-avia-related-tooltip='Compartir en LinkedIn' rel=\"noopener\"><span class='avia_hidden_link_text'>Compartir en LinkedIn<\/span><\/a><\/li><li class='av-share-link av-social-link-mail' ><a  aria-label=\"Compartir por correo\" href='mailto:?subject=Barcaza%20Tehuelche%20retomar%C3%A1%20su%20servicio%20y%20venta%20de%20pasajes&#038;body=https:\/\/radiorevelacionfm.cl\/?p=26117' aria-hidden='false' data-av_icon='\ue805' data-av_iconfont='entypo-fontello' title='' data-avia-related-tooltip='Compartir por correo'><span class='avia_hidden_link_text'>Compartir por correo<\/span><\/a><\/li><\/ul><\/div><\/div>\n<div  style='height:50px' class='hr hr-invisible   avia-builder-el-8  el_after_av_social_share  el_before_av_comments_list '><span class='hr-inner ' ><span class='hr-inner-style'><\/span><\/span><\/div>\n<div  class='av-buildercomment  av-blog-meta-html-info-disabled av-blog-meta-tag-disabled  '><\/div>\n","protected":false},"excerpt":{"rendered":"","protected":false},"author":1,"featured_media":26118,"comment_status":"open","ping_status":"open","sticky":false,"template":"","format":"standard","meta":{"footnotes":""},"categories":[38],"tags":[],"class_list":["post-26117","post","type-post","status-publish","format-standard","has-post-thumbnail","hentry","category-regional"],"jetpack_featured_media_url":"https:\/\/radiorevelacionfm.cl\/wp-content\/uploads\/2022\/12\/dsc_1155_-1_optimized.jpg","_links":{"self":[{"href":"https:\/\/radiorevelacionfm.cl\/index.php?rest_route=\/wp\/v2\/posts\/26117","targetHints":{"allow":["GET"]}}],"collection":[{"href":"https:\/\/radiorevelacionfm.cl\/index.php?rest_route=\/wp\/v2\/posts"}],"about":[{"href":"https:\/\/radiorevelacionfm.cl\/index.php?rest_route=\/wp\/v2\/types\/post"}],"author":[{"embeddable":true,"href":"https:\/\/radiorevelacionfm.cl\/index.php?rest_route=\/wp\/v2\/users\/1"}],"replies":[{"embeddable":true,"href":"https:\/\/radiorevelacionfm.cl\/index.php?rest_route=%2Fwp%2Fv2%2Fcomments&post=26117"}],"version-history":[{"count":2,"href":"https:\/\/radiorevelacionfm.cl\/index.php?rest_route=\/wp\/v2\/posts\/26117\/revisions"}],"predecessor-version":[{"id":26120,"href":"https:\/\/radiorevelacionfm.cl\/index.php?rest_route=\/wp\/v2\/posts\/26117\/revisions\/26120"}],"wp:featuredmedia":[{"embeddable":true,"href":"https:\/\/radiorevelacionfm.cl\/index.php?rest_route=\/wp\/v2\/media\/26118"}],"wp:attachment":[{"href":"https:\/\/radiorevelacionfm.cl\/index.php?rest_route=%2Fwp%2Fv2%2Fmedia&parent=26117"}],"wp:term":[{"taxonomy":"category","embeddable":true,"href":"https:\/\/radiorevelacionfm.cl\/index.php?rest_route=%2Fwp%2Fv2%2Fcategories&post=26117"},{"taxonomy":"post_tag","embeddable":true,"href":"https:\/\/radiorevelacionfm.cl\/index.php?rest_route=%2Fwp%2Fv2%2Ftags&post=26117"}],"curies":[{"name":"wp","href":"https:\/\/api.w.org\/{rel}","templated":true}]}}