{"id":26111,"date":"2022-12-31T11:10:14","date_gmt":"2022-12-31T14:10:14","guid":{"rendered":"https:\/\/radiorevelacionfm.cl\/?p=26111"},"modified":"2022-12-31T11:10:14","modified_gmt":"2022-12-31T14:10:14","slug":"programa-renueva-tu-colectivo-cierra-2022-con-la-entrega-de-mas-de-40-millones-en-la-region-de-aysen","status":"publish","type":"post","link":"https:\/\/radiorevelacionfm.cl\/?p=26111","title":{"rendered":"Programa \u201cRenueva tu Colectivo\u201d cierra 2022 con la entrega de m\u00e1s de $40 millones en la regi\u00f3n de Ays\u00e9n"},"content":{"rendered":"<div class=\"flex_column av_one_full  flex_column_div av-zero-column-padding first  avia-builder-el-0  el_before_av_one_full  avia-builder-el-first  \" style='border-radius:0px; '><div  class='avia-image-container  av-styling-    avia-builder-el-1  avia-builder-el-no-sibling  avia-align-center '  itemprop=\"image\" itemscope=\"itemscope\" itemtype=\"https:\/\/schema.org\/ImageObject\"  ><div class='avia-image-container-inner'><div class='avia-image-overlay-wrap'><img decoding=\"async\" class='wp-image-26112 avia-img-lazy-loading-not-26112 avia_image' src=\"https:\/\/radiorevelacionfm.cl\/wp-content\/uploads\/2022\/12\/img-20221231-wa0003-1_optimized.jpg\" alt='' title='img-20221231-wa0003-(1)_optimized' height=\"600\" width=\"900\"  itemprop=\"thumbnailUrl\" srcset=\"https:\/\/radiorevelacionfm.cl\/wp-content\/uploads\/2022\/12\/img-20221231-wa0003-1_optimized.jpg 900w, https:\/\/radiorevelacionfm.cl\/wp-content\/uploads\/2022\/12\/img-20221231-wa0003-1_optimized-300x200.jpg 300w, https:\/\/radiorevelacionfm.cl\/wp-content\/uploads\/2022\/12\/img-20221231-wa0003-1_optimized-768x512.jpg 768w, https:\/\/radiorevelacionfm.cl\/wp-content\/uploads\/2022\/12\/img-20221231-wa0003-1_optimized-705x470.jpg 705w, https:\/\/radiorevelacionfm.cl\/wp-content\/uploads\/2022\/12\/img-20221231-wa0003-1_optimized-600x400.jpg 600w\" sizes=\"(max-width: 900px) 100vw, 900px\" \/><\/div><\/div><\/div><\/div><div class=\"flex_column av_one_full  flex_column_div av-zero-column-padding first  avia-builder-el-2  el_after_av_one_full  el_before_av_one_full  column-top-margin\" style='border-radius:0px; '><section class=\"av_textblock_section \"  itemscope=\"itemscope\" itemtype=\"https:\/\/schema.org\/BlogPosting\" itemprop=\"blogPost\" ><div class='avia_textblock  '   itemprop=\"text\" ><p style=\"text-align: center;\"><strong><span style=\"font-size: 18pt;\">Programa \u201cRenueva tu Colectivo\u201d cierra 2022 con la entrega de m\u00e1s de $40 millones en la regi\u00f3n de Ays\u00e9n<\/span><\/strong><\/p>\n<div id=\"gtx-trans\" style=\"position: absolute; left: -50px; top: 4.31534px;\">\n<div class=\"gtx-trans-icon\"><\/div>\n<\/div>\n<\/div><\/section><\/div><div class=\"flex_column av_one_full  flex_column_div av-zero-column-padding first  avia-builder-el-4  el_after_av_one_full  el_before_av_hr  column-top-margin\" style='border-radius:0px; '><section class=\"av_textblock_section \"  itemscope=\"itemscope\" itemtype=\"https:\/\/schema.org\/BlogPosting\" itemprop=\"blogPost\" ><div class='avia_textblock  '   itemprop=\"text\" ><p style=\"text-align: justify;\">La iniciativa, impulsada por el Ministerio de Transportes y Telecomunicaciones y financiada con fondos del Gobierno Regional, permitir\u00e1 que 13 propietarios de veh\u00edculos antiguos de traslado de pasajeros, sean renovados por autos nuevos y que incorporan mejor tecnolog\u00eda y son m\u00e1s amigables con el medio ambiente.<\/p>\n<p style=\"text-align: justify;\">\u201cNuestro mandato es muy claro: debemos hacer de Chile un mejor lugar para vivir y para eso debemos responder todas las necesidades de movilidad que existen a lo largo del territorio en sus diversos modos\u201d destac\u00f3 el ministro Juan Carlos Mu\u00f1oz.<\/p>\n<p style=\"text-align: justify;\">Como un aporte a la calidad del servicio del transporte de taxi colectivo local, calific\u00f3 el ministro Juan Carlos Mu\u00f1oz la entrega de 13 nuevos subsidios para la renovaci\u00f3n de veh\u00edculos, 6 de los cuales fueron para mujeres. Este avance permitir\u00e1 modernizar parte de la flota que a diario presta un importante servicio en la regi\u00f3n de Ays\u00e9n.<\/p>\n<p style=\"text-align: justify;\">La entrega, adem\u00e1s cont\u00f3 con la presencia de la Gobernadora Regional, Andrea Mac\u00edas; el Delegado Presidencial, Rodrigo Araya, y la seremi de Transportes, Claudia Cantero. La iniciativa \u201cRenueva tu Colectivo\u201d es impulsada por el MTT y financiada con recursos del GORE, permitiendo entregar fondos de la Ley de Subsidio al Transporte P\u00fablico para modernizar el parque regional.<\/p>\n<p style=\"text-align: justify;\">\u201cNos llega de alegr\u00eda el poder comunicar que estamos cerrando el a\u00f1o en la regi\u00f3n con la entrega de 13 nuevos subsidios del plan Renueva Tu Colectivo, que tal como su nombre lo se\u00f1ala, permitir\u00e1 sacar de circulaci\u00f3n veh\u00edculos de mayor antig\u00fcedad y cambiarlos por autos muchos m\u00e1s modernos, m\u00e1s c\u00f3modos y lo m\u00e1s importante, muchos m\u00e1s amigables con el medio ambiente y con este hermoso entorno que tiene Ays\u00e9n. Con esta entrega, hemos completado 210 renovaciones en la regi\u00f3n desde que se comenz\u00f3 a implementar el programa en el a\u00f1o 2015 y 16 mil a nivel nacional, con una inversi\u00f3n de $36 mil millones\u201d destac\u00f3 el ministro de Transportes y Telecomunicaciones, Juan Carlos Mu\u00f1oz.<\/p>\n<p style=\"text-align: justify;\">\u201cEste es un tremendo aporte para las personas, que adem\u00e1s viene a impactar de manera muy positiva al fortalecimiento de la econom\u00eda local. Sabemos que la locomoci\u00f3n colectiva es un sector muy importante dentro de nuestra econom\u00eda y tambi\u00e9n se ha visto afectada por la pandemia, por lo que hoy, poder llegar con este aporte, sin duda que es algo muy positivo para ellos\u00bb agreg\u00f3 la Gobernadora, Andrea Mac\u00edas.<\/p>\n<p style=\"text-align: justify;\">El Delegado Presidencial Regional, Rodrigo Araya, destac\u00f3 que \u201ceste es un acto relevante, porque pone en relieve c\u00f3mo el Estado en estos \u00faltimos a\u00f1os ha hecho una tremenda inversi\u00f3n en apoyar a los territorios, para modernizar la flota de taxis colectivo, que en esta regi\u00f3n son la estrategia fundamental del transporte p\u00fablico. Tambi\u00e9n es importante relevar que el Ministerio de Transportes est\u00e1 trabajando en instalar un sistema de buses que no existen en la regi\u00f3n y que van a aportar en la ciudad de Coyhaique, para tener un transporte p\u00fablico regulado, que tiene otras ventajas para nuestra regi\u00f3n\u201d, se\u00f1al\u00f3.<\/p>\n<p style=\"text-align: justify;\">En detalle, desde su implementaci\u00f3n, el programa Renueva Tu Colectivo ha dispuesto a nivel regional m\u00e1s de $520 millones para retirar veh\u00edculos con una antig\u00fcedad promedio superior a 9 a\u00f1os, lo que se ha traducido en el cambio del 53% de la flota vigente de taxis colectivos de Ays\u00e9n.<\/p>\n<\/div><\/section><\/div><div  style='height:50px' class='hr hr-invisible   avia-builder-el-6  el_after_av_one_full  el_before_av_social_share '><span class='hr-inner ' ><span class='hr-inner-style'><\/span><\/span><\/div><\/p>\n<div  class='av-social-sharing-box  avia-builder-el-7  el_after_av_hr  el_before_av_hr  '><div class='av-share-box'><h5 class='av-share-link-description av-no-toc '>Compartir esta noticia<\/h5><ul class='av-share-box-list noLightbox'><li class='av-share-link av-social-link-facebook' ><a target=\"_blank\" aria-label=\"Compartir en Facebook\" href='https:\/\/www.facebook.com\/sharer.php?u=https:\/\/radiorevelacionfm.cl\/?p=26111&#038;t=Programa%20%E2%80%9CRenueva%20tu%20Colectivo%E2%80%9D%20cierra%202022%20con%20la%20entrega%20de%20m%C3%A1s%20de%20%2440%20millones%20en%20la%20regi%C3%B3n%20de%20Ays%C3%A9n' aria-hidden='false' data-av_icon='\ue8f3' data-av_iconfont='entypo-fontello' title='' data-avia-related-tooltip='Compartir en Facebook' rel=\"noopener\"><span class='avia_hidden_link_text'>Compartir en Facebook<\/span><\/a><\/li><li class='av-share-link av-social-link-twitter' ><a target=\"_blank\" aria-label=\"Compartir en Twitter\" href='https:\/\/twitter.com\/share?text=Programa%20%E2%80%9CRenueva%20tu%20Colectivo%E2%80%9D%20cierra%202022%20con%20la%20entrega%20de%20m%C3%A1s%20de%20%2440%20millones%20en%20la%20regi%C3%B3n%20de%20Ays%C3%A9n&#038;url=https:\/\/radiorevelacionfm.cl\/?p=26111' aria-hidden='false' data-av_icon='\ue8f1' data-av_iconfont='entypo-fontello' title='' data-avia-related-tooltip='Compartir en Twitter' rel=\"noopener\"><span class='avia_hidden_link_text'>Compartir en Twitter<\/span><\/a><\/li><li class='av-share-link av-social-link-whatsapp' ><a target=\"_blank\" aria-label=\"Compartir en Whatsapp\" href='https:\/\/api.whatsapp.com\/send?text=https:\/\/radiorevelacionfm.cl\/?p=26111' aria-hidden='false' data-av_icon='\uf232' data-av_iconfont='entypo-fontello' title='' data-avia-related-tooltip='Compartir en Whatsapp' rel=\"noopener\"><span class='avia_hidden_link_text'>Compartir en Whatsapp<\/span><\/a><\/li><li class='av-share-link av-social-link-linkedin' ><a target=\"_blank\" aria-label=\"Compartir en LinkedIn\" href='https:\/\/linkedin.com\/shareArticle?mini=true&#038;title=Programa%20%E2%80%9CRenueva%20tu%20Colectivo%E2%80%9D%20cierra%202022%20con%20la%20entrega%20de%20m%C3%A1s%20de%20%2440%20millones%20en%20la%20regi%C3%B3n%20de%20Ays%C3%A9n&#038;url=https:\/\/radiorevelacionfm.cl\/?p=26111' aria-hidden='false' data-av_icon='\ue8fc' data-av_iconfont='entypo-fontello' title='' data-avia-related-tooltip='Compartir en LinkedIn' rel=\"noopener\"><span class='avia_hidden_link_text'>Compartir en LinkedIn<\/span><\/a><\/li><li class='av-share-link av-social-link-mail' ><a  aria-label=\"Compartir por correo\" href='mailto:?subject=Programa%20%E2%80%9CRenueva%20tu%20Colectivo%E2%80%9D%20cierra%202022%20con%20la%20entrega%20de%20m%C3%A1s%20de%20%2440%20millones%20en%20la%20regi%C3%B3n%20de%20Ays%C3%A9n&#038;body=https:\/\/radiorevelacionfm.cl\/?p=26111' aria-hidden='false' data-av_icon='\ue805' data-av_iconfont='entypo-fontello' title='' data-avia-related-tooltip='Compartir por correo'><span class='avia_hidden_link_text'>Compartir por correo<\/span><\/a><\/li><\/ul><\/div><\/div>\n<div  style='height:50px' class='hr hr-invisible   avia-builder-el-8  el_after_av_social_share  el_before_av_comments_list '><span class='hr-inner ' ><span class='hr-inner-style'><\/span><\/span><\/div>\n<div  class='av-buildercomment  av-blog-meta-html-info-disabled av-blog-meta-tag-disabled  '><\/div>\n","protected":false},"excerpt":{"rendered":"","protected":false},"author":1,"featured_media":26112,"comment_status":"open","ping_status":"open","sticky":false,"template":"","format":"standard","meta":{"footnotes":""},"categories":[38],"tags":[],"class_list":["post-26111","post","type-post","status-publish","format-standard","has-post-thumbnail","hentry","category-regional"],"jetpack_featured_media_url":"https:\/\/radiorevelacionfm.cl\/wp-content\/uploads\/2022\/12\/img-20221231-wa0003-1_optimized.jpg","_links":{"self":[{"href":"https:\/\/radiorevelacionfm.cl\/index.php?rest_route=\/wp\/v2\/posts\/26111","targetHints":{"allow":["GET"]}}],"collection":[{"href":"https:\/\/radiorevelacionfm.cl\/index.php?rest_route=\/wp\/v2\/posts"}],"about":[{"href":"https:\/\/radiorevelacionfm.cl\/index.php?rest_route=\/wp\/v2\/types\/post"}],"author":[{"embeddable":true,"href":"https:\/\/radiorevelacionfm.cl\/index.php?rest_route=\/wp\/v2\/users\/1"}],"replies":[{"embeddable":true,"href":"https:\/\/radiorevelacionfm.cl\/index.php?rest_route=%2Fwp%2Fv2%2Fcomments&post=26111"}],"version-history":[{"count":2,"href":"https:\/\/radiorevelacionfm.cl\/index.php?rest_route=\/wp\/v2\/posts\/26111\/revisions"}],"predecessor-version":[{"id":26116,"href":"https:\/\/radiorevelacionfm.cl\/index.php?rest_route=\/wp\/v2\/posts\/26111\/revisions\/26116"}],"wp:featuredmedia":[{"embeddable":true,"href":"https:\/\/radiorevelacionfm.cl\/index.php?rest_route=\/wp\/v2\/media\/26112"}],"wp:attachment":[{"href":"https:\/\/radiorevelacionfm.cl\/index.php?rest_route=%2Fwp%2Fv2%2Fmedia&parent=26111"}],"wp:term":[{"taxonomy":"category","embeddable":true,"href":"https:\/\/radiorevelacionfm.cl\/index.php?rest_route=%2Fwp%2Fv2%2Fcategories&post=26111"},{"taxonomy":"post_tag","embeddable":true,"href":"https:\/\/radiorevelacionfm.cl\/index.php?rest_route=%2Fwp%2Fv2%2Ftags&post=26111"}],"curies":[{"name":"wp","href":"https:\/\/api.w.org\/{rel}","templated":true}]}}