{"id":2611,"date":"2021-02-15T10:17:43","date_gmt":"2021-02-15T13:17:43","guid":{"rendered":"https:\/\/radiorevelacionfm.cl\/?p=2611"},"modified":"2021-02-15T10:17:43","modified_gmt":"2021-02-15T13:17:43","slug":"mamografo-movil-se-traslado-hasta-la-localidad-de-el-blanco-beneficiando-a-50-mujeres-del-sector","status":"publish","type":"post","link":"https:\/\/radiorevelacionfm.cl\/?p=2611","title":{"rendered":"Mam\u00f3grafo m\u00f3vil se traslad\u00f3 hasta la localidad de El Blanco beneficiando a 50 mujeres del sector"},"content":{"rendered":"<div class=\"flex_column av_one_full  flex_column_div av-zero-column-padding first  avia-builder-el-0  el_before_av_one_full  avia-builder-el-first  \" style='border-radius:0px; '><div  class='avia-image-container  av-styling-    avia-builder-el-1  avia-builder-el-no-sibling  avia-align-center '  itemprop=\"image\" itemscope=\"itemscope\" itemtype=\"https:\/\/schema.org\/ImageObject\"  ><div class='avia-image-container-inner'><div class='avia-image-overlay-wrap'><img decoding=\"async\" class='wp-image-0 avia-img-lazy-loading-not-0 avia_image' src=\"https:\/\/radiorevelacionfm.cl\/wp-content\/uploads\/2021\/02\/mamografo-movil_optimized.jpg\" alt='' title=''   itemprop=\"thumbnailUrl\"  \/><\/div><\/div><\/div><\/div><div class=\"flex_column av_one_full  flex_column_div av-zero-column-padding first  avia-builder-el-2  el_after_av_one_full  el_before_av_one_full  column-top-margin\" style='border-radius:0px; '><section class=\"av_textblock_section \"  itemscope=\"itemscope\" itemtype=\"https:\/\/schema.org\/BlogPosting\" itemprop=\"blogPost\" ><div class='avia_textblock  '   itemprop=\"text\" ><p style=\"text-align: center;\"><strong><span style=\"font-size: 18pt;\">Mam\u00f3grafo m\u00f3vil se traslad\u00f3 hasta la localidad de El Blanco beneficiando a 50 mujeres del sector<\/span><\/strong><\/p>\n<div id=\"gtx-trans\" style=\"position: absolute; left: -50px; top: 4.31534px;\">\n<div class=\"gtx-trans-icon\"><\/div>\n<\/div>\n<\/div><\/section><\/div><div class=\"flex_column av_one_full  flex_column_div av-zero-column-padding first  avia-builder-el-4  el_after_av_one_full  el_before_av_hr  column-top-margin\" style='border-radius:0px; '><section class=\"av_textblock_section \"  itemscope=\"itemscope\" itemtype=\"https:\/\/schema.org\/BlogPosting\" itemprop=\"blogPost\" ><div class='avia_textblock  '   itemprop=\"text\" ><p style=\"text-align: justify;\"><em>Unas 50 mujeres de El Blanco, se vieron beneficiadas con la presencia del mam\u00f3grafo m\u00f3vil, el cual fue llevado junto a las profesionales que realizan los ex\u00e1menes. De esta manera, se contin\u00faa el trabajo en plena pandemia, con el fin que las usuarias tengan las prestaciones necesarias sin problemas. <\/em><\/p>\n<p style=\"text-align: justify;\">Muchas veces el acceso a ciertos ex\u00e1menes o procedimientos m\u00e9dicos son limitados debido al tiempo que se requiere para ellos, en especial para quienes viven en comunas alejadas de la conurbaci\u00f3n donde la distancia sin duda es un problema.<\/p>\n<p style=\"text-align: justify;\">Es por eso que para asegurar que todas las mujeres de la regi\u00f3n de Ays\u00e9n puedan hacerse sus controles preventivos es que un equipo m\u00f3vil de mamograf\u00eda totalmente implementado se traslada por distintas localidades del territorio.<\/p>\n<p style=\"text-align: justify;\">Carolina \u00c1lvarez, Tecn\u00f3loga Medica del Mam\u00f3grafo M\u00f3vil, indic\u00f3 que \u201cdesde que comenzamos a funcionar con el mam\u00f3grafo m\u00f3vil las listas de espera bajaron considerablemente en la regi\u00f3n, incluso en algunas localidades se atendi\u00f3 completamente, sobre todo en las localidades rurales. El 2020 producto de la pandemia, se gener\u00f3 una peque\u00f1a lista de espera, que estamos trabajando para disminuir nuevamente\u201d.<\/p>\n<p style=\"text-align: justify;\">Igualmente, \u00c1lvarez agreg\u00f3 \u201ces importante la realizaci\u00f3n de la mamograf\u00eda, ya que permite detectar un c\u00e1ncer de mama en etapa precoz, por lo que se recomienda mantener sus controles de manera peri\u00f3dica con matrona o m\u00e9dico y solicitar anualmente su mamograf\u00eda\u201d, puntualiz\u00f3.<\/p>\n<p style=\"text-align: justify;\">Susan Hern\u00e1ndez, usuaria del mam\u00f3grafo m\u00f3vil de la localidad de El Blanco, manifest\u00f3 que \u201cpara nosotras es muy c\u00f3modo que pueda venir el mam\u00f3grafo m\u00f3vil a nuestro pueblo, ya que evitamos trasladarnos hasta Coyhaique, por lo que se agradecen este tipo de instancias\u201d.<\/p>\n<p style=\"text-align: justify;\">Se\u00f1alar que los criterios para acceder a atenci\u00f3n consideran, mujeres sobre los 40 a\u00f1os, con \u00e9nfasis en las de 50 a 69 a\u00f1os, por el mayor riesgo de c\u00e1ncer en ese grupo etario; mujeres de otras edades, con factores de riesgo identificados por m\u00e9dico o matrona; y el estar en control en alg\u00fan centro de Atenci\u00f3n Primaria de Salud (CESFAM, CECOSF, Posta de Salud Rural y Hospitales comunitarios).<\/p>\n<p style=\"text-align: justify;\">La importancia de la detecci\u00f3n temprana del c\u00e1ncer de mama mediante el uso de la mamograf\u00eda y otras t\u00e9cnicas, es fundamental ya que cambian el pron\u00f3stico de la enfermedad. El diagn\u00f3stico precoz es vital, pues de el dependen las posibilidades de curaci\u00f3n, que pueden ser del 100% si se detecta a tiempo.<\/p>\n<p style=\"text-align: justify;\"><strong>Mam\u00f3grafo M\u00f3vil en terreno<\/strong><\/p>\n<p style=\"text-align: justify;\">En los \u00faltimos dos a\u00f1os el mam\u00f3grafo m\u00f3vil ha recorrido distintas localidades entre las que se destacan Valle Simpson, El Blanco, Balmaceda, Ra\u00fal Mar\u00edn Balmaceda, Lago Verde, La Junta, Puyuhuapi, Villa Amegual, Islas Huichas y Melinka, entre otras, permitiendo que en el a\u00f1o 2018 atender a 1648 mujeres, mientras que el 2019 fueron 1963 usuarias. El a\u00f1o 2020, se pudieron realizar 582 ex\u00e1menes, ya que el m\u00f3vil sufri\u00f3 un desperfecto, sumado a temas de pandemia se bajaron los rendimientos, entendiendo que se atienden menos pacientes durante el d\u00eda para realizar desinfecci\u00f3n de equipos entre usuarias.<\/p>\n<p style=\"text-align: justify;\">En tanto, la importancia del mam\u00f3grafo m\u00f3vil, versa sobre la necesidad de acercar el diagn\u00f3stico precoz y oportuno de c\u00e1ncer de mama en las mujeres de la regi\u00f3n de Ays\u00e9n, por lo que la Subdirecci\u00f3n de gesti\u00f3n asistencial del Servicio de Salud, ha calendarizado en coordinaci\u00f3n con establecimientos APS y\/o Hospitales Comunitarios despliegues pr\u00f3ximos en las localidades de Valle Simpson y Balmaceda.<\/p>\n<\/div><\/section><\/div><div  style='height:50px' class='hr hr-invisible   avia-builder-el-6  el_after_av_one_full  el_before_av_social_share '><span class='hr-inner ' ><span class='hr-inner-style'><\/span><\/span><\/div><\/p>\n<div  class='av-social-sharing-box  avia-builder-el-7  el_after_av_hr  el_before_av_hr  '><div class='av-share-box'><h5 class='av-share-link-description av-no-toc '>Compartir esta noticia<\/h5><ul class='av-share-box-list noLightbox'><li class='av-share-link av-social-link-facebook' ><a target=\"_blank\" aria-label=\"Compartir en Facebook\" href='https:\/\/www.facebook.com\/sharer.php?u=https:\/\/radiorevelacionfm.cl\/?p=2611&#038;t=Mam%C3%B3grafo%20m%C3%B3vil%20se%20traslad%C3%B3%20hasta%20la%20localidad%20de%20El%20Blanco%20beneficiando%20a%2050%20mujeres%20del%20sector' aria-hidden='false' data-av_icon='\ue8f3' data-av_iconfont='entypo-fontello' title='' data-avia-related-tooltip='Compartir en Facebook' rel=\"noopener\"><span class='avia_hidden_link_text'>Compartir en Facebook<\/span><\/a><\/li><li class='av-share-link av-social-link-twitter' ><a target=\"_blank\" aria-label=\"Compartir en Twitter\" href='https:\/\/twitter.com\/share?text=Mam%C3%B3grafo%20m%C3%B3vil%20se%20traslad%C3%B3%20hasta%20la%20localidad%20de%20El%20Blanco%20beneficiando%20a%2050%20mujeres%20del%20sector&#038;url=https:\/\/radiorevelacionfm.cl\/?p=2611' aria-hidden='false' data-av_icon='\ue8f1' data-av_iconfont='entypo-fontello' title='' data-avia-related-tooltip='Compartir en Twitter' rel=\"noopener\"><span class='avia_hidden_link_text'>Compartir en Twitter<\/span><\/a><\/li><li class='av-share-link av-social-link-whatsapp' ><a target=\"_blank\" aria-label=\"Compartir en Whatsapp\" href='https:\/\/api.whatsapp.com\/send?text=https:\/\/radiorevelacionfm.cl\/?p=2611' aria-hidden='false' data-av_icon='\uf232' data-av_iconfont='entypo-fontello' title='' data-avia-related-tooltip='Compartir en Whatsapp' rel=\"noopener\"><span class='avia_hidden_link_text'>Compartir en Whatsapp<\/span><\/a><\/li><li class='av-share-link av-social-link-linkedin' ><a target=\"_blank\" aria-label=\"Compartir en LinkedIn\" href='https:\/\/linkedin.com\/shareArticle?mini=true&#038;title=Mam%C3%B3grafo%20m%C3%B3vil%20se%20traslad%C3%B3%20hasta%20la%20localidad%20de%20El%20Blanco%20beneficiando%20a%2050%20mujeres%20del%20sector&#038;url=https:\/\/radiorevelacionfm.cl\/?p=2611' aria-hidden='false' data-av_icon='\ue8fc' data-av_iconfont='entypo-fontello' title='' data-avia-related-tooltip='Compartir en LinkedIn' rel=\"noopener\"><span class='avia_hidden_link_text'>Compartir en LinkedIn<\/span><\/a><\/li><li class='av-share-link av-social-link-mail' ><a  aria-label=\"Compartir por correo\" href='mailto:?subject=Mam%C3%B3grafo%20m%C3%B3vil%20se%20traslad%C3%B3%20hasta%20la%20localidad%20de%20El%20Blanco%20beneficiando%20a%2050%20mujeres%20del%20sector&#038;body=https:\/\/radiorevelacionfm.cl\/?p=2611' aria-hidden='false' data-av_icon='\ue805' data-av_iconfont='entypo-fontello' title='' data-avia-related-tooltip='Compartir por correo'><span class='avia_hidden_link_text'>Compartir por correo<\/span><\/a><\/li><\/ul><\/div><\/div>\n<div  style='height:50px' class='hr hr-invisible   avia-builder-el-8  el_after_av_social_share  el_before_av_comments_list '><span class='hr-inner ' ><span class='hr-inner-style'><\/span><\/span><\/div>\n<div  class='av-buildercomment  av-blog-meta-html-info-disabled av-blog-meta-tag-disabled  '><\/div>\n","protected":false},"excerpt":{"rendered":"","protected":false},"author":1,"featured_media":0,"comment_status":"open","ping_status":"open","sticky":false,"template":"","format":"standard","meta":{"footnotes":""},"categories":[46],"tags":[],"class_list":["post-2611","post","type-post","status-publish","format-standard","hentry","category-salud"],"jetpack_featured_media_url":"","_links":{"self":[{"href":"https:\/\/radiorevelacionfm.cl\/index.php?rest_route=\/wp\/v2\/posts\/2611","targetHints":{"allow":["GET"]}}],"collection":[{"href":"https:\/\/radiorevelacionfm.cl\/index.php?rest_route=\/wp\/v2\/posts"}],"about":[{"href":"https:\/\/radiorevelacionfm.cl\/index.php?rest_route=\/wp\/v2\/types\/post"}],"author":[{"embeddable":true,"href":"https:\/\/radiorevelacionfm.cl\/index.php?rest_route=\/wp\/v2\/users\/1"}],"replies":[{"embeddable":true,"href":"https:\/\/radiorevelacionfm.cl\/index.php?rest_route=%2Fwp%2Fv2%2Fcomments&post=2611"}],"version-history":[{"count":1,"href":"https:\/\/radiorevelacionfm.cl\/index.php?rest_route=\/wp\/v2\/posts\/2611\/revisions"}],"predecessor-version":[{"id":2613,"href":"https:\/\/radiorevelacionfm.cl\/index.php?rest_route=\/wp\/v2\/posts\/2611\/revisions\/2613"}],"wp:attachment":[{"href":"https:\/\/radiorevelacionfm.cl\/index.php?rest_route=%2Fwp%2Fv2%2Fmedia&parent=2611"}],"wp:term":[{"taxonomy":"category","embeddable":true,"href":"https:\/\/radiorevelacionfm.cl\/index.php?rest_route=%2Fwp%2Fv2%2Fcategories&post=2611"},{"taxonomy":"post_tag","embeddable":true,"href":"https:\/\/radiorevelacionfm.cl\/index.php?rest_route=%2Fwp%2Fv2%2Ftags&post=2611"}],"curies":[{"name":"wp","href":"https:\/\/api.w.org\/{rel}","templated":true}]}}