{"id":26107,"date":"2022-12-31T10:55:10","date_gmt":"2022-12-31T13:55:10","guid":{"rendered":"https:\/\/radiorevelacionfm.cl\/?p=26107"},"modified":"2022-12-31T10:55:10","modified_gmt":"2022-12-31T13:55:10","slug":"seremi-de-justicia-repudio-danos-provocados-al-memorial-de-victimas-de-violaciones-a-los-derechos-humanos-en-coyhaique","status":"publish","type":"post","link":"https:\/\/radiorevelacionfm.cl\/?p=26107","title":{"rendered":"Seremi de Justicia repudi\u00f3 da\u00f1os provocados al memorial de v\u00edctimas de violaciones a los Derechos Humanos en Coyhaique"},"content":{"rendered":"<div class=\"flex_column av_one_full  flex_column_div av-zero-column-padding first  avia-builder-el-0  el_before_av_one_full  avia-builder-el-first  \" style='border-radius:0px; '><div  class='avia-image-container  av-styling-    avia-builder-el-1  avia-builder-el-no-sibling  avia-align-center '  itemprop=\"image\" itemscope=\"itemscope\" itemtype=\"https:\/\/schema.org\/ImageObject\"  ><div class='avia-image-container-inner'><div class='avia-image-overlay-wrap'><img decoding=\"async\" class='wp-image-26027 avia-img-lazy-loading-not-26027 avia_image' src=\"https:\/\/radiorevelacionfm.cl\/wp-content\/uploads\/2022\/12\/322541765_696539092072034_381943539322740810_n-1-1.jpg\" alt='' title='322541765_696539092072034_381943539322740810_n (1) (1)' height=\"600\" width=\"768\"  itemprop=\"thumbnailUrl\" srcset=\"https:\/\/radiorevelacionfm.cl\/wp-content\/uploads\/2022\/12\/322541765_696539092072034_381943539322740810_n-1-1.jpg 768w, https:\/\/radiorevelacionfm.cl\/wp-content\/uploads\/2022\/12\/322541765_696539092072034_381943539322740810_n-1-1-300x234.jpg 300w, https:\/\/radiorevelacionfm.cl\/wp-content\/uploads\/2022\/12\/322541765_696539092072034_381943539322740810_n-1-1-705x551.jpg 705w, https:\/\/radiorevelacionfm.cl\/wp-content\/uploads\/2022\/12\/322541765_696539092072034_381943539322740810_n-1-1-600x469.jpg 600w\" sizes=\"(max-width: 768px) 100vw, 768px\" \/><\/div><\/div><\/div><\/div><div class=\"flex_column av_one_full  flex_column_div av-zero-column-padding first  avia-builder-el-2  el_after_av_one_full  el_before_av_one_full  column-top-margin\" style='border-radius:0px; '><section class=\"av_textblock_section \"  itemscope=\"itemscope\" itemtype=\"https:\/\/schema.org\/BlogPosting\" itemprop=\"blogPost\" ><div class='avia_textblock  '   itemprop=\"text\" ><p style=\"text-align: center;\"><strong><span style=\"font-size: 18pt;\">Seremi de Justicia repudi\u00f3 da\u00f1os provocados al memorial de v\u00edctimas de violaciones a los Derechos Humanos en Coyhaique <\/span><\/strong><\/p>\n<div id=\"gtx-trans\" style=\"position: absolute; left: -50px; top: 4.31534px;\">\n<div class=\"gtx-trans-icon\"><\/div>\n<\/div>\n<\/div><\/section><\/div><div class=\"flex_column av_one_full  flex_column_div av-zero-column-padding first  avia-builder-el-4  el_after_av_one_full  el_before_av_hr  column-top-margin\" style='border-radius:0px; '><section class=\"av_textblock_section \"  itemscope=\"itemscope\" itemtype=\"https:\/\/schema.org\/BlogPosting\" itemprop=\"blogPost\" ><div class='avia_textblock  '   itemprop=\"text\" ><p style=\"text-align: justify;\">Su m\u00e1s claro y categ\u00f3rico repudio a los hechos vand\u00e1licos que afectaron el memorial que recuerda a las v\u00edctimas de violaciones a los derechos humanos en Coyhaique manifest\u00f3 el Seremi de Justicia y Derechos Humanos Samuel Navarro Castro, esto dado que como pa\u00eds se debe avanzar en verdad y justicia, y claramente este tipo de hechos van en sentido contrario.<\/p>\n<p style=\"text-align: justify;\">Tras conocer los hechos, la autoridad regional indic\u00f3 que \u201cme comuniqu\u00e9 con la Agrupaci\u00f3n de Derechos Humanos, quienes confirmaron que d\u00edas pasados desconocidos habr\u00edan hecho rayados con spray, vandalizando el memorial que recuerda a las v\u00edctimas de las violaciones a los derechos humanos que se encuentra emplazado en Avenida Baquedano en la ciudad de Coyhaique, en este sentido conforme a la orientaci\u00f3n que se le ha entregado por parte de este seremi, la agrupaci\u00f3n ha hecho la denuncia correspondiente ante la polic\u00eda\u201d.<\/p>\n<p style=\"text-align: justify;\">El Seremi de Justicia y Derechos Humanos fue claro y categ\u00f3rico en manifestar su repudio a estos hechos se\u00f1alando que \u201cvamos a contribuir y colaborar en identificar a los responsables, porque no es admisible que en estos tiempos hayan afectaciones de esta naturaleza, da\u00f1os de personas que est\u00e9n de alguna forma \u00a0relativizando la vigencia de los derechos humanos o de alguna forma cuestionando la existencia de violaciones a los derechos humanos durante la dictadura c\u00edvico- militar, en ese sentido creemos que como pa\u00eds, como sociedad debemos avanzar en mayor verdad, mayor justicia, en hacer memoria para la reparaci\u00f3n, y este tipo de actos van en un sentido contrario a lo que estamos desarrollando desde la Seremi de Justicia y Derechos Humanos\u201d concluy\u00f3.<\/p>\n<\/div><\/section><\/div><div  style='height:50px' class='hr hr-invisible   avia-builder-el-6  el_after_av_one_full  el_before_av_social_share '><span class='hr-inner ' ><span class='hr-inner-style'><\/span><\/span><\/div><\/p>\n<div  class='av-social-sharing-box  avia-builder-el-7  el_after_av_hr  el_before_av_hr  '><div class='av-share-box'><h5 class='av-share-link-description av-no-toc '>Compartir esta noticia<\/h5><ul class='av-share-box-list noLightbox'><li class='av-share-link av-social-link-facebook' ><a target=\"_blank\" aria-label=\"Compartir en Facebook\" href='https:\/\/www.facebook.com\/sharer.php?u=https:\/\/radiorevelacionfm.cl\/?p=26107&#038;t=Seremi%20de%20Justicia%20repudi%C3%B3%20da%C3%B1os%20provocados%20al%20memorial%20de%20v%C3%ADctimas%20de%20violaciones%20a%20los%20Derechos%20Humanos%20en%20Coyhaique' aria-hidden='false' data-av_icon='\ue8f3' data-av_iconfont='entypo-fontello' title='' data-avia-related-tooltip='Compartir en Facebook' rel=\"noopener\"><span class='avia_hidden_link_text'>Compartir en Facebook<\/span><\/a><\/li><li class='av-share-link av-social-link-twitter' ><a target=\"_blank\" aria-label=\"Compartir en Twitter\" href='https:\/\/twitter.com\/share?text=Seremi%20de%20Justicia%20repudi%C3%B3%20da%C3%B1os%20provocados%20al%20memorial%20de%20v%C3%ADctimas%20de%20violaciones%20a%20los%20Derechos%20Humanos%20en%20Coyhaique&#038;url=https:\/\/radiorevelacionfm.cl\/?p=26107' aria-hidden='false' data-av_icon='\ue8f1' data-av_iconfont='entypo-fontello' title='' data-avia-related-tooltip='Compartir en Twitter' rel=\"noopener\"><span class='avia_hidden_link_text'>Compartir en Twitter<\/span><\/a><\/li><li class='av-share-link av-social-link-whatsapp' ><a target=\"_blank\" aria-label=\"Compartir en Whatsapp\" href='https:\/\/api.whatsapp.com\/send?text=https:\/\/radiorevelacionfm.cl\/?p=26107' aria-hidden='false' data-av_icon='\uf232' data-av_iconfont='entypo-fontello' title='' data-avia-related-tooltip='Compartir en Whatsapp' rel=\"noopener\"><span class='avia_hidden_link_text'>Compartir en Whatsapp<\/span><\/a><\/li><li class='av-share-link av-social-link-linkedin' ><a target=\"_blank\" aria-label=\"Compartir en LinkedIn\" href='https:\/\/linkedin.com\/shareArticle?mini=true&#038;title=Seremi%20de%20Justicia%20repudi%C3%B3%20da%C3%B1os%20provocados%20al%20memorial%20de%20v%C3%ADctimas%20de%20violaciones%20a%20los%20Derechos%20Humanos%20en%20Coyhaique&#038;url=https:\/\/radiorevelacionfm.cl\/?p=26107' aria-hidden='false' data-av_icon='\ue8fc' data-av_iconfont='entypo-fontello' title='' data-avia-related-tooltip='Compartir en LinkedIn' rel=\"noopener\"><span class='avia_hidden_link_text'>Compartir en LinkedIn<\/span><\/a><\/li><li class='av-share-link av-social-link-mail' ><a  aria-label=\"Compartir por correo\" href='mailto:?subject=Seremi%20de%20Justicia%20repudi%C3%B3%20da%C3%B1os%20provocados%20al%20memorial%20de%20v%C3%ADctimas%20de%20violaciones%20a%20los%20Derechos%20Humanos%20en%20Coyhaique&#038;body=https:\/\/radiorevelacionfm.cl\/?p=26107' aria-hidden='false' data-av_icon='\ue805' data-av_iconfont='entypo-fontello' title='' data-avia-related-tooltip='Compartir por correo'><span class='avia_hidden_link_text'>Compartir por correo<\/span><\/a><\/li><\/ul><\/div><\/div>\n<div  style='height:50px' class='hr hr-invisible   avia-builder-el-8  el_after_av_social_share  el_before_av_comments_list '><span class='hr-inner ' ><span class='hr-inner-style'><\/span><\/span><\/div>\n<div  class='av-buildercomment  av-blog-meta-html-info-disabled av-blog-meta-tag-disabled  '><\/div>\n","protected":false},"excerpt":{"rendered":"","protected":false},"author":1,"featured_media":26027,"comment_status":"open","ping_status":"open","sticky":false,"template":"","format":"standard","meta":{"footnotes":""},"categories":[55],"tags":[],"class_list":["post-26107","post","type-post","status-publish","format-standard","has-post-thumbnail","hentry","category-justicia"],"jetpack_featured_media_url":"https:\/\/radiorevelacionfm.cl\/wp-content\/uploads\/2022\/12\/322541765_696539092072034_381943539322740810_n-1-1.jpg","_links":{"self":[{"href":"https:\/\/radiorevelacionfm.cl\/index.php?rest_route=\/wp\/v2\/posts\/26107","targetHints":{"allow":["GET"]}}],"collection":[{"href":"https:\/\/radiorevelacionfm.cl\/index.php?rest_route=\/wp\/v2\/posts"}],"about":[{"href":"https:\/\/radiorevelacionfm.cl\/index.php?rest_route=\/wp\/v2\/types\/post"}],"author":[{"embeddable":true,"href":"https:\/\/radiorevelacionfm.cl\/index.php?rest_route=\/wp\/v2\/users\/1"}],"replies":[{"embeddable":true,"href":"https:\/\/radiorevelacionfm.cl\/index.php?rest_route=%2Fwp%2Fv2%2Fcomments&post=26107"}],"version-history":[{"count":2,"href":"https:\/\/radiorevelacionfm.cl\/index.php?rest_route=\/wp\/v2\/posts\/26107\/revisions"}],"predecessor-version":[{"id":26109,"href":"https:\/\/radiorevelacionfm.cl\/index.php?rest_route=\/wp\/v2\/posts\/26107\/revisions\/26109"}],"wp:featuredmedia":[{"embeddable":true,"href":"https:\/\/radiorevelacionfm.cl\/index.php?rest_route=\/wp\/v2\/media\/26027"}],"wp:attachment":[{"href":"https:\/\/radiorevelacionfm.cl\/index.php?rest_route=%2Fwp%2Fv2%2Fmedia&parent=26107"}],"wp:term":[{"taxonomy":"category","embeddable":true,"href":"https:\/\/radiorevelacionfm.cl\/index.php?rest_route=%2Fwp%2Fv2%2Fcategories&post=26107"},{"taxonomy":"post_tag","embeddable":true,"href":"https:\/\/radiorevelacionfm.cl\/index.php?rest_route=%2Fwp%2Fv2%2Ftags&post=26107"}],"curies":[{"name":"wp","href":"https:\/\/api.w.org\/{rel}","templated":true}]}}