{"id":26094,"date":"2022-12-30T18:26:53","date_gmt":"2022-12-30T21:26:53","guid":{"rendered":"https:\/\/radiorevelacionfm.cl\/?p=26094"},"modified":"2022-12-30T18:26:53","modified_gmt":"2022-12-30T21:26:53","slug":"anuncian-92-nuevos-proyectos-ganadores-de-fondos-cultura-2023","status":"publish","type":"post","link":"https:\/\/radiorevelacionfm.cl\/?p=26094","title":{"rendered":"Anuncian 92 nuevos proyectos ganadores de Fondos Cultura 2023"},"content":{"rendered":"<div class=\"flex_column av_one_full  flex_column_div av-zero-column-padding first  avia-builder-el-0  el_before_av_one_full  avia-builder-el-first  \" style='border-radius:0px; '><div  class='avia-image-container  av-styling-    avia-builder-el-1  avia-builder-el-no-sibling  avia-align-center '  itemprop=\"image\" itemscope=\"itemscope\" itemtype=\"https:\/\/schema.org\/ImageObject\"  ><div class='avia-image-container-inner'><div class='avia-image-overlay-wrap'><img decoding=\"async\" class='wp-image-26095 avia-img-lazy-loading-not-26095 avia_image' src=\"https:\/\/radiorevelacionfm.cl\/wp-content\/uploads\/2022\/12\/Fondos-Culturas-1-1.jpg\" alt='' title='Fondos Culturas (1) (1)' height=\"600\" width=\"900\"  itemprop=\"thumbnailUrl\" srcset=\"https:\/\/radiorevelacionfm.cl\/wp-content\/uploads\/2022\/12\/Fondos-Culturas-1-1.jpg 900w, https:\/\/radiorevelacionfm.cl\/wp-content\/uploads\/2022\/12\/Fondos-Culturas-1-1-300x200.jpg 300w, https:\/\/radiorevelacionfm.cl\/wp-content\/uploads\/2022\/12\/Fondos-Culturas-1-1-768x512.jpg 768w, https:\/\/radiorevelacionfm.cl\/wp-content\/uploads\/2022\/12\/Fondos-Culturas-1-1-705x470.jpg 705w, https:\/\/radiorevelacionfm.cl\/wp-content\/uploads\/2022\/12\/Fondos-Culturas-1-1-600x400.jpg 600w\" sizes=\"(max-width: 900px) 100vw, 900px\" \/><\/div><\/div><\/div><\/div><div class=\"flex_column av_one_full  flex_column_div av-zero-column-padding first  avia-builder-el-2  el_after_av_one_full  el_before_av_one_full  column-top-margin\" style='border-radius:0px; '><section class=\"av_textblock_section \"  itemscope=\"itemscope\" itemtype=\"https:\/\/schema.org\/BlogPosting\" itemprop=\"blogPost\" ><div class='avia_textblock  '   itemprop=\"text\" ><p style=\"text-align: center;\"><strong><span style=\"font-size: 18pt;\">Anuncian 92 nuevos proyectos ganadores de Fondos Cultura 2023<\/span><\/strong><\/p>\n<div id=\"gtx-trans\" style=\"position: absolute; left: -50px; top: 4.31534px;\">\n<div class=\"gtx-trans-icon\"><\/div>\n<\/div>\n<\/div><\/section><\/div><div class=\"flex_column av_one_full  flex_column_div av-zero-column-padding first  avia-builder-el-4  el_after_av_one_full  el_before_av_hr  column-top-margin\" style='border-radius:0px; '><section class=\"av_textblock_section \"  itemscope=\"itemscope\" itemtype=\"https:\/\/schema.org\/BlogPosting\" itemprop=\"blogPost\" ><div class='avia_textblock  '   itemprop=\"text\" ><p style=\"text-align: justify;\">92 proyectos fueron seleccionados con m\u00e1s de $2.800 millones ($2.826.746.060) en la segunda entrega de los Fondos Cultura 2023 del Ministerio de las Culturas, las Artes y el Patrimonio. Las iniciativas corresponden a las l\u00edneas de Festivales y Ferias del Fondo del Libro y la Lectura; M\u00fasica en Vivo del Fondo de la M\u00fasica, y Difusi\u00f3n, Exhibici\u00f3n e Implementaci\u00f3n y Distribuci\u00f3n de Cine y Videojuegos del Fondo Audiovisual.<\/p>\n<p style=\"text-align: justify;\">\u201cEstos resultados demuestran nuestro compromiso y trabajo por la reactivaci\u00f3n cultural inclusiva, la descentralizaci\u00f3n y el desarrollo territorial, y el fortalecimiento de la programaci\u00f3n cultural y art\u00edstica en todas las regiones y territorios del pa\u00eds\u201d, dice la ministra de las Culturas, Julieta Brodsky Hern\u00e1ndez.<\/p>\n<p style=\"text-align: justify;\">El anuncio se suma a la entrega de la semana pasada, correspondiente a dos l\u00edneas: Festivales y Encuentros del Fondo de Artes Esc\u00e9nicas, y Organizaci\u00f3n, Festivales, Ferias y Exposiciones del Fondart Regional. En esa ocasi\u00f3n se asignaron $2.400 millones para 85 proyectos. En total, sumando ambas entregas, a la fecha se han seleccionado 177 proyectos con m\u00e1s de $5.200 millones.<\/p>\n<p style=\"text-align: justify;\"><strong>FONDO AUDIOVISUAL<\/strong><\/p>\n<p style=\"text-align: justify;\">En sus l\u00edneas de Difusi\u00f3n, Exhibici\u00f3n e Implementaci\u00f3n Audiovisual y Distribuci\u00f3n de Cine y Videojuegos, el Fondo Audiovisual seleccion\u00f3 39 proyectos por m\u00e1s de $1.400 millones. Un 66,6% de las iniciativas corresponden a regiones distintas a la Metropolitana, a las que se les entregar\u00e1 el 52,9% de los recursos ($742.836.772).<\/p>\n<p style=\"text-align: justify;\">Entre los proyectos destacados est\u00e1n MIRADOC 2023\/2024: Acercando documentales chilenos al territorio ($140.000.000) y el 3er Festival de Cine de Mujeres y Diversidades del G\u00e9nero FESTMYD ($45.000.000).<\/p>\n<p style=\"text-align: justify;\"><strong>FONDO DE LA M\u00daSICA<\/strong><\/p>\n<p style=\"text-align: justify;\">En su l\u00ednea M\u00fasica en Vivo (presencial o virtual), el Fondo de la M\u00fasica entregar\u00e1 m\u00e1s de $782 millones para el financiamiento de 36 proyectos. Un 69,4% de las iniciativas corresponden a regiones distintas a la Metropolitana, las que recibir\u00e1n el 70,6% de los recursos ($552.541.790). El financiamiento considera a 12 festivales de trayectoria.<\/p>\n<p style=\"text-align: justify;\">Entre los proyectos destacados est\u00e1n El Baker se une en acorde\u00f3n. Encuentro Nacional de Acordeonistas Cochrane 2023-2024 ($30.880.000) y el V Festival Internacional Sonamos para los Ni\u00f1os y Ni\u00f1as de Valdivia ($14.488.500).<\/p>\n<p style=\"text-align: justify;\"><strong>FONDO DEL LIBRO Y LA LECTURA<\/strong><\/p>\n<p style=\"text-align: justify;\"><strong>\u00a0<\/strong>En su l\u00ednea Apoyo a Festivales y Ferias del Libro, el Fondo del Libro y la Lectura financiar\u00e1 17 proyectos por m\u00e1s de $641 millones. Un 70,6% de las iniciativas corresponden a regiones distintas a la Metropolitana y recibir\u00e1n un 74,0% de los recursos ($475.095.680).<\/p>\n<p style=\"text-align: justify;\">Entre los proyectos destacados se cuentan la XII Feria del Libro Zicosur. Filzic, Antofagasta 2023 ($14.488.500) y el 9\u00b0 Festival Internacional de Comics de Valdivia ($73.909.549).<\/p>\n<p style=\"text-align: justify;\">M\u00e1s informaci\u00f3n y listado de ganadores en <a href=\"https:\/\/www.fondosdecultura.cl\/resultados\/\">https:\/\/www.fondosdecultura.cl\/resultados\/<\/a>. El resto de las l\u00edneas de los Fondos se anunciar\u00e1n en enero de 2023.<\/p>\n<\/div><\/section><\/div><div  style='height:50px' class='hr hr-invisible   avia-builder-el-6  el_after_av_one_full  el_before_av_social_share '><span class='hr-inner ' ><span class='hr-inner-style'><\/span><\/span><\/div><\/p>\n<div  class='av-social-sharing-box  avia-builder-el-7  el_after_av_hr  el_before_av_hr  '><div class='av-share-box'><h5 class='av-share-link-description av-no-toc '>Compartir esta noticia<\/h5><ul class='av-share-box-list noLightbox'><li class='av-share-link av-social-link-facebook' ><a target=\"_blank\" aria-label=\"Compartir en Facebook\" href='https:\/\/www.facebook.com\/sharer.php?u=https:\/\/radiorevelacionfm.cl\/?p=26094&#038;t=Anuncian%2092%20nuevos%20proyectos%20ganadores%20de%20Fondos%20Cultura%202023' aria-hidden='false' data-av_icon='\ue8f3' data-av_iconfont='entypo-fontello' title='' data-avia-related-tooltip='Compartir en Facebook' rel=\"noopener\"><span class='avia_hidden_link_text'>Compartir en Facebook<\/span><\/a><\/li><li class='av-share-link av-social-link-twitter' ><a target=\"_blank\" aria-label=\"Compartir en Twitter\" href='https:\/\/twitter.com\/share?text=Anuncian%2092%20nuevos%20proyectos%20ganadores%20de%20Fondos%20Cultura%202023&#038;url=https:\/\/radiorevelacionfm.cl\/?p=26094' aria-hidden='false' data-av_icon='\ue8f1' data-av_iconfont='entypo-fontello' title='' data-avia-related-tooltip='Compartir en Twitter' rel=\"noopener\"><span class='avia_hidden_link_text'>Compartir en Twitter<\/span><\/a><\/li><li class='av-share-link av-social-link-whatsapp' ><a target=\"_blank\" aria-label=\"Compartir en Whatsapp\" href='https:\/\/api.whatsapp.com\/send?text=https:\/\/radiorevelacionfm.cl\/?p=26094' aria-hidden='false' data-av_icon='\uf232' data-av_iconfont='entypo-fontello' title='' data-avia-related-tooltip='Compartir en Whatsapp' rel=\"noopener\"><span class='avia_hidden_link_text'>Compartir en Whatsapp<\/span><\/a><\/li><li class='av-share-link av-social-link-linkedin' ><a target=\"_blank\" aria-label=\"Compartir en LinkedIn\" href='https:\/\/linkedin.com\/shareArticle?mini=true&#038;title=Anuncian%2092%20nuevos%20proyectos%20ganadores%20de%20Fondos%20Cultura%202023&#038;url=https:\/\/radiorevelacionfm.cl\/?p=26094' aria-hidden='false' data-av_icon='\ue8fc' data-av_iconfont='entypo-fontello' title='' data-avia-related-tooltip='Compartir en LinkedIn' rel=\"noopener\"><span class='avia_hidden_link_text'>Compartir en LinkedIn<\/span><\/a><\/li><li class='av-share-link av-social-link-mail' ><a  aria-label=\"Compartir por correo\" href='mailto:?subject=Anuncian%2092%20nuevos%20proyectos%20ganadores%20de%20Fondos%20Cultura%202023&#038;body=https:\/\/radiorevelacionfm.cl\/?p=26094' aria-hidden='false' data-av_icon='\ue805' data-av_iconfont='entypo-fontello' title='' data-avia-related-tooltip='Compartir por correo'><span class='avia_hidden_link_text'>Compartir por correo<\/span><\/a><\/li><\/ul><\/div><\/div>\n<div  style='height:50px' class='hr hr-invisible   avia-builder-el-8  el_after_av_social_share  el_before_av_comments_list '><span class='hr-inner ' ><span class='hr-inner-style'><\/span><\/span><\/div>\n<div  class='av-buildercomment  av-blog-meta-html-info-disabled av-blog-meta-tag-disabled  '><\/div>\n","protected":false},"excerpt":{"rendered":"","protected":false},"author":1,"featured_media":26095,"comment_status":"open","ping_status":"open","sticky":false,"template":"","format":"standard","meta":{"footnotes":""},"categories":[52],"tags":[],"class_list":["post-26094","post","type-post","status-publish","format-standard","has-post-thumbnail","hentry","category-cultura"],"jetpack_featured_media_url":"https:\/\/radiorevelacionfm.cl\/wp-content\/uploads\/2022\/12\/Fondos-Culturas-1-1.jpg","_links":{"self":[{"href":"https:\/\/radiorevelacionfm.cl\/index.php?rest_route=\/wp\/v2\/posts\/26094","targetHints":{"allow":["GET"]}}],"collection":[{"href":"https:\/\/radiorevelacionfm.cl\/index.php?rest_route=\/wp\/v2\/posts"}],"about":[{"href":"https:\/\/radiorevelacionfm.cl\/index.php?rest_route=\/wp\/v2\/types\/post"}],"author":[{"embeddable":true,"href":"https:\/\/radiorevelacionfm.cl\/index.php?rest_route=\/wp\/v2\/users\/1"}],"replies":[{"embeddable":true,"href":"https:\/\/radiorevelacionfm.cl\/index.php?rest_route=%2Fwp%2Fv2%2Fcomments&post=26094"}],"version-history":[{"count":2,"href":"https:\/\/radiorevelacionfm.cl\/index.php?rest_route=\/wp\/v2\/posts\/26094\/revisions"}],"predecessor-version":[{"id":26097,"href":"https:\/\/radiorevelacionfm.cl\/index.php?rest_route=\/wp\/v2\/posts\/26094\/revisions\/26097"}],"wp:featuredmedia":[{"embeddable":true,"href":"https:\/\/radiorevelacionfm.cl\/index.php?rest_route=\/wp\/v2\/media\/26095"}],"wp:attachment":[{"href":"https:\/\/radiorevelacionfm.cl\/index.php?rest_route=%2Fwp%2Fv2%2Fmedia&parent=26094"}],"wp:term":[{"taxonomy":"category","embeddable":true,"href":"https:\/\/radiorevelacionfm.cl\/index.php?rest_route=%2Fwp%2Fv2%2Fcategories&post=26094"},{"taxonomy":"post_tag","embeddable":true,"href":"https:\/\/radiorevelacionfm.cl\/index.php?rest_route=%2Fwp%2Fv2%2Ftags&post=26094"}],"curies":[{"name":"wp","href":"https:\/\/api.w.org\/{rel}","templated":true}]}}