{"id":26084,"date":"2022-12-30T15:15:31","date_gmt":"2022-12-30T18:15:31","guid":{"rendered":"https:\/\/radiorevelacionfm.cl\/?p=26084"},"modified":"2022-12-30T15:15:31","modified_gmt":"2022-12-30T18:15:31","slug":"sector-salud-pondra-enfasis-en-salud-mental-atencion-primaria-y-reduccion-en-tiempos-de-listas-de-espera-para-el-2023","status":"publish","type":"post","link":"https:\/\/radiorevelacionfm.cl\/?p=26084","title":{"rendered":"Sector salud pondr\u00e1 \u00e9nfasis en Salud Mental, Atenci\u00f3n Primaria y reducci\u00f3n en tiempos de listas de espera para el 2023"},"content":{"rendered":"<div class=\"flex_column av_one_full  flex_column_div av-zero-column-padding first  avia-builder-el-0  el_before_av_one_full  avia-builder-el-first  \" style='border-radius:0px; '><div  class='avia-image-container  av-styling-    avia-builder-el-1  avia-builder-el-no-sibling  avia-align-center '  itemprop=\"image\" itemscope=\"itemscope\" itemtype=\"https:\/\/schema.org\/ImageObject\"  ><div class='avia-image-container-inner'><div class='avia-image-overlay-wrap'><img decoding=\"async\" class='wp-image-26085 avia-img-lazy-loading-not-26085 avia_image' src=\"https:\/\/radiorevelacionfm.cl\/wp-content\/uploads\/2022\/12\/cumbre-salud-1-1.jpeg\" alt='' title='cumbre salud (1) (1)' height=\"600\" width=\"800\"  itemprop=\"thumbnailUrl\" srcset=\"https:\/\/radiorevelacionfm.cl\/wp-content\/uploads\/2022\/12\/cumbre-salud-1-1.jpeg 800w, https:\/\/radiorevelacionfm.cl\/wp-content\/uploads\/2022\/12\/cumbre-salud-1-1-300x225.jpeg 300w, https:\/\/radiorevelacionfm.cl\/wp-content\/uploads\/2022\/12\/cumbre-salud-1-1-768x576.jpeg 768w, https:\/\/radiorevelacionfm.cl\/wp-content\/uploads\/2022\/12\/cumbre-salud-1-1-705x529.jpeg 705w, https:\/\/radiorevelacionfm.cl\/wp-content\/uploads\/2022\/12\/cumbre-salud-1-1-600x450.jpeg 600w\" sizes=\"(max-width: 800px) 100vw, 800px\" \/><\/div><\/div><\/div><\/div><div class=\"flex_column av_one_full  flex_column_div av-zero-column-padding first  avia-builder-el-2  el_after_av_one_full  el_before_av_one_full  column-top-margin\" style='border-radius:0px; '><section class=\"av_textblock_section \"  itemscope=\"itemscope\" itemtype=\"https:\/\/schema.org\/BlogPosting\" itemprop=\"blogPost\" ><div class='avia_textblock  '   itemprop=\"text\" ><p style=\"text-align: center;\"><strong><span style=\"font-size: 18pt;\">Sector salud pondr\u00e1 \u00e9nfasis en Salud Mental, Atenci\u00f3n Primaria y reducci\u00f3n en tiempos de listas de espera para el 2023<\/span><\/strong><\/p>\n<div id=\"gtx-trans\" style=\"position: absolute; left: -50px; top: 4.31534px;\">\n<div class=\"gtx-trans-icon\"><\/div>\n<\/div>\n<\/div><\/section><\/div><div class=\"flex_column av_one_full  flex_column_div av-zero-column-padding first  avia-builder-el-4  el_after_av_one_full  el_before_av_hr  column-top-margin\" style='border-radius:0px; '><section class=\"av_textblock_section \"  itemscope=\"itemscope\" itemtype=\"https:\/\/schema.org\/BlogPosting\" itemprop=\"blogPost\" ><div class='avia_textblock  '   itemprop=\"text\" ><p style=\"text-align: justify;\">Uno de los objetivos del trabajo intersectorial permitir\u00e1 comenzar el a\u00f1o 2023 con el Resonador Magn\u00e9tico funcionando en marcha blanca en el Hospital Regional Coyhaique, adem\u00e1s de impulsar la materializaci\u00f3n de Box M\u00e9dicos en Juntas de Vecinos, y la garant\u00eda del COPAGO CERO en toda la red asistencial, entre otras acciones.<\/p>\n<p style=\"text-align: justify;\">Trabajo con las organizaciones sociales, la puesta en marcha del COPAGO CERO, implementaci\u00f3n de box cl\u00ednicos en juntas de vecinos, aplicaci\u00f3n de T\u00e9cnica Local de PCR para detecci\u00f3n de Hantavirus, acciones para avanzar en la Resoluci\u00f3n de las Listas de Espera, Inicio de operaciones del Resonador Magn\u00e9tico, adem\u00e1s de los esfuerzos por mejorar la infraestructura y equipamiento de la red de salud, son algunas de las acciones que se han impulsado desde el sector salud durante este 2022 con la finalidad de dar cumplimiento a las demandas ciudadanas y los lineamientos del Ministerio de Salud para acercar una salud digna y accesible a todas las familias de Ays\u00e9n.<\/p>\n<p style=\"text-align: justify;\"><strong>Cumbre de Salud<\/strong><\/p>\n<p style=\"text-align: justify;\">Al realizar un balance de este a\u00f1o, la Seremi de Salud, Carmen Monsalve, destac\u00f3 el trabajo con las organizaciones sociales.\u00a0 \u201cTal como lo ha solicitado el Presidente Gabriel Boric, donde nos ha solicitado escuchar y trabajar junto a nuestras comunidades. Este 2022, ha sido un a\u00f1o donde con nuestras organizaciones sociales hemos logrado avanzar en acciones concretas para seguir mejorando la salud en Ays\u00e9n, escuchando y dando respuesta a las principales necesidades de nuestra comunidad, tal como ocurri\u00f3 con la 1\u00b0Cumbre de Salud, iniciativa que surgi\u00f3 desde los propios dirigentes sociales del Consejo Asesor, quienes plantearon no solo sus inquietudes, sino que tambi\u00e9n sus sugerencias entorno a las atenciones en salud, donde junto a actores sociales y directivos de salud elaboraremos herramientas y acuerdos para ir mejorando la salud p\u00fablica de la regi\u00f3n\u201d. Un desaf\u00edo para este 2023.<\/p>\n<p style=\"text-align: justify;\"><strong>Box de Atenciones<\/strong><\/p>\n<p style=\"text-align: justify;\">En este contexto, agreg\u00f3 la Seremi Carmen Monsalve, un hecho relevante para nuestras comunidades es el trabajo intersectorial desarrollado junto a organizaciones sociales, la Subsecretaria de Desarrollo Regional (SUBDERE), el Servicio de Salud Ays\u00e9n y la Municipalidad de Coyhaique, para la implementaci\u00f3n Box Cl\u00ednicos en las Juntas de Vecinos de Coyhaique.\u00a0 \u201cA nivel regional, en compa\u00f1\u00eda de las Juntas de Vecinos y la Municipalidad de Coyhaique, logramos dar el primer paso para materializar un proyecto que permita la atenci\u00f3n de profesionales m\u00e9dicos en distintas sedes comunitarias de Coyhaique, donde se est\u00e1n definiendo los sectores donde se podr\u00edan incorporar los box de atenci\u00f3n m\u00e9dica, desde el punto de vista de infraestructura y ubicaci\u00f3n territorial para la atenci\u00f3n de la poblaci\u00f3n, para posteriormente dar paso a la formulaci\u00f3n del proyecto y su posterior postulaci\u00f3n a los fondos de la Subsecretar\u00eda de Desarrollo Regional (SUBDERE)\u201d.<\/p>\n<p style=\"text-align: justify;\"><strong>Implementaci\u00f3n Local de T\u00e9cnica PCR para diagn\u00f3stico de Hantavirus<\/strong><\/p>\n<p style=\"text-align: justify;\">En un trabajo coordinado entre el Servicio de Salud Ays\u00e9n, a trav\u00e9s de su Hospital Regional Coyhaique, la Seremi de Salud Ays\u00e9n\u00a0 y la Pontificia Universidad Cat\u00f3lica de Chile se materializ\u00f3, durante el segundo semestre 2022, la implementaci\u00f3n del diagn\u00f3stico por PCR de Hantavirus en la regi\u00f3n de Ays\u00e9n ,con el objetivo de detectar oportunamente el resultado positivo de un paciente asociado a la enfermedad, optimizando los tiempos de diagn\u00f3stico y su traslado oportuno, el cual se encuentra en \u00a0proceso de validaci\u00f3n por el Instituto de Salud P\u00fablica.<\/p>\n<p style=\"text-align: justify;\"><strong>Copago Cero<\/strong><\/p>\n<p style=\"text-align: justify;\">Otro aspecto relevante, explic\u00f3 la Autoridad Sanitaria, esta relacionado con el acceso gratuito a las prestaciones de los usuarios de FONASA con la puesta en marcha del COPAGO CERO que lleg\u00f3 a garantizar el derecho a la salud, otorgando a los tamos C y D la gratuidad en todas las atenciones en el sistema p\u00fablico de salud.\u00a0 \u201cSiguiendo los lineamientos establecidos por el Presidente Gabriel Boric, por acercar y garantizar el acceso a la salud de todas las familias chilenas, una de las acciones que ha impactado altamente en el \u00e1mbito de la salud es el COPAGO CERO.\u00a0 En Ays\u00e9n, cerca del 77% de la poblaci\u00f3n es usuario de FONASA, donde las personas que integran los tramos C y D, durante este 2022, se vieron beneficiadas con el no pago de sus atenciones en salud con alrededor de 62 millones de pesos, resumidas en m\u00e1s de 4 mil atenciones de salud.\u00a0 Todo un ahorro para los bolsillos de las familias ayseninas\u201d, puntualiz\u00f3.<\/p>\n<p style=\"text-align: justify;\"><strong>Trabajo intersectorial y sociedad civil<\/strong><\/p>\n<p style=\"text-align: justify;\">Desde la secretar\u00eda ministerial, se ha trabajado con organizaciones asociadas al trastorno autista, la discapacidad, el Hogar de Cristo y las Mujeres Privadas de Libertad, entre otras, donde se destaca el acercamiento y proyecci\u00f3n del trabajo conjunto con la sociedad civil, donde a trav\u00e9s de diversas organizaciones se han articulado demandas de la comunidad para la b\u00fasqueda de soluciones a nivel intersectorial de salud y serem\u00edas del gabinete regional.<\/p>\n<p style=\"text-align: justify;\">Asimismo, hay que relevar el trabajo con la Universidad de Ays\u00e9n con quienes realizamos el primer acercamiento con el Laboratorio de Fabricaci\u00f3n Digital, FABLAB, de dicha casa de estudios, para establecer alianzas que permitan generar soluciones para nuestros usuarios vinculados al sector salud.<\/p>\n<p style=\"text-align: justify;\"><strong>Resonador Magn\u00e9tico<\/strong><\/p>\n<p style=\"text-align: justify;\">Con una inversi\u00f3n de m\u00e1s de 2 mil 346 millones de pesos, aportados por el Gobierno Regional de Ays\u00e9n, a comienzos de este a\u00f1o se recibi\u00f3 este importante equipamiento cuya implementaci\u00f3n trajo consigo la habilitaci\u00f3n de la Unidad de Resonancia Magn\u00e9tica del Hospital Regional Coyhaique y un convenio con Hospital Digital para que Radi\u00f3logos especialistas realicen los informes de 250 app ex\u00e1menes mensuales realizados en el principal centro asistencial regional. En este sentido, el Director (s) del Servicio de Salud Ays\u00e9n, Mauricio Cort\u00e9s, entreg\u00f3 m\u00e1s detalles entorno a este proyecto que ya es una realidad. \u201cEs una inversi\u00f3n importante, de m\u00e1s de 2300 millones de pesos que son parte del convenio de programaci\u00f3n que tenemos con el Gobierno Regional. Lleg\u00f3 en febrero y vino un periodo de adecuaci\u00f3n y capacitaci\u00f3n para nuestros funcionarios y esto se tradujo en que desde la semana pasada estamos realizando algunos ex\u00e1menes a pacientes oncol\u00f3gicos y derivados de la unidad de urgencia. Estamos en periodo de marcha blanca y a partir del pr\u00f3ximo a\u00f1o abriremos la agenda inicialmente para 10 pacientes\u201d.<\/p>\n<p style=\"text-align: justify;\"><strong>Resoluci\u00f3n de listas de espera<\/strong><\/p>\n<p style=\"text-align: justify;\">A ra\u00edz de los efectos ocasionados por la pandemia de COVID-19, que gener\u00f3 retrasos en las atenciones de salud, en las \u00faltimas semanas se ha logrado resolver lista de espera de Endoscop\u00eda, desarrollando cerca de 200 ex\u00e1menes pendientes desde los a\u00f1os 2019 y 2020. Actualmente se est\u00e1 abordando lista de espera de 2021. Trabajo Colaborativo entre Hospital Regional Coyhaique (HRC) y Hospital Puerto Ays\u00e9n (HPA), coordinado por el Servicio de Salud Ays\u00e9n, que buscar\u00e1 abordar lista de espera quir\u00fargica con diversas estrategias como el uso de pabellones del HPA con profesionales del HRC.\u00a0 \u201cHemos tenido operativos en Ays\u00e9n y Coyhaique, en operaciones de cadera y rodillas que llevaban bastante tiempo en lista de espera y lo importante es avanzar en una respuesta oportuna a nuestra ciudadan\u00eda y previo acuerdo con los equipos quir\u00fargicos de los hospitales de Ays\u00e9n y Coyhaique. En Coyhaique se har\u00e1n las cirug\u00edas de mayor complejidad y las cirug\u00edas mayores ambulatorias en el hospital de Puerto Ays\u00e9n\u201d, precis\u00f3 Cort\u00e9s Molina.<\/p>\n<p style=\"text-align: justify;\">Antecedentes que fueron entregados por el Director del Servicio de Salud Ays\u00e9n, quien se\u00f1al\u00f3 adem\u00e1s que estas acciones son fruto de un trabajo colaborativo que permitir\u00e1 que durante 2023 se haga un mejor uso de los pabellones del HPA, ser\u00e1 en este centro asistencial de mediana complejidad donde se lograr\u00e1n resolver diversas cirug\u00edas mayores ambulatorias, lo que permitir\u00e1 aumentar la oferta de prestaciones a las y los vecinos de toda la regi\u00f3n.<\/p>\n<section id=\"content\" class=\"homepage\">\n<article class=\"post\">\n<section class=\"body\"><strong>Futuro Centro Comunitario de Salud Mental Familiar para Puerto Ays\u00e9n<\/strong><\/p>\n<p style=\"text-align: justify;\">EL 19 de agosto de 2022 el SSA ingres\u00f3 una solicitud de Concesi\u00f3n Gratuita del inmueble fiscal de calle Bernardo O&#8217; higgins s\/n en la ciudad de Puerto Ays\u00e9n, con el objetivo de implementar ah\u00ed el proyecto \u201cExtensi\u00f3n \u00e1rea de atenci\u00f3n abierta Salud Mental de Puerto Ays\u00e9n\u201d.\u00a0 \u201cVamos a tener un COSAM para Puerto Ays\u00e9n en dos etapas. La primera en un inmueble cedido por Bienes Nacionales que gestion\u00f3 el gobernador Jorge Salfate y la adecuaremos para la atenci\u00f3n de salud mental. En la regi\u00f3n la tasa de suicidios dobla el promedio del pa\u00eds, por lo que focalizamos all\u00ed los esfuerzos y en una segunda etapa construiremos el COSAM en ese mismo terreno, donde ya tenemos la aprobaci\u00f3n de pertinencia t\u00e9cnica\u201d, explic\u00f3 el Director (s) del Servicio de Salud Ays\u00e9n, Mauricio Cort\u00e9s.<\/p>\n<p style=\"text-align: justify;\"><strong>Nuevas Ambulancias\u00a0<\/strong><\/p>\n<p style=\"text-align: justify;\">Este a\u00f1o se suman 4 nuevas ambulancias para la regi\u00f3n de Ays\u00e9n, tres de ellas financiadas con recursos sectoriales y una con Fondo Nacional de Desarrollo Regional (FNDR) de Gobierno Regional de Ays\u00e9n.\u00a0 \u201cA trav\u00e9s del convenio de programaci\u00f3n que tenemos con el Gobierno Regional pudimos adquirir de forma mixta de ambulancias. Este a\u00f1o tres con fondos sectoriales, cada una tiene un costo de 110 millones de pesos\u201d, se\u00f1al\u00f3 Mauricio Cort\u00e9s.<\/p>\n<p style=\"text-align: justify;\">Con una inversi\u00f3n FNDR ($111.265.000.-) una ambulancia ser\u00e1 destinada al Hospital Leopoldo Ortega de Chile Chico.<\/p>\n<p style=\"text-align: justify;\">Adem\u00e1s, con una inversi\u00f3n MINSAL ($322.158.000.-) tres ambulancias ser\u00e1n destinadas a los hospitales de Cochrane, Jorge Ibar de Puerto Cisnes y Servicio de Atenci\u00f3n M\u00e9dica de Urgencia (SAMU).<\/p>\n<p style=\"text-align: justify;\"><strong>Convenio de Programaci\u00f3n MINSAL \u2013 Gobierno Regional Ays\u00e9n<\/strong><\/p>\n<p style=\"text-align: justify;\">El Convenio de Programaci\u00f3n 2019 -2021 considera 27 iniciativas de inversi\u00f3n por un monto de M$61.341.422 [40% financiado por el GORE (FNDR) y el 60% financiado por el MINSAL].<\/p>\n<p style=\"text-align: justify;\">Actualmente se ha logrado un 4,4% de avance financiero, asociado a iniciativas como la normalizaci\u00f3n Hospital Regional Coyhaique, la habilitaci\u00f3n del Resonador Magn\u00e9tico y la reposici\u00f3n de las postas de salud rural de Caleta Andrade, Bah\u00eda Murta, La Tapera, Cerro Castillo.<\/p>\n<ul>\n<li style=\"text-align: justify;\">Adem\u00e1s 07 de las 22 ambulancias consideradas en el Convenio est\u00e1n operando y otras 6 en proceso de adquisici\u00f3n.<\/li>\n<li style=\"text-align: justify;\">Actualmente, se trabaja en el mejoramiento de 15 Postas de Salud Rural.<\/li>\n<\/ul>\n<div class=\"at-below-post addthis_tool\" data-url=\"https:\/\/seremi11.redsalud.gob.cl\/13982-2\/\"><\/div>\n<\/section>\n<section><\/section>\n<\/article>\n<\/section>\n<\/div><\/section><\/div><div  style='height:50px' class='hr hr-invisible   avia-builder-el-6  el_after_av_one_full  el_before_av_social_share '><span class='hr-inner ' ><span class='hr-inner-style'><\/span><\/span><\/div><\/p>\n<div  class='av-social-sharing-box  avia-builder-el-7  el_after_av_hr  el_before_av_hr  '><div class='av-share-box'><h5 class='av-share-link-description av-no-toc '>Compartir esta noticia<\/h5><ul class='av-share-box-list noLightbox'><li class='av-share-link av-social-link-facebook' ><a target=\"_blank\" aria-label=\"Compartir en Facebook\" href='https:\/\/www.facebook.com\/sharer.php?u=https:\/\/radiorevelacionfm.cl\/?p=26084&#038;t=Sector%20salud%20pondr%C3%A1%20%C3%A9nfasis%20en%20Salud%20Mental%2C%20Atenci%C3%B3n%20Primaria%20y%20reducci%C3%B3n%20en%20tiempos%20de%20listas%20de%20espera%20para%20el%202023' aria-hidden='false' data-av_icon='\ue8f3' data-av_iconfont='entypo-fontello' title='' data-avia-related-tooltip='Compartir en Facebook' rel=\"noopener\"><span class='avia_hidden_link_text'>Compartir en Facebook<\/span><\/a><\/li><li class='av-share-link av-social-link-twitter' ><a target=\"_blank\" aria-label=\"Compartir en Twitter\" href='https:\/\/twitter.com\/share?text=Sector%20salud%20pondr%C3%A1%20%C3%A9nfasis%20en%20Salud%20Mental%2C%20Atenci%C3%B3n%20Primaria%20y%20reducci%C3%B3n%20en%20tiempos%20de%20listas%20de%20espera%20para%20el%202023&#038;url=https:\/\/radiorevelacionfm.cl\/?p=26084' aria-hidden='false' data-av_icon='\ue8f1' data-av_iconfont='entypo-fontello' title='' data-avia-related-tooltip='Compartir en Twitter' rel=\"noopener\"><span class='avia_hidden_link_text'>Compartir en Twitter<\/span><\/a><\/li><li class='av-share-link av-social-link-whatsapp' ><a target=\"_blank\" aria-label=\"Compartir en Whatsapp\" href='https:\/\/api.whatsapp.com\/send?text=https:\/\/radiorevelacionfm.cl\/?p=26084' aria-hidden='false' data-av_icon='\uf232' data-av_iconfont='entypo-fontello' title='' data-avia-related-tooltip='Compartir en Whatsapp' rel=\"noopener\"><span class='avia_hidden_link_text'>Compartir en Whatsapp<\/span><\/a><\/li><li class='av-share-link av-social-link-linkedin' ><a target=\"_blank\" aria-label=\"Compartir en LinkedIn\" href='https:\/\/linkedin.com\/shareArticle?mini=true&#038;title=Sector%20salud%20pondr%C3%A1%20%C3%A9nfasis%20en%20Salud%20Mental%2C%20Atenci%C3%B3n%20Primaria%20y%20reducci%C3%B3n%20en%20tiempos%20de%20listas%20de%20espera%20para%20el%202023&#038;url=https:\/\/radiorevelacionfm.cl\/?p=26084' aria-hidden='false' data-av_icon='\ue8fc' data-av_iconfont='entypo-fontello' title='' data-avia-related-tooltip='Compartir en LinkedIn' rel=\"noopener\"><span class='avia_hidden_link_text'>Compartir en LinkedIn<\/span><\/a><\/li><li class='av-share-link av-social-link-mail' ><a  aria-label=\"Compartir por correo\" href='mailto:?subject=Sector%20salud%20pondr%C3%A1%20%C3%A9nfasis%20en%20Salud%20Mental%2C%20Atenci%C3%B3n%20Primaria%20y%20reducci%C3%B3n%20en%20tiempos%20de%20listas%20de%20espera%20para%20el%202023&#038;body=https:\/\/radiorevelacionfm.cl\/?p=26084' aria-hidden='false' data-av_icon='\ue805' data-av_iconfont='entypo-fontello' title='' data-avia-related-tooltip='Compartir por correo'><span class='avia_hidden_link_text'>Compartir por correo<\/span><\/a><\/li><\/ul><\/div><\/div>\n<div  style='height:50px' class='hr hr-invisible   avia-builder-el-8  el_after_av_social_share  el_before_av_comments_list '><span class='hr-inner ' ><span class='hr-inner-style'><\/span><\/span><\/div>\n<div  class='av-buildercomment  av-blog-meta-html-info-disabled av-blog-meta-tag-disabled  '><\/div>\n","protected":false},"excerpt":{"rendered":"","protected":false},"author":1,"featured_media":26085,"comment_status":"open","ping_status":"open","sticky":false,"template":"","format":"standard","meta":{"footnotes":""},"categories":[46],"tags":[],"class_list":["post-26084","post","type-post","status-publish","format-standard","has-post-thumbnail","hentry","category-salud"],"jetpack_featured_media_url":"https:\/\/radiorevelacionfm.cl\/wp-content\/uploads\/2022\/12\/cumbre-salud-1-1.jpeg","_links":{"self":[{"href":"https:\/\/radiorevelacionfm.cl\/index.php?rest_route=\/wp\/v2\/posts\/26084","targetHints":{"allow":["GET"]}}],"collection":[{"href":"https:\/\/radiorevelacionfm.cl\/index.php?rest_route=\/wp\/v2\/posts"}],"about":[{"href":"https:\/\/radiorevelacionfm.cl\/index.php?rest_route=\/wp\/v2\/types\/post"}],"author":[{"embeddable":true,"href":"https:\/\/radiorevelacionfm.cl\/index.php?rest_route=\/wp\/v2\/users\/1"}],"replies":[{"embeddable":true,"href":"https:\/\/radiorevelacionfm.cl\/index.php?rest_route=%2Fwp%2Fv2%2Fcomments&post=26084"}],"version-history":[{"count":2,"href":"https:\/\/radiorevelacionfm.cl\/index.php?rest_route=\/wp\/v2\/posts\/26084\/revisions"}],"predecessor-version":[{"id":26089,"href":"https:\/\/radiorevelacionfm.cl\/index.php?rest_route=\/wp\/v2\/posts\/26084\/revisions\/26089"}],"wp:featuredmedia":[{"embeddable":true,"href":"https:\/\/radiorevelacionfm.cl\/index.php?rest_route=\/wp\/v2\/media\/26085"}],"wp:attachment":[{"href":"https:\/\/radiorevelacionfm.cl\/index.php?rest_route=%2Fwp%2Fv2%2Fmedia&parent=26084"}],"wp:term":[{"taxonomy":"category","embeddable":true,"href":"https:\/\/radiorevelacionfm.cl\/index.php?rest_route=%2Fwp%2Fv2%2Fcategories&post=26084"},{"taxonomy":"post_tag","embeddable":true,"href":"https:\/\/radiorevelacionfm.cl\/index.php?rest_route=%2Fwp%2Fv2%2Ftags&post=26084"}],"curies":[{"name":"wp","href":"https:\/\/api.w.org\/{rel}","templated":true}]}}