{"id":26080,"date":"2022-12-30T14:47:46","date_gmt":"2022-12-30T17:47:46","guid":{"rendered":"https:\/\/radiorevelacionfm.cl\/?p=26080"},"modified":"2022-12-30T14:47:46","modified_gmt":"2022-12-30T17:47:46","slug":"cchc-por-visita-de-ministros-mop-y-de-transportes-lamentamos-el-hermetismo-de-la-presentacion-del-plan-de-conectividad","status":"publish","type":"post","link":"https:\/\/radiorevelacionfm.cl\/?p=26080","title":{"rendered":"CChC por visita de Ministros MOP y de Transportes: \u00abLamentamos el hermetismo de la presentaci\u00f3n del Plan de Conectividad\u00bb"},"content":{"rendered":"<div class=\"flex_column av_one_full  flex_column_div av-zero-column-padding first  avia-builder-el-0  el_before_av_one_full  avia-builder-el-first  \" style='border-radius:0px; '><div  class='avia-image-container  av-styling-    avia-builder-el-1  avia-builder-el-no-sibling  avia-align-center '  itemprop=\"image\" itemscope=\"itemscope\" itemtype=\"https:\/\/schema.org\/ImageObject\"  ><div class='avia-image-container-inner'><div class='avia-image-overlay-wrap'><img decoding=\"async\" class='wp-image-24142 avia-img-lazy-loading-not-24142 avia_image' src=\"https:\/\/radiorevelacionfm.cl\/wp-content\/uploads\/2022\/11\/Alert_CChC-1-1.jpeg\" alt='' title='Alert_CChC (1) (1)' height=\"600\" width=\"834\"  itemprop=\"thumbnailUrl\" srcset=\"https:\/\/radiorevelacionfm.cl\/wp-content\/uploads\/2022\/11\/Alert_CChC-1-1.jpeg 834w, https:\/\/radiorevelacionfm.cl\/wp-content\/uploads\/2022\/11\/Alert_CChC-1-1-300x216.jpeg 300w, https:\/\/radiorevelacionfm.cl\/wp-content\/uploads\/2022\/11\/Alert_CChC-1-1-768x553.jpeg 768w, https:\/\/radiorevelacionfm.cl\/wp-content\/uploads\/2022\/11\/Alert_CChC-1-1-705x507.jpeg 705w, https:\/\/radiorevelacionfm.cl\/wp-content\/uploads\/2022\/11\/Alert_CChC-1-1-600x432.jpeg 600w\" sizes=\"(max-width: 834px) 100vw, 834px\" \/><\/div><\/div><\/div><\/div><div class=\"flex_column av_one_full  flex_column_div av-zero-column-padding first  avia-builder-el-2  el_after_av_one_full  el_before_av_one_full  column-top-margin\" style='border-radius:0px; '><section class=\"av_textblock_section \"  itemscope=\"itemscope\" itemtype=\"https:\/\/schema.org\/BlogPosting\" itemprop=\"blogPost\" ><div class='avia_textblock  '   itemprop=\"text\" ><p style=\"text-align: center;\"><span style=\"font-size: 18pt;\"><b>CChC por visita de Ministros MOP y de Transportes: \u00abLamentamos el hermetismo de la presentaci\u00f3n del Plan de Conectividad\u00bb<\/b><\/span><\/p>\n<div id=\"gtx-trans\" style=\"position: absolute; left: -50px; top: 4.31534px;\">\n<div class=\"gtx-trans-icon\"><\/div>\n<\/div>\n<\/div><\/section><\/div><div class=\"flex_column av_one_full  flex_column_div av-zero-column-padding first  avia-builder-el-4  el_after_av_one_full  el_before_av_hr  column-top-margin\" style='border-radius:0px; '><section class=\"av_textblock_section \"  itemscope=\"itemscope\" itemtype=\"https:\/\/schema.org\/BlogPosting\" itemprop=\"blogPost\" ><div class='avia_textblock  '   itemprop=\"text\" ><p class=\"v1MsoNormal\" style=\"text-align: justify;\">La presidenta de la C\u00e1mara Chilena de la Construcci\u00f3n, expres\u00f3 la molestia del gremio ante la falta de relacionamiento de las autoridades con los actores locales, dado el trabajo que han estado realizando para destrabar los nudos cr\u00edticos que afectan al sector, la generaci\u00f3n de empleos y reactivaci\u00f3n de obras.<\/p>\n<p class=\"v1MsoNormal\" style=\"text-align: justify;\">Desde el gremio de la Construcci\u00f3n, manifestaron con preocupaci\u00f3n su an\u00e1lisis a la reciente visita de los ministros de Obras P\u00fablicas y de Transportes y Telecomunicaciones, ante la falta de di\u00e1logo con la sociedad civil, dada la relevancia de estas carteras para la reactivaci\u00f3n econ\u00f3mica en la regi\u00f3n. Lamentando a su vez, el hermetismo que tuvo la presentaci\u00f3n del Plan de Conectividad, hito en el que no fueron considerados y en el que \u00abse perdi\u00f3 una oportunidad para aportar desde la opini\u00f3n t\u00e9cnica de la industria\u00bb, afirm\u00f3 su presidenta, Alejandra Alert.<\/p>\n<p class=\"v1MsoNormal\" style=\"text-align: justify;\">Al respecto, la presidenta de la CChC sede Coyhaique, Alejandra Alert, manifest\u00f3 que \u00abComo C\u00e1mara Chilena de la Construcci\u00f3n, lamentamos que una visita tan relevante como la del Ministro de Obras P\u00fablicas y el ministro de Transportes y Telecomunicaciones, fuera tan herm\u00e9tica y no considerar\u00e1 alg\u00fan espacio en su agenda, para reunirse con la sociedad civil y nuestro gremio\u00bb.<\/p>\n<p class=\"v1MsoNormal\" style=\"text-align: justify;\">\u00abDurante todo el a\u00f1o, desde nuestros Comit\u00e9s, Comisiones y Grupos de Trabajo gremiales, mantenemos un di\u00e1logo constructivo y trabajo colaborativo a trav\u00e9s de mesas t\u00e9cnicas y otras reuniones, con los equipos y Seremis de estas carteras, por ende, es sabido que para nosotros temas como, el anuncio del Plan de Conectividad propuesto por el Gobierno para la regi\u00f3n y conocer el estado de las iniciativas que est\u00e1n en gesti\u00f3n, en materia de transportes y telecomunicaciones son de mucha importancia\u00bb, explic\u00f3 la dirigenta gremial.<\/p>\n<p class=\"v1MsoNormal\" style=\"text-align: justify;\">\u00abHemos sido enf\u00e1ticos en se\u00f1alar que urge, en la Regi\u00f3n de Ays\u00e9n, la reactivaci\u00f3n de obras de infraestructura y que se entregue pronta soluci\u00f3n a aquellos proyectos que no han concluido. Por ello, nos preocupa esta falta de consideraci\u00f3n, para nosotros era fundamental haber conocido esta bajada y anuncio que entregar\u00edan los ministros, en la que por supuesto, el di\u00e1logo y encuentro, podr\u00eda haber sido una oportunidad para aportar desde nuestra opini\u00f3n t\u00e9cnica a las iniciativas\u00bb, enfatiz\u00f3 Alert.<\/p>\n<p class=\"v1MsoNormal\" style=\"text-align: justify;\">Finalmente, desde la CChC, solicitaron a las autoridades regionales, mantener un di\u00e1logo permanente y un trabajo conjunto entre el sector p\u00fablico y privado, no s\u00f3lo para conocer los alcances del Plan de Conectividad, sino que tambi\u00e9n para sacar adelante los desaf\u00edos que tendr\u00e1 la Regi\u00f3n de Ays\u00e9n en un a\u00f1o en el que las proyecciones apuntan a un complejo escenario econ\u00f3mico.<\/p>\n<\/div><\/section><\/div><div  style='height:50px' class='hr hr-invisible   avia-builder-el-6  el_after_av_one_full  el_before_av_social_share '><span class='hr-inner ' ><span class='hr-inner-style'><\/span><\/span><\/div><\/p>\n<div  class='av-social-sharing-box  avia-builder-el-7  el_after_av_hr  el_before_av_hr  '><div class='av-share-box'><h5 class='av-share-link-description av-no-toc '>Compartir esta noticia<\/h5><ul class='av-share-box-list noLightbox'><li class='av-share-link av-social-link-facebook' ><a target=\"_blank\" aria-label=\"Compartir en Facebook\" href='https:\/\/www.facebook.com\/sharer.php?u=https:\/\/radiorevelacionfm.cl\/?p=26080&#038;t=CChC%20por%20visita%20de%20Ministros%20MOP%20y%20de%20Transportes%3A%20%C2%ABLamentamos%20el%20hermetismo%20de%20la%20presentaci%C3%B3n%20del%20Plan%20de%20Conectividad%C2%BB' aria-hidden='false' data-av_icon='\ue8f3' data-av_iconfont='entypo-fontello' title='' data-avia-related-tooltip='Compartir en Facebook' rel=\"noopener\"><span class='avia_hidden_link_text'>Compartir en Facebook<\/span><\/a><\/li><li class='av-share-link av-social-link-twitter' ><a target=\"_blank\" aria-label=\"Compartir en Twitter\" href='https:\/\/twitter.com\/share?text=CChC%20por%20visita%20de%20Ministros%20MOP%20y%20de%20Transportes%3A%20%C2%ABLamentamos%20el%20hermetismo%20de%20la%20presentaci%C3%B3n%20del%20Plan%20de%20Conectividad%C2%BB&#038;url=https:\/\/radiorevelacionfm.cl\/?p=26080' aria-hidden='false' data-av_icon='\ue8f1' data-av_iconfont='entypo-fontello' title='' data-avia-related-tooltip='Compartir en Twitter' rel=\"noopener\"><span class='avia_hidden_link_text'>Compartir en Twitter<\/span><\/a><\/li><li class='av-share-link av-social-link-whatsapp' ><a target=\"_blank\" aria-label=\"Compartir en Whatsapp\" href='https:\/\/api.whatsapp.com\/send?text=https:\/\/radiorevelacionfm.cl\/?p=26080' aria-hidden='false' data-av_icon='\uf232' data-av_iconfont='entypo-fontello' title='' data-avia-related-tooltip='Compartir en Whatsapp' rel=\"noopener\"><span class='avia_hidden_link_text'>Compartir en Whatsapp<\/span><\/a><\/li><li class='av-share-link av-social-link-linkedin' ><a target=\"_blank\" aria-label=\"Compartir en LinkedIn\" href='https:\/\/linkedin.com\/shareArticle?mini=true&#038;title=CChC%20por%20visita%20de%20Ministros%20MOP%20y%20de%20Transportes%3A%20%C2%ABLamentamos%20el%20hermetismo%20de%20la%20presentaci%C3%B3n%20del%20Plan%20de%20Conectividad%C2%BB&#038;url=https:\/\/radiorevelacionfm.cl\/?p=26080' aria-hidden='false' data-av_icon='\ue8fc' data-av_iconfont='entypo-fontello' title='' data-avia-related-tooltip='Compartir en LinkedIn' rel=\"noopener\"><span class='avia_hidden_link_text'>Compartir en LinkedIn<\/span><\/a><\/li><li class='av-share-link av-social-link-mail' ><a  aria-label=\"Compartir por correo\" href='mailto:?subject=CChC%20por%20visita%20de%20Ministros%20MOP%20y%20de%20Transportes%3A%20%C2%ABLamentamos%20el%20hermetismo%20de%20la%20presentaci%C3%B3n%20del%20Plan%20de%20Conectividad%C2%BB&#038;body=https:\/\/radiorevelacionfm.cl\/?p=26080' aria-hidden='false' data-av_icon='\ue805' data-av_iconfont='entypo-fontello' title='' data-avia-related-tooltip='Compartir por correo'><span class='avia_hidden_link_text'>Compartir por correo<\/span><\/a><\/li><\/ul><\/div><\/div>\n<div  style='height:50px' class='hr hr-invisible   avia-builder-el-8  el_after_av_social_share  el_before_av_comments_list '><span class='hr-inner ' ><span class='hr-inner-style'><\/span><\/span><\/div>\n<div  class='av-buildercomment  av-blog-meta-html-info-disabled av-blog-meta-tag-disabled  '><\/div>\n","protected":false},"excerpt":{"rendered":"","protected":false},"author":1,"featured_media":24142,"comment_status":"open","ping_status":"open","sticky":false,"template":"","format":"standard","meta":{"footnotes":""},"categories":[38],"tags":[],"class_list":["post-26080","post","type-post","status-publish","format-standard","has-post-thumbnail","hentry","category-regional"],"jetpack_featured_media_url":"https:\/\/radiorevelacionfm.cl\/wp-content\/uploads\/2022\/11\/Alert_CChC-1-1.jpeg","_links":{"self":[{"href":"https:\/\/radiorevelacionfm.cl\/index.php?rest_route=\/wp\/v2\/posts\/26080","targetHints":{"allow":["GET"]}}],"collection":[{"href":"https:\/\/radiorevelacionfm.cl\/index.php?rest_route=\/wp\/v2\/posts"}],"about":[{"href":"https:\/\/radiorevelacionfm.cl\/index.php?rest_route=\/wp\/v2\/types\/post"}],"author":[{"embeddable":true,"href":"https:\/\/radiorevelacionfm.cl\/index.php?rest_route=\/wp\/v2\/users\/1"}],"replies":[{"embeddable":true,"href":"https:\/\/radiorevelacionfm.cl\/index.php?rest_route=%2Fwp%2Fv2%2Fcomments&post=26080"}],"version-history":[{"count":2,"href":"https:\/\/radiorevelacionfm.cl\/index.php?rest_route=\/wp\/v2\/posts\/26080\/revisions"}],"predecessor-version":[{"id":26083,"href":"https:\/\/radiorevelacionfm.cl\/index.php?rest_route=\/wp\/v2\/posts\/26080\/revisions\/26083"}],"wp:featuredmedia":[{"embeddable":true,"href":"https:\/\/radiorevelacionfm.cl\/index.php?rest_route=\/wp\/v2\/media\/24142"}],"wp:attachment":[{"href":"https:\/\/radiorevelacionfm.cl\/index.php?rest_route=%2Fwp%2Fv2%2Fmedia&parent=26080"}],"wp:term":[{"taxonomy":"category","embeddable":true,"href":"https:\/\/radiorevelacionfm.cl\/index.php?rest_route=%2Fwp%2Fv2%2Fcategories&post=26080"},{"taxonomy":"post_tag","embeddable":true,"href":"https:\/\/radiorevelacionfm.cl\/index.php?rest_route=%2Fwp%2Fv2%2Ftags&post=26080"}],"curies":[{"name":"wp","href":"https:\/\/api.w.org\/{rel}","templated":true}]}}