{"id":2608,"date":"2021-02-14T23:01:02","date_gmt":"2021-02-15T02:01:02","guid":{"rendered":"https:\/\/radiorevelacionfm.cl\/?p=2608"},"modified":"2021-02-14T23:01:02","modified_gmt":"2021-02-15T02:01:02","slug":"en-puerto-cisnes-investigan-fallecimiento-de-una-persona-ocurrido-en-voraz-incendio","status":"publish","type":"post","link":"https:\/\/radiorevelacionfm.cl\/?p=2608","title":{"rendered":"En Puerto Cisnes investigan fallecimiento de una persona ocurrido en voraz incendio"},"content":{"rendered":"<div class=\"flex_column av_one_full  flex_column_div av-zero-column-padding first  avia-builder-el-0  el_before_av_one_full  avia-builder-el-first  \" style='border-radius:0px; '><div  class='avia-image-container  av-styling-    avia-builder-el-1  avia-builder-el-no-sibling  avia-align-center '  itemprop=\"image\" itemscope=\"itemscope\" itemtype=\"https:\/\/schema.org\/ImageObject\"  ><div class='avia-image-container-inner'><div class='avia-image-overlay-wrap'><img decoding=\"async\" class='wp-image-2609 avia-img-lazy-loading-not-2609 avia_image' src=\"https:\/\/radiorevelacionfm.cl\/wp-content\/uploads\/2021\/02\/incendio-cisnes7-1.png\" alt='' title='incendio cisnes7 (1)' height=\"301\" width=\"586\"  itemprop=\"thumbnailUrl\" srcset=\"https:\/\/radiorevelacionfm.cl\/wp-content\/uploads\/2021\/02\/incendio-cisnes7-1.png 586w, https:\/\/radiorevelacionfm.cl\/wp-content\/uploads\/2021\/02\/incendio-cisnes7-1-300x154.png 300w\" sizes=\"(max-width: 586px) 100vw, 586px\" \/><\/div><\/div><\/div><\/div><div class=\"flex_column av_one_full  flex_column_div av-zero-column-padding first  avia-builder-el-2  el_after_av_one_full  el_before_av_one_full  column-top-margin\" style='border-radius:0px; '><section class=\"av_textblock_section \"  itemscope=\"itemscope\" itemtype=\"https:\/\/schema.org\/BlogPosting\" itemprop=\"blogPost\" ><div class='avia_textblock  '   itemprop=\"text\" ><p style=\"text-align: center;\"><span style=\"font-size: 18pt;\"><strong>En Puerto Cisnes investigan fallecimiento de una persona ocurrido en voraz incendio<\/strong><\/span><\/p>\n<div id=\"gtx-trans\" style=\"position: absolute; left: -50px; top: 4.31534px;\">\n<div class=\"gtx-trans-icon\"><\/div>\n<\/div>\n<\/div><\/section><\/div><div class=\"flex_column av_one_full  flex_column_div av-zero-column-padding first  avia-builder-el-4  el_after_av_one_full  el_before_av_hr  column-top-margin\" style='border-radius:0px; '><section class=\"av_textblock_section \"  itemscope=\"itemscope\" itemtype=\"https:\/\/schema.org\/BlogPosting\" itemprop=\"blogPost\" ><div class='avia_textblock  '   itemprop=\"text\" ><p style=\"text-align: justify;\">Entre las seis y las siete de la ma\u00f1ana de este domingo se registr\u00f3 un incendio declarado en la localidad de Puerto Cisnes, siniestro que dej\u00f3 como v\u00edctima a un joven de 22 a\u00f1os, quien ser\u00e1 identificado mediante las pericias que desarrolla la SIP de Carabineros de la localidad, Labocar y el Servicio M\u00e9dico Legal, bajo las instrucciones del Ministerio Publico.<\/p>\n<p style=\"text-align: justify;\">\u201cSe inform\u00f3 a la Fiscal\u00eda de un incendio ocurrido esta ma\u00f1ana entre las 6 y las 7 horas, en el pasaje Rivera de la localidad de Cisnes. En el trabajo que realizaba Bomberos para controlar este incendio, los voluntarios se percataron de las presencia de un cuerpo sin vida en el domicilio, raz\u00f3n por la cual, se dio cuenta la Fiscal\u00eda para adoptar los procedimientos de rigor\u201d, indic\u00f3 el fiscal Pedro Poblete.<\/p>\n<p style=\"text-align: justify;\">El persecutor, agreg\u00f3 que, \u201cse dispuso una orden de investigar a la Brigada de Investigaci\u00f3n Policial de Puerto Cisnes, al Laboratorio de Criminal\u00edstica de Carabineros para que se efectuaran los peritajes de rigor y tambi\u00e9n se solicit\u00f3 la concurrencia del Servicio M\u00e9dico Legal para el levantamiento del cad\u00e1ver y la autopsia correspondiente\u201d.<\/p>\n<p style=\"text-align: justify;\">En primera instancia, se tratar\u00eda de un joven de 22 a\u00f1os, identidad por confirmar mediante las pericias y se descartar\u00eda en esta etapa inicial de la investigaci\u00f3n intervenci\u00f3n de terceros en el fallecimiento de la v\u00edctima.<\/p>\n<p style=\"text-align: justify;\">\u201cTenemos presunciones de que se tratar\u00eda de un joven de 22 a\u00f1os, en atenci\u00f3n a que no est\u00e1 confirmada su identidad todav\u00eda debido al estado en el que se encontraba el cuerpo. As\u00ed es que, se van a tener que desarrollar las diligencias tendientes a poder determinar su identidad. Adem\u00e1s, se pudo establecer a priori por parte del personal especializado que trabaj\u00f3 el sitio del suceso y que realiz\u00f3 el examen externo del cuerpo que, no habr\u00eda indicio de intervenci\u00f3n de terceras personas, lo que debe ser confirmado por la correspondiente autopsia\u201d, se\u00f1al\u00f3 el fiscal Pedro Poblete.<\/p>\n<p style=\"text-align: justify;\">Respecto a la causa y origen del incendio, habr\u00eda informaci\u00f3n preliminar, \u201clo que se fija como zona de alto calor estar\u00eda en la zona correspondiente a la cocina de la casa, se desconoce si es el recalentamiento de una cocina o de haber dejado encendido ese elemento, no puedo especular esa situaci\u00f3n. Al menos los testigos de las viviendas cercanas se\u00f1alan que anoche en la casa no hubo concurrencia de otras personas ni tampoco ruidos, que se pudiesen asociar a participaci\u00f3n de terceras personas. Los cables el\u00e9ctricos a priori no muestran indicios de haber sufrido un corto circuito, por el momento habr\u00eda que determinar lo que sucedi\u00f3, ello est\u00e1 en investigaci\u00f3n\u201d, puntualiz\u00f3 el fiscal Poblete.<\/p>\n<\/div><\/section><\/div><div  style='height:50px' class='hr hr-invisible   avia-builder-el-6  el_after_av_one_full  el_before_av_social_share '><span class='hr-inner ' ><span class='hr-inner-style'><\/span><\/span><\/div><\/p>\n<div  class='av-social-sharing-box  avia-builder-el-7  el_after_av_hr  el_before_av_hr  '><div class='av-share-box'><h5 class='av-share-link-description av-no-toc '>Compartir esta noticia<\/h5><ul class='av-share-box-list noLightbox'><li class='av-share-link av-social-link-facebook' ><a target=\"_blank\" aria-label=\"Compartir en Facebook\" href='https:\/\/www.facebook.com\/sharer.php?u=https:\/\/radiorevelacionfm.cl\/?p=2608&#038;t=En%20Puerto%20Cisnes%20investigan%20fallecimiento%20de%20una%20persona%20ocurrido%20en%20voraz%20incendio' aria-hidden='false' data-av_icon='\ue8f3' data-av_iconfont='entypo-fontello' title='' data-avia-related-tooltip='Compartir en Facebook' rel=\"noopener\"><span class='avia_hidden_link_text'>Compartir en Facebook<\/span><\/a><\/li><li class='av-share-link av-social-link-twitter' ><a target=\"_blank\" aria-label=\"Compartir en Twitter\" href='https:\/\/twitter.com\/share?text=En%20Puerto%20Cisnes%20investigan%20fallecimiento%20de%20una%20persona%20ocurrido%20en%20voraz%20incendio&#038;url=https:\/\/radiorevelacionfm.cl\/?p=2608' aria-hidden='false' data-av_icon='\ue8f1' data-av_iconfont='entypo-fontello' title='' data-avia-related-tooltip='Compartir en Twitter' rel=\"noopener\"><span class='avia_hidden_link_text'>Compartir en Twitter<\/span><\/a><\/li><li class='av-share-link av-social-link-whatsapp' ><a target=\"_blank\" aria-label=\"Compartir en Whatsapp\" href='https:\/\/api.whatsapp.com\/send?text=https:\/\/radiorevelacionfm.cl\/?p=2608' aria-hidden='false' data-av_icon='\uf232' data-av_iconfont='entypo-fontello' title='' data-avia-related-tooltip='Compartir en Whatsapp' rel=\"noopener\"><span class='avia_hidden_link_text'>Compartir en Whatsapp<\/span><\/a><\/li><li class='av-share-link av-social-link-linkedin' ><a target=\"_blank\" aria-label=\"Compartir en LinkedIn\" href='https:\/\/linkedin.com\/shareArticle?mini=true&#038;title=En%20Puerto%20Cisnes%20investigan%20fallecimiento%20de%20una%20persona%20ocurrido%20en%20voraz%20incendio&#038;url=https:\/\/radiorevelacionfm.cl\/?p=2608' aria-hidden='false' data-av_icon='\ue8fc' data-av_iconfont='entypo-fontello' title='' data-avia-related-tooltip='Compartir en LinkedIn' rel=\"noopener\"><span class='avia_hidden_link_text'>Compartir en LinkedIn<\/span><\/a><\/li><li class='av-share-link av-social-link-mail' ><a  aria-label=\"Compartir por correo\" href='mailto:?subject=En%20Puerto%20Cisnes%20investigan%20fallecimiento%20de%20una%20persona%20ocurrido%20en%20voraz%20incendio&#038;body=https:\/\/radiorevelacionfm.cl\/?p=2608' aria-hidden='false' data-av_icon='\ue805' data-av_iconfont='entypo-fontello' title='' data-avia-related-tooltip='Compartir por correo'><span class='avia_hidden_link_text'>Compartir por correo<\/span><\/a><\/li><\/ul><\/div><\/div>\n<div  style='height:50px' class='hr hr-invisible   avia-builder-el-8  el_after_av_social_share  el_before_av_comments_list '><span class='hr-inner ' ><span class='hr-inner-style'><\/span><\/span><\/div>\n<div  class='av-buildercomment  av-blog-meta-html-info-disabled av-blog-meta-tag-disabled  '><\/div>\n","protected":false},"excerpt":{"rendered":"","protected":false},"author":1,"featured_media":2609,"comment_status":"open","ping_status":"open","sticky":false,"template":"","format":"standard","meta":{"footnotes":""},"categories":[36],"tags":[],"class_list":["post-2608","post","type-post","status-publish","format-standard","has-post-thumbnail","hentry","category-policial"],"jetpack_featured_media_url":"https:\/\/radiorevelacionfm.cl\/wp-content\/uploads\/2021\/02\/incendio-cisnes7-1.png","_links":{"self":[{"href":"https:\/\/radiorevelacionfm.cl\/index.php?rest_route=\/wp\/v2\/posts\/2608","targetHints":{"allow":["GET"]}}],"collection":[{"href":"https:\/\/radiorevelacionfm.cl\/index.php?rest_route=\/wp\/v2\/posts"}],"about":[{"href":"https:\/\/radiorevelacionfm.cl\/index.php?rest_route=\/wp\/v2\/types\/post"}],"author":[{"embeddable":true,"href":"https:\/\/radiorevelacionfm.cl\/index.php?rest_route=\/wp\/v2\/users\/1"}],"replies":[{"embeddable":true,"href":"https:\/\/radiorevelacionfm.cl\/index.php?rest_route=%2Fwp%2Fv2%2Fcomments&post=2608"}],"version-history":[{"count":1,"href":"https:\/\/radiorevelacionfm.cl\/index.php?rest_route=\/wp\/v2\/posts\/2608\/revisions"}],"predecessor-version":[{"id":2610,"href":"https:\/\/radiorevelacionfm.cl\/index.php?rest_route=\/wp\/v2\/posts\/2608\/revisions\/2610"}],"wp:featuredmedia":[{"embeddable":true,"href":"https:\/\/radiorevelacionfm.cl\/index.php?rest_route=\/wp\/v2\/media\/2609"}],"wp:attachment":[{"href":"https:\/\/radiorevelacionfm.cl\/index.php?rest_route=%2Fwp%2Fv2%2Fmedia&parent=2608"}],"wp:term":[{"taxonomy":"category","embeddable":true,"href":"https:\/\/radiorevelacionfm.cl\/index.php?rest_route=%2Fwp%2Fv2%2Fcategories&post=2608"},{"taxonomy":"post_tag","embeddable":true,"href":"https:\/\/radiorevelacionfm.cl\/index.php?rest_route=%2Fwp%2Fv2%2Ftags&post=2608"}],"curies":[{"name":"wp","href":"https:\/\/api.w.org\/{rel}","templated":true}]}}