{"id":26074,"date":"2022-12-30T09:53:50","date_gmt":"2022-12-30T12:53:50","guid":{"rendered":"https:\/\/radiorevelacionfm.cl\/?p=26074"},"modified":"2022-12-30T09:53:50","modified_gmt":"2022-12-30T12:53:50","slug":"rescatan-a-cinco-tripulantes-desde-lancha-con-falla-de-motor-en-la-region-de-aysen","status":"publish","type":"post","link":"https:\/\/radiorevelacionfm.cl\/?p=26074","title":{"rendered":"Rescatan a cinco tripulantes desde lancha con falla de motor en la regi\u00f3n de Ays\u00e9n"},"content":{"rendered":"<div class=\"flex_column av_one_full  flex_column_div av-zero-column-padding first  avia-builder-el-0  el_before_av_one_full  avia-builder-el-first  \" style='border-radius:0px; '><div  class='avia-image-container  av-styling-    avia-builder-el-1  avia-builder-el-no-sibling  avia-align-center '  itemprop=\"image\" itemscope=\"itemscope\" itemtype=\"https:\/\/schema.org\/ImageObject\"  ><div class='avia-image-container-inner'><div class='avia-image-overlay-wrap'><img decoding=\"async\" class='wp-image-26075 avia-img-lazy-loading-not-26075 avia_image' src=\"https:\/\/radiorevelacionfm.cl\/wp-content\/uploads\/2022\/12\/flliir-wiaq02dg-1_optimized.jpg\" alt='' title='flliir-wiaq02dg-(1)_optimized' height=\"600\" width=\"1000\"  itemprop=\"thumbnailUrl\" srcset=\"https:\/\/radiorevelacionfm.cl\/wp-content\/uploads\/2022\/12\/flliir-wiaq02dg-1_optimized.jpg 1000w, https:\/\/radiorevelacionfm.cl\/wp-content\/uploads\/2022\/12\/flliir-wiaq02dg-1_optimized-300x180.jpg 300w, https:\/\/radiorevelacionfm.cl\/wp-content\/uploads\/2022\/12\/flliir-wiaq02dg-1_optimized-768x461.jpg 768w, https:\/\/radiorevelacionfm.cl\/wp-content\/uploads\/2022\/12\/flliir-wiaq02dg-1_optimized-705x423.jpg 705w, https:\/\/radiorevelacionfm.cl\/wp-content\/uploads\/2022\/12\/flliir-wiaq02dg-1_optimized-600x360.jpg 600w\" sizes=\"(max-width: 1000px) 100vw, 1000px\" \/><\/div><\/div><\/div><\/div><div class=\"flex_column av_one_full  flex_column_div av-zero-column-padding first  avia-builder-el-2  el_after_av_one_full  el_before_av_one_full  column-top-margin\" style='border-radius:0px; '><section class=\"av_textblock_section \"  itemscope=\"itemscope\" itemtype=\"https:\/\/schema.org\/BlogPosting\" itemprop=\"blogPost\" ><div class='avia_textblock  '   itemprop=\"text\" ><p style=\"text-align: center;\"><strong><span style=\"font-size: 18pt;\">Rescatan a cinco tripulantes desde lancha con falla de motor en la regi\u00f3n de Ays\u00e9n<\/span><\/strong><\/p>\n<div id=\"gtx-trans\" style=\"position: absolute; left: -50px; top: 4.31534px;\">\n<div class=\"gtx-trans-icon\"><\/div>\n<\/div>\n<\/div><\/section><\/div><div class=\"flex_column av_one_full  flex_column_div av-zero-column-padding first  avia-builder-el-4  el_after_av_one_full  el_before_av_hr  column-top-margin\" style='border-radius:0px; '><section class=\"av_textblock_section \"  itemscope=\"itemscope\" itemtype=\"https:\/\/schema.org\/BlogPosting\" itemprop=\"blogPost\" ><div class='avia_textblock  '   itemprop=\"text\" ><div class=\"x11i5rnm xat24cr x1mh8g0r x1vvkbs xtlvy1s x126k92a\"><\/div>\n<div class=\"x11i5rnm xat24cr x1mh8g0r x1vvkbs xtlvy1s x126k92a\">\n<div dir=\"auto\" style=\"text-align: justify;\">\n<p>Fue pasadas las 13:00 horas del mi\u00e9rcoles 28 de diciembre, cuando el Servicio de B\u00fasqueda y Salvamento Mar\u00edtimo (MRCC) de Puerto Montt, recibi\u00f3 la alerta por falla del sistema de gobierno de la Lancha Motor \u201cAdoney\u201d matricula de Maull\u00edn y con 5 tripulantes a bordo, esto a unos 55,5 kil\u00f3metros al Sur Weste de Isla Guamblin, Regi\u00f3n de Ays\u00e9n.<\/p>\n<p>Como se\u00f1al\u00f3 el Capit\u00e1n de Corbeta Litoral H\u00e9ctor Rojas, Gobernador Mar\u00edtimo de Ays\u00e9n subrogante tras conocerse la emergencia \u201cinmediatamente se alert\u00f3 el sistema de b\u00fasqueda y rescate mar\u00edtimo de Ays\u00e9n, desviando hacia all\u00e1 unidades y embarcaciones pesqueras que se encontraban en cercan\u00edas\u201d.<\/p>\n<p>As\u00ed prosigui\u00f3 el Oficial \u201cpasadas las 21:40 horas fue la Motonave \u201cCisne Blanco\u201d que arrib\u00f3 al costado de la Lancha \u201cAdonay\u201d, embarcando los cinco tripulantes ilesos, quedando embarcaci\u00f3n fondeada con ancla de mar. Posteriormente \u201cCisne Blanco\u201d efectu\u00f3 rendez vous con la Lancha Patrullera Costera naval, espec\u00edficamente LPC \u201cMachado\u201d en Bah\u00eda Ana, para trasladar a los rescatados hasta Puerto Chacabuco\u201d.<\/p>\n<p>El oficial subray\u00f3 que \u00abgracias a la asistencia del Pesquero de Alta Mar Friosur IX en las comunicaciones e identificaci\u00f3n de la lancha con fallas de gobierno y posteriormente al rescate de los tripulantes por parte del Pesquero \u201cCisne Blanco\u201d, se pudo concretar con \u00e9xito la operaci\u00f3n de b\u00fasqueda y salvamento de los 5 tripulantes\u201d.<\/p>\n<p>Finalmente, la autoridad mar\u00edtima hizo un llamado a cumplir con las medidas de seguridad y a verificar las condiciones meteorol\u00f3gicas antes de hacerse a la mar.<\/p>\n<\/div>\n<\/div>\n<\/div><\/section><\/div><div  style='height:50px' class='hr hr-invisible   avia-builder-el-6  el_after_av_one_full  el_before_av_social_share '><span class='hr-inner ' ><span class='hr-inner-style'><\/span><\/span><\/div><\/p>\n<div  class='av-social-sharing-box  avia-builder-el-7  el_after_av_hr  el_before_av_hr  '><div class='av-share-box'><h5 class='av-share-link-description av-no-toc '>Compartir esta noticia<\/h5><ul class='av-share-box-list noLightbox'><li class='av-share-link av-social-link-facebook' ><a target=\"_blank\" aria-label=\"Compartir en Facebook\" href='https:\/\/www.facebook.com\/sharer.php?u=https:\/\/radiorevelacionfm.cl\/?p=26074&#038;t=Rescatan%20a%20cinco%20tripulantes%20desde%20lancha%20con%20falla%20de%20motor%20en%20la%20regi%C3%B3n%20de%20Ays%C3%A9n' aria-hidden='false' data-av_icon='\ue8f3' data-av_iconfont='entypo-fontello' title='' data-avia-related-tooltip='Compartir en Facebook' rel=\"noopener\"><span class='avia_hidden_link_text'>Compartir en Facebook<\/span><\/a><\/li><li class='av-share-link av-social-link-twitter' ><a target=\"_blank\" aria-label=\"Compartir en Twitter\" href='https:\/\/twitter.com\/share?text=Rescatan%20a%20cinco%20tripulantes%20desde%20lancha%20con%20falla%20de%20motor%20en%20la%20regi%C3%B3n%20de%20Ays%C3%A9n&#038;url=https:\/\/radiorevelacionfm.cl\/?p=26074' aria-hidden='false' data-av_icon='\ue8f1' data-av_iconfont='entypo-fontello' title='' data-avia-related-tooltip='Compartir en Twitter' rel=\"noopener\"><span class='avia_hidden_link_text'>Compartir en Twitter<\/span><\/a><\/li><li class='av-share-link av-social-link-whatsapp' ><a target=\"_blank\" aria-label=\"Compartir en Whatsapp\" href='https:\/\/api.whatsapp.com\/send?text=https:\/\/radiorevelacionfm.cl\/?p=26074' aria-hidden='false' data-av_icon='\uf232' data-av_iconfont='entypo-fontello' title='' data-avia-related-tooltip='Compartir en Whatsapp' rel=\"noopener\"><span class='avia_hidden_link_text'>Compartir en Whatsapp<\/span><\/a><\/li><li class='av-share-link av-social-link-linkedin' ><a target=\"_blank\" aria-label=\"Compartir en LinkedIn\" href='https:\/\/linkedin.com\/shareArticle?mini=true&#038;title=Rescatan%20a%20cinco%20tripulantes%20desde%20lancha%20con%20falla%20de%20motor%20en%20la%20regi%C3%B3n%20de%20Ays%C3%A9n&#038;url=https:\/\/radiorevelacionfm.cl\/?p=26074' aria-hidden='false' data-av_icon='\ue8fc' data-av_iconfont='entypo-fontello' title='' data-avia-related-tooltip='Compartir en LinkedIn' rel=\"noopener\"><span class='avia_hidden_link_text'>Compartir en LinkedIn<\/span><\/a><\/li><li class='av-share-link av-social-link-mail' ><a  aria-label=\"Compartir por correo\" href='mailto:?subject=Rescatan%20a%20cinco%20tripulantes%20desde%20lancha%20con%20falla%20de%20motor%20en%20la%20regi%C3%B3n%20de%20Ays%C3%A9n&#038;body=https:\/\/radiorevelacionfm.cl\/?p=26074' aria-hidden='false' data-av_icon='\ue805' data-av_iconfont='entypo-fontello' title='' data-avia-related-tooltip='Compartir por correo'><span class='avia_hidden_link_text'>Compartir por correo<\/span><\/a><\/li><\/ul><\/div><\/div>\n<div  style='height:50px' class='hr hr-invisible   avia-builder-el-8  el_after_av_social_share  el_before_av_comments_list '><span class='hr-inner ' ><span class='hr-inner-style'><\/span><\/span><\/div>\n<div  class='av-buildercomment  av-blog-meta-html-info-disabled av-blog-meta-tag-disabled  '><\/div>\n","protected":false},"excerpt":{"rendered":"","protected":false},"author":1,"featured_media":26075,"comment_status":"open","ping_status":"open","sticky":false,"template":"","format":"standard","meta":{"footnotes":""},"categories":[60],"tags":[],"class_list":["post-26074","post","type-post","status-publish","format-standard","has-post-thumbnail","hentry","category-pesca"],"jetpack_featured_media_url":"https:\/\/radiorevelacionfm.cl\/wp-content\/uploads\/2022\/12\/flliir-wiaq02dg-1_optimized.jpg","_links":{"self":[{"href":"https:\/\/radiorevelacionfm.cl\/index.php?rest_route=\/wp\/v2\/posts\/26074","targetHints":{"allow":["GET"]}}],"collection":[{"href":"https:\/\/radiorevelacionfm.cl\/index.php?rest_route=\/wp\/v2\/posts"}],"about":[{"href":"https:\/\/radiorevelacionfm.cl\/index.php?rest_route=\/wp\/v2\/types\/post"}],"author":[{"embeddable":true,"href":"https:\/\/radiorevelacionfm.cl\/index.php?rest_route=\/wp\/v2\/users\/1"}],"replies":[{"embeddable":true,"href":"https:\/\/radiorevelacionfm.cl\/index.php?rest_route=%2Fwp%2Fv2%2Fcomments&post=26074"}],"version-history":[{"count":2,"href":"https:\/\/radiorevelacionfm.cl\/index.php?rest_route=\/wp\/v2\/posts\/26074\/revisions"}],"predecessor-version":[{"id":26077,"href":"https:\/\/radiorevelacionfm.cl\/index.php?rest_route=\/wp\/v2\/posts\/26074\/revisions\/26077"}],"wp:featuredmedia":[{"embeddable":true,"href":"https:\/\/radiorevelacionfm.cl\/index.php?rest_route=\/wp\/v2\/media\/26075"}],"wp:attachment":[{"href":"https:\/\/radiorevelacionfm.cl\/index.php?rest_route=%2Fwp%2Fv2%2Fmedia&parent=26074"}],"wp:term":[{"taxonomy":"category","embeddable":true,"href":"https:\/\/radiorevelacionfm.cl\/index.php?rest_route=%2Fwp%2Fv2%2Fcategories&post=26074"},{"taxonomy":"post_tag","embeddable":true,"href":"https:\/\/radiorevelacionfm.cl\/index.php?rest_route=%2Fwp%2Fv2%2Ftags&post=26074"}],"curies":[{"name":"wp","href":"https:\/\/api.w.org\/{rel}","templated":true}]}}