{"id":26071,"date":"2022-12-30T10:06:50","date_gmt":"2022-12-30T13:06:50","guid":{"rendered":"https:\/\/radiorevelacionfm.cl\/?p=26071"},"modified":"2022-12-30T10:06:50","modified_gmt":"2022-12-30T13:06:50","slug":"programa-4-a-7-de-sernameg-finaliza-el-ano-con-actividades-ludicas-para-sus-participantes","status":"publish","type":"post","link":"https:\/\/radiorevelacionfm.cl\/?p=26071","title":{"rendered":"Programa 4 a 7 de SernamEG finaliza el a\u00f1o con actividades l\u00fadicas para sus participantes"},"content":{"rendered":"<div class=\"flex_column av_one_full  flex_column_div av-zero-column-padding first  avia-builder-el-0  el_before_av_one_full  avia-builder-el-first  \" style='border-radius:0px; '><div  class='avia-image-container  av-styling-    avia-builder-el-1  avia-builder-el-no-sibling  avia-align-center '  itemprop=\"image\" itemscope=\"itemscope\" itemtype=\"https:\/\/schema.org\/ImageObject\"  ><div class='avia-image-container-inner'><div class='avia-image-overlay-wrap'><img decoding=\"async\" class='wp-image-26072 avia-img-lazy-loading-not-26072 avia_image' src=\"https:\/\/radiorevelacionfm.cl\/wp-content\/uploads\/2022\/12\/finalizacion-ano-2022-progr-4-a-7-19-1_optimized-1.jpg\" alt='' title='finalizaci\u00f3n-a\u00f1o-2022-progr-4-a-7-(19)-(1)_optimized (1)' height=\"600\" width=\"873\"  itemprop=\"thumbnailUrl\" srcset=\"https:\/\/radiorevelacionfm.cl\/wp-content\/uploads\/2022\/12\/finalizacion-ano-2022-progr-4-a-7-19-1_optimized-1.jpg 873w, https:\/\/radiorevelacionfm.cl\/wp-content\/uploads\/2022\/12\/finalizacion-ano-2022-progr-4-a-7-19-1_optimized-1-300x206.jpg 300w, https:\/\/radiorevelacionfm.cl\/wp-content\/uploads\/2022\/12\/finalizacion-ano-2022-progr-4-a-7-19-1_optimized-1-768x528.jpg 768w, https:\/\/radiorevelacionfm.cl\/wp-content\/uploads\/2022\/12\/finalizacion-ano-2022-progr-4-a-7-19-1_optimized-1-705x485.jpg 705w, https:\/\/radiorevelacionfm.cl\/wp-content\/uploads\/2022\/12\/finalizacion-ano-2022-progr-4-a-7-19-1_optimized-1-600x412.jpg 600w\" sizes=\"(max-width: 873px) 100vw, 873px\" \/><\/div><\/div><\/div><\/div><div class=\"flex_column av_one_full  flex_column_div av-zero-column-padding first  avia-builder-el-2  el_after_av_one_full  el_before_av_one_full  column-top-margin\" style='border-radius:0px; '><section class=\"av_textblock_section \"  itemscope=\"itemscope\" itemtype=\"https:\/\/schema.org\/BlogPosting\" itemprop=\"blogPost\" ><div class='avia_textblock  '   itemprop=\"text\" ><p style=\"text-align: center;\"><strong><span style=\"font-size: 18pt;\">Programa 4 a 7 de SernamEG finaliza el a\u00f1o con actividades l\u00fadicas para sus participantes<\/span><\/strong><\/p>\n<div id=\"gtx-trans\" style=\"position: absolute; left: -50px; top: 4.31534px;\">\n<div class=\"gtx-trans-icon\"><\/div>\n<\/div>\n<\/div><\/section><\/div><div class=\"flex_column av_one_full  flex_column_div av-zero-column-padding first  avia-builder-el-4  el_after_av_one_full  el_before_av_hr  column-top-margin\" style='border-radius:0px; '><section class=\"av_textblock_section \"  itemscope=\"itemscope\" itemtype=\"https:\/\/schema.org\/BlogPosting\" itemprop=\"blogPost\" ><div class='avia_textblock  '   itemprop=\"text\" ><div style=\"text-align: justify;\">\n<p>Con el objetivo de finalizar la temporada 2022, el programa 4 a 7 organiz\u00f3 en el marco de sus talleres tem\u00e1ticos, experiencias vinculadas a la Navidad en las comunas de Ays\u00e9n y Chile Chico; a las que asistieron las participantes del modelo program\u00e1tico junto a las ni\u00f1as y ni\u00f1os que est\u00e1n bajo su cuidado. La intervenci\u00f3n program\u00e1tica del Servicio Nacional de la Mujer y la Equidad de G\u00e9nero, SernamEG, contribuye al acceso y permanencia laboral de las mujeres, atendiendo a un factor gravitante para ello, como es el cuidado y protecci\u00f3n de ni\u00f1os y ni\u00f1as que est\u00e9n a su cargo, despu\u00e9s de la jornada escolar. Actualmente, el Programa forma parte del Plan Nacional \u201cChile Apoya\u201d impulsado por el Presidente Gabriel Boric Font.<\/p>\n<p>Junto con relevar las actividades de fin de a\u00f1o, la Directora Regional (S) de SernamEG, Carla Arriagada Malague\u00f1o, se refiri\u00f3 a la alianza con las instituciones locales. \u201cPara estar presente en los territorios hist\u00f3ricamente hemos tenido como aliados estrat\u00e9gicos a las municipalidades. En tal sentido, el trabajo colaborativo que hemos logrado con los Alcaldes nos ha permitido aumentar hace unos a\u00f1os la cobertura del programa 4 a 7 con la incorporaci\u00f3n de un nuevo establecimiento educacional, en el caso de Ays\u00e9n, mientras que en Chile Chico ya estamos funcionando desde hace tres a\u00f1os en la Escuela B\u00e1sica. En definitiva, trabajar mancomunadamente, es la v\u00eda que mantendremos el pr\u00f3ximo a\u00f1o para continuar fortaleciendo la autonom\u00eda econ\u00f3mica de las participantes de este modelo program\u00e1tico\u201d.<\/p>\n<p>Alejandra B\u00f3rquez Barra es una de las mujeres que participa en el programa en la Escuela B\u00e1sica de Chile Chico. Sobre su experiencia y la de sus hijas, explic\u00f3 que \u201ceste es el primer a\u00f1o que formo parte del 4 a 7, por motivos familiares no ten\u00eda quien las cuidara y deb\u00ed renunciar a varias opciones de trabajo, as\u00ed que este programa lleg\u00f3 justo en el momento que m\u00e1s lo necesitaba por lo que actualmente administro sola un local\u201d. Por su parte, Sandra Hauffman Chac\u00f3n, se refiri\u00f3 a su vivencia y la de su hijo, mencionando que \u201cpara m\u00ed ha sido fundamental el apoyo que he recibido, porque trabajo y gracias a los talleres, Sebasti\u00e1n ha adquirido m\u00e1s independencia y autoestima. Las t\u00edas han generado un lazo importante con las ni\u00f1as y ni\u00f1os que asisten a los talleres ya que le ayudan en las asignaturas que se les hace un poco m\u00e1s dif\u00edcil\u201d.<\/p>\n<p>Durante el a\u00f1o 2022 el programa 4 a 7 benefici\u00f3 a 132 mujeres que accedieron a talleres diferenciados seg\u00fan su perfil laboral, con el objetivo de promover procesos de empoderamiento que faciliten su participaci\u00f3n en el mercado laboral; y de esa manera, avanzar en el ejercicio de su autonom\u00eda econ\u00f3mica. Asimismo, tuvieron la opci\u00f3n de ser derivadas al intersector y a la entrega de informaci\u00f3n laboral personalizada. En esa l\u00ednea, con la idea de apoyarlas en su b\u00fasqueda de empleo en l\u00ednea y fortalecer sus emprendimientos en modalidad digital, recientemente participantes en Chile Chico fueron parte del programa Digital\u00edzate para el Trabajo del Servicio Nacional de Capacitaci\u00f3n y Empleo, SENCE. Las usuarias tuvieron acceso a una tablet de uso individual, elemento tecnol\u00f3gico para apoyar sus aprendizajes.<\/p>\n<p>Adem\u00e1s, las personas que se encuentren desocupadas y que cumplan el perfil pueden ser vinculadas al programa Mujeres Jefas de Hogar para fortalecer su perfil laboral. En tanto, aquellas que quieran potenciar su emprendimiento son vinculadas al programa Mujer Emprende.<\/p>\n<p>Respecto al servicio de cuidado infantil integral para las ni\u00f1as y ni\u00f1os de 6 a 13 a\u00f1os que est\u00e9n a cargo del cuidado de las mujeres participantes, durante el presente a\u00f1o fueron atendidas 175 personas; repartidas en los 4 establecimientos educacionales en los que se desarrollan los talleres. Espec\u00edficamente, en la Escuela Almirante Simpson en Puerto Chacabuco, Escuela B\u00e1sica de Chile Chico y en Puerto Ays\u00e9n &#8211; escuelas Litoral Austral y Poetisa Gabriela Mistral-.\u00a0 Tres son los tipos de actividades a cargo del equipo de monitoras y monitores: taller de Organizaci\u00f3n Escolar, talleres tem\u00e1ticos (Arte y Cultura; Deporte, actividad f\u00edsica y autocuidado) y talleres de Promoci\u00f3n del Desarrollo Infantil Integral.<\/p>\n<\/div>\n<div style=\"text-align: justify;\"><\/div>\n<div>\n<div dir=\"ltr\" data-smartmail=\"gmail_signature\">\n<div dir=\"ltr\">\n<div>\n<div dir=\"ltr\">\n<div>\n<div dir=\"ltr\">\n<div dir=\"ltr\">\n<div dir=\"ltr\">\n<div dir=\"ltr\">\n<div dir=\"ltr\" style=\"text-align: justify;\"><\/div>\n<\/div>\n<\/div>\n<\/div>\n<\/div>\n<\/div>\n<\/div>\n<\/div>\n<\/div>\n<\/div>\n<\/div>\n<\/div><\/section><\/div><div  style='height:50px' class='hr hr-invisible   avia-builder-el-6  el_after_av_one_full  el_before_av_social_share '><span class='hr-inner ' ><span class='hr-inner-style'><\/span><\/span><\/div><\/p>\n<div  class='av-social-sharing-box  avia-builder-el-7  el_after_av_hr  el_before_av_hr  '><div class='av-share-box'><h5 class='av-share-link-description av-no-toc '>Compartir esta noticia<\/h5><ul class='av-share-box-list noLightbox'><li class='av-share-link av-social-link-facebook' ><a target=\"_blank\" aria-label=\"Compartir en Facebook\" href='https:\/\/www.facebook.com\/sharer.php?u=https:\/\/radiorevelacionfm.cl\/?p=26071&#038;t=Programa%204%20a%207%20de%20SernamEG%20finaliza%20el%20a%C3%B1o%20con%20actividades%20l%C3%BAdicas%20para%20sus%20participantes' aria-hidden='false' data-av_icon='\ue8f3' data-av_iconfont='entypo-fontello' title='' data-avia-related-tooltip='Compartir en Facebook' rel=\"noopener\"><span class='avia_hidden_link_text'>Compartir en Facebook<\/span><\/a><\/li><li class='av-share-link av-social-link-twitter' ><a target=\"_blank\" aria-label=\"Compartir en Twitter\" href='https:\/\/twitter.com\/share?text=Programa%204%20a%207%20de%20SernamEG%20finaliza%20el%20a%C3%B1o%20con%20actividades%20l%C3%BAdicas%20para%20sus%20participantes&#038;url=https:\/\/radiorevelacionfm.cl\/?p=26071' aria-hidden='false' data-av_icon='\ue8f1' data-av_iconfont='entypo-fontello' title='' data-avia-related-tooltip='Compartir en Twitter' rel=\"noopener\"><span class='avia_hidden_link_text'>Compartir en Twitter<\/span><\/a><\/li><li class='av-share-link av-social-link-whatsapp' ><a target=\"_blank\" aria-label=\"Compartir en Whatsapp\" href='https:\/\/api.whatsapp.com\/send?text=https:\/\/radiorevelacionfm.cl\/?p=26071' aria-hidden='false' data-av_icon='\uf232' data-av_iconfont='entypo-fontello' title='' data-avia-related-tooltip='Compartir en Whatsapp' rel=\"noopener\"><span class='avia_hidden_link_text'>Compartir en Whatsapp<\/span><\/a><\/li><li class='av-share-link av-social-link-linkedin' ><a target=\"_blank\" aria-label=\"Compartir en LinkedIn\" href='https:\/\/linkedin.com\/shareArticle?mini=true&#038;title=Programa%204%20a%207%20de%20SernamEG%20finaliza%20el%20a%C3%B1o%20con%20actividades%20l%C3%BAdicas%20para%20sus%20participantes&#038;url=https:\/\/radiorevelacionfm.cl\/?p=26071' aria-hidden='false' data-av_icon='\ue8fc' data-av_iconfont='entypo-fontello' title='' data-avia-related-tooltip='Compartir en LinkedIn' rel=\"noopener\"><span class='avia_hidden_link_text'>Compartir en LinkedIn<\/span><\/a><\/li><li class='av-share-link av-social-link-mail' ><a  aria-label=\"Compartir por correo\" href='mailto:?subject=Programa%204%20a%207%20de%20SernamEG%20finaliza%20el%20a%C3%B1o%20con%20actividades%20l%C3%BAdicas%20para%20sus%20participantes&#038;body=https:\/\/radiorevelacionfm.cl\/?p=26071' aria-hidden='false' data-av_icon='\ue805' data-av_iconfont='entypo-fontello' title='' data-avia-related-tooltip='Compartir por correo'><span class='avia_hidden_link_text'>Compartir por correo<\/span><\/a><\/li><\/ul><\/div><\/div>\n<div  style='height:50px' class='hr hr-invisible   avia-builder-el-8  el_after_av_social_share  el_before_av_comments_list '><span class='hr-inner ' ><span class='hr-inner-style'><\/span><\/span><\/div>\n<div  class='av-buildercomment  av-blog-meta-html-info-disabled av-blog-meta-tag-disabled  '><\/div>\n","protected":false},"excerpt":{"rendered":"","protected":false},"author":1,"featured_media":26072,"comment_status":"open","ping_status":"open","sticky":false,"template":"","format":"standard","meta":{"footnotes":""},"categories":[38],"tags":[],"class_list":["post-26071","post","type-post","status-publish","format-standard","has-post-thumbnail","hentry","category-regional"],"jetpack_featured_media_url":"https:\/\/radiorevelacionfm.cl\/wp-content\/uploads\/2022\/12\/finalizacion-ano-2022-progr-4-a-7-19-1_optimized-1.jpg","_links":{"self":[{"href":"https:\/\/radiorevelacionfm.cl\/index.php?rest_route=\/wp\/v2\/posts\/26071","targetHints":{"allow":["GET"]}}],"collection":[{"href":"https:\/\/radiorevelacionfm.cl\/index.php?rest_route=\/wp\/v2\/posts"}],"about":[{"href":"https:\/\/radiorevelacionfm.cl\/index.php?rest_route=\/wp\/v2\/types\/post"}],"author":[{"embeddable":true,"href":"https:\/\/radiorevelacionfm.cl\/index.php?rest_route=\/wp\/v2\/users\/1"}],"replies":[{"embeddable":true,"href":"https:\/\/radiorevelacionfm.cl\/index.php?rest_route=%2Fwp%2Fv2%2Fcomments&post=26071"}],"version-history":[{"count":2,"href":"https:\/\/radiorevelacionfm.cl\/index.php?rest_route=\/wp\/v2\/posts\/26071\/revisions"}],"predecessor-version":[{"id":26078,"href":"https:\/\/radiorevelacionfm.cl\/index.php?rest_route=\/wp\/v2\/posts\/26071\/revisions\/26078"}],"wp:featuredmedia":[{"embeddable":true,"href":"https:\/\/radiorevelacionfm.cl\/index.php?rest_route=\/wp\/v2\/media\/26072"}],"wp:attachment":[{"href":"https:\/\/radiorevelacionfm.cl\/index.php?rest_route=%2Fwp%2Fv2%2Fmedia&parent=26071"}],"wp:term":[{"taxonomy":"category","embeddable":true,"href":"https:\/\/radiorevelacionfm.cl\/index.php?rest_route=%2Fwp%2Fv2%2Fcategories&post=26071"},{"taxonomy":"post_tag","embeddable":true,"href":"https:\/\/radiorevelacionfm.cl\/index.php?rest_route=%2Fwp%2Fv2%2Ftags&post=26071"}],"curies":[{"name":"wp","href":"https:\/\/api.w.org\/{rel}","templated":true}]}}