{"id":26057,"date":"2022-12-30T11:39:05","date_gmt":"2022-12-30T14:39:05","guid":{"rendered":"https:\/\/radiorevelacionfm.cl\/?p=26057"},"modified":"2022-12-30T11:39:05","modified_gmt":"2022-12-30T14:39:05","slug":"seremi-samuel-navarro-hemos-avanzado-bastante-con-recursos-y-presupuestos-acotados-pero-nos-quedan-cosas-al-debe-que-estamos-trabajando-y-esperamos-concretarlas-este-2023","status":"publish","type":"post","link":"https:\/\/radiorevelacionfm.cl\/?p=26057","title":{"rendered":"Seremi Samuel Navarro: \u201cHemos avanzado bastante con recursos y presupuestos acotados, pero nos quedan cosas al debe, que estamos trabajando y esperamos concretarlas este 2023\u201d"},"content":{"rendered":"<div class=\"flex_column av_one_full  flex_column_div av-zero-column-padding first  avia-builder-el-0  el_before_av_one_full  avia-builder-el-first  \" style='border-radius:0px; '><div  class='avia-image-container  av-styling-    avia-builder-el-1  avia-builder-el-no-sibling  avia-align-center '  itemprop=\"image\" itemscope=\"itemscope\" itemtype=\"https:\/\/schema.org\/ImageObject\"  ><div class='avia-image-container-inner'><div class='avia-image-overlay-wrap'><img decoding=\"async\" class='wp-image-26058 avia-img-lazy-loading-not-26058 avia_image' src=\"https:\/\/radiorevelacionfm.cl\/wp-content\/uploads\/2022\/12\/balance-1-1_optimized.jpg\" alt='' title='balance-1-(1)_optimized' height=\"600\" width=\"800\"  itemprop=\"thumbnailUrl\" srcset=\"https:\/\/radiorevelacionfm.cl\/wp-content\/uploads\/2022\/12\/balance-1-1_optimized.jpg 800w, https:\/\/radiorevelacionfm.cl\/wp-content\/uploads\/2022\/12\/balance-1-1_optimized-300x225.jpg 300w, https:\/\/radiorevelacionfm.cl\/wp-content\/uploads\/2022\/12\/balance-1-1_optimized-768x576.jpg 768w, https:\/\/radiorevelacionfm.cl\/wp-content\/uploads\/2022\/12\/balance-1-1_optimized-705x529.jpg 705w, https:\/\/radiorevelacionfm.cl\/wp-content\/uploads\/2022\/12\/balance-1-1_optimized-600x450.jpg 600w\" sizes=\"(max-width: 800px) 100vw, 800px\" \/><\/div><\/div><\/div><\/div><div class=\"flex_column av_one_full  flex_column_div av-zero-column-padding first  avia-builder-el-2  el_after_av_one_full  el_before_av_one_full  column-top-margin\" style='border-radius:0px; '><section class=\"av_textblock_section \"  itemscope=\"itemscope\" itemtype=\"https:\/\/schema.org\/BlogPosting\" itemprop=\"blogPost\" ><div class='avia_textblock  '   itemprop=\"text\" ><p style=\"text-align: center;\"><strong><span style=\"font-size: 18pt;\">Seremi Samuel Navarro: \u201cHemos avanzado bastante con recursos y presupuestos acotados, pero nos quedan cosas al debe, que estamos trabajando y esperamos concretarlas este 2023\u201d<\/span><\/strong><\/p>\n<div id=\"gtx-trans\" style=\"position: absolute; left: -50px; top: 4.31534px;\">\n<div class=\"gtx-trans-icon\"><\/div>\n<\/div>\n<\/div><\/section><\/div><div class=\"flex_column av_one_full  flex_column_div av-zero-column-padding first  avia-builder-el-4  el_after_av_one_full  el_before_av_hr  column-top-margin\" style='border-radius:0px; '><section class=\"av_textblock_section \"  itemscope=\"itemscope\" itemtype=\"https:\/\/schema.org\/BlogPosting\" itemprop=\"blogPost\" ><div class='avia_textblock  '   itemprop=\"text\" ><p style=\"text-align: justify;\">Estamos ad portas de la llegada del a\u00f1o 2023, y tras 8 meses a la cabeza de la Secretar\u00eda Regional Ministerial de Justicia y Derechos Humanos, el abogado Samuel Navarro Castro quiso hacer un balance de gesti\u00f3n para dar a conocer a la ciudadan\u00eda, los principales avances del sector y la implementaci\u00f3n a nivel regional de medidas relacionadas con la cartera, y que son parte de las 200 implementadas hasta el momento por el Gobierno del Presidente Gabriel Boric en el marco de la campa\u00f1a Chile Avanzando.<\/p>\n<p style=\"text-align: justify;\"><strong>En este sentido, \u00bfcu\u00e1l es el balance del trabajo realizado al frente de la Secretar\u00eda Regional Ministerial de Justicia y Derechos Humanos en la regi\u00f3n?<\/strong><\/p>\n<p style=\"text-align: justify;\">Como cualquier balance, hacemos este an\u00e1lisis de las cosas al debe y al haber, y raya para la suma, como dir\u00eda un amigo, el balance es positivo, sin ser auto complaciente, en un a\u00f1o de por si complejo, post pandemia e iniciando una nueva administraci\u00f3n, luego de una ausencia notable del estado en muchas materias, creo que hemos avanzado bastante, desde el punto de vista de infraestructura y en relaci\u00f3n a los servicios relacionados con la cartera, contamos por ejemplo con tres nuevas oficinas de la Corporaci\u00f3n de Asistencia Judicial, los consultorios jur\u00eddicos de Cochrane, Puerto Cisnes y Ays\u00e9n, que otorga m\u00e1s y mejores condiciones de atenci\u00f3n a usuarios y a trabajadores y trabajadoras, las que eran muy precarias, y sin acceso universal, condiciones que llevaban a\u00f1os sin mejora alguna, a las que se suman las nuevas dependencias del Registro Civil en Cochrane, tambi\u00e9n m\u00e1s amplias y con acceso universal. Con esto claramente avanzamos en acercar la justicia a la gente.<\/p>\n<p style=\"text-align: justify;\">Por otro lado, pudimos resolver en forma definitiva el problema de la calefacci\u00f3n del principal centro penitenciario de la regi\u00f3n en Coyhaique, el CCP que cuenta desde este a\u00f1o con un nuevo, seguro y eficiente sistema de calefacci\u00f3n, dejando atr\u00e1s y para siempre un sistema riesgoso, precario e ineficiente; se logr\u00f3 la aprobaci\u00f3n de un proyecto de conservaci\u00f3n del mismo centro penitenciario, que nos permitir\u00e1 superar deficiencias hist\u00f3ricas en materia sanitaria y el\u00e9ctrica, gracias al Gobierno Regional y sus Consejeros y Consejeras, quienes nos aprobaron y transferir\u00e1n recursos para ello. A esto se suma que Gendarmer\u00eda abri\u00f3 este a\u00f1o en Coyhaique y Puerto Ays\u00e9n, panader\u00edas de venta al p\u00fablico, que nos permiten profundizar en reinserci\u00f3n para las personas privadas de libertad, que se complementan con los cursos y capacitaciones desarrolladas con fondos de Sence, y con el apoyo de los profesionales y trabajadores de Gendarmer\u00eda de Chile.<\/p>\n<p style=\"text-align: justify;\">A su vez, duplicamos este 2022 la cantidad de t\u00f3tem de autoatenci\u00f3n del Registro Civil de 4 a 8, reponiendo los existentes y aumentando cobertura, tambi\u00e9n relocalizando algunos para un mejor uso; los que nos permite mejorar la calidad de vida al obtener certificados y claves \u00fanicas tan necesarios en la vida diaria. Por otro lado, reforzamos de manera importante la capacitaci\u00f3n, seminarios y actividades de difusi\u00f3n en materias de promoci\u00f3n y conocimiento de los Derechos Humanos, particularmente a grupos vulnerables, mujeres, ni\u00f1os y ni\u00f1as, migrantes, diversidades sexo gen\u00e9ricas, personas mayores, entre otros, fortaleciendo alianzas de trabajo con el Instituto Nacional de DDHH; alcanzando incluso estas capacitaciones a personal, suboficiales y oficiales de Carabineros de Chile, gracias a la disposici\u00f3n del mando en este punto. En fin, en l\u00edneas gruesas en estos meses, hemos hecho harto, con recursos y presupuestos acotados, pero sin duda nos quedan cosas al debe, que las estamos trabajando y esperamos concretarlas en este 2023, que se viene muy desafiante.<\/p>\n<p style=\"text-align: justify;\"><strong>La campa\u00f1a Chile Avanzando contiene m\u00e1s de 200 medidas impulsadas por el Gobierno en sus primeros 9 meses, las que incluyen beneficios, programas y apoyos para responder a las principales preocupaciones de las personas y poder mejorar su calidad de vida. Dentro de la cartera de Justicia y DD.HH \u00bfCu\u00e1les podemos destacar?<\/strong><\/p>\n<p style=\"text-align: justify;\">Son var\u00edas, partimos con la puesta en marcha a nivel regional de la nueva l\u00ednea de representaci\u00f3n jur\u00eddica \u201cLa Ni\u00f1ez y la Adolescencia se defienden\u201d, instancia que representa un avance en el fortalecimiento de la ley de garant\u00edas y protecci\u00f3n integral de los derechos de la ni\u00f1ez y adolescencia, lo que permite un efectivo acceso a la justicia y un debido proceso de las causas judiciales, protegiendo as\u00ed sus derechos y asegurando su comparecencia y participaci\u00f3n en las decisiones que los afectan, dicha oficina posee una dotaci\u00f3n de cinco profesionales entre abogados y trabajadores sociales los que llevan adelante la representaci\u00f3n aproximada de 300 causas de ni\u00f1os, ni\u00f1as y adolescentes a nivel regional, y se encuentran ubicados en calle Moraleda N\u00b036 en Coyhaique. A esto se suma que durante el presente a\u00f1o, se desarrollaron importantes avances tecnol\u00f3gicos implementados por el Servicio de Registro Civil e Identificaci\u00f3n, como la apostilla en l\u00ednea que permite que 28 certificados ya no necesitan tramitarse de manera presencial, lo que facilita la vida a las personas y permite descongestionar las oficinas, as\u00ed tambi\u00e9n la implementaci\u00f3n de aplicaciones tecnol\u00f3gicas que permiten desde celulares y de la p\u00e1gina web reimprimir c\u00e9dulas de identidad y o renovar este tan importante documento de identificaci\u00f3n.<\/p>\n<p style=\"text-align: justify;\">Nos encontramos en pleno proceso de difusi\u00f3n del Plan Nacional de B\u00fasqueda, instrumento de pol\u00edtica p\u00fablica que avanza en la b\u00fasqueda de victimas de desaparici\u00f3n forzada durante la dictadura militar, trabajo que esperamos iniciar en enero pr\u00f3ximo con un dise\u00f1o participativo, y donde los familiares sean parte importante en la elaboraci\u00f3n de este plan, por \u00faltimo pusimos en marcha el Registro Nacional de Deudores de Pensiones de Alimentos, cuyo fin es coordinar diversas medidas legales para agilizar los pagos de pensiones alimentarias, el funcionamiento y la administraci\u00f3n del Registro queda a cargo del Servicio de Registro Civil e Identificaci\u00f3n e ingresar\u00e1n quienes adeuden, total o parcialmente, al menos tres mensualidades consecutivas o cinco discontinuas.<\/p>\n<p style=\"text-align: justify;\"><strong>\u00bfDesaf\u00edos para el pr\u00f3ximo a\u00f1o?<\/strong><\/p>\n<p style=\"text-align: justify;\">Claro, como mencion\u00e9 al inicio de la entrevista, nos quedaron cosas pendientes y que no alcanzamos a concretar este a\u00f1o, pero que ya estamos trabajando para que sean una realidad este 2023, es el caso del proyecto de reposici\u00f3n del edificio del Servicio M\u00e9dico Legal que est\u00e1 avanzando, y que esperamos dentro del primer semestre poder llamar a licitaci\u00f3n, en cuanto al Registro Civil se deben iniciar las obras de remodelaci\u00f3n de la oficina de Chile Chico, y el proyecto de reposici\u00f3n de las oficinas de Puerto Ays\u00e9n, as\u00ed tambi\u00e9n se iniciar\u00e1n las obras de conservaci\u00f3n del Centro de Cumplimiento Penitenciario de Coyhaique, entre otras iniciativas que van orientadas a mejorar el acceso a los servicios y acercar la justicia a las personas. Asimismo, un mayor despliegue y trabajo en el \u00e1mbito de los derechos humanos, parte del mandato y orientaciones del Presidente Gabriel Boric Font para el periodo.<\/p>\n<\/div><\/section><\/div><div  style='height:50px' class='hr hr-invisible   avia-builder-el-6  el_after_av_one_full  el_before_av_social_share '><span class='hr-inner ' ><span class='hr-inner-style'><\/span><\/span><\/div><\/p>\n<div  class='av-social-sharing-box  avia-builder-el-7  el_after_av_hr  el_before_av_hr  '><div class='av-share-box'><h5 class='av-share-link-description av-no-toc '>Compartir esta noticia<\/h5><ul class='av-share-box-list noLightbox'><li class='av-share-link av-social-link-facebook' ><a target=\"_blank\" aria-label=\"Compartir en Facebook\" href='https:\/\/www.facebook.com\/sharer.php?u=https:\/\/radiorevelacionfm.cl\/?p=26057&#038;t=Seremi%20Samuel%20Navarro%3A%20%E2%80%9CHemos%20avanzado%20bastante%20con%20recursos%20y%20presupuestos%20acotados%2C%20pero%20nos%20quedan%20cosas%20al%20debe%2C%20que%20estamos%20trabajando%20y%20esperamos%20concretarlas%20este%202023%E2%80%9D' aria-hidden='false' data-av_icon='\ue8f3' data-av_iconfont='entypo-fontello' title='' data-avia-related-tooltip='Compartir en Facebook' rel=\"noopener\"><span class='avia_hidden_link_text'>Compartir en Facebook<\/span><\/a><\/li><li class='av-share-link av-social-link-twitter' ><a target=\"_blank\" aria-label=\"Compartir en Twitter\" href='https:\/\/twitter.com\/share?text=Seremi%20Samuel%20Navarro%3A%20%E2%80%9CHemos%20avanzado%20bastante%20con%20recursos%20y%20presupuestos%20acotados%2C%20pero%20nos%20quedan%20cosas%20al%20debe%2C%20que%20estamos%20trabajando%20y%20esperamos%20concretarlas%20este%202023%E2%80%9D&#038;url=https:\/\/radiorevelacionfm.cl\/?p=26057' aria-hidden='false' data-av_icon='\ue8f1' data-av_iconfont='entypo-fontello' title='' data-avia-related-tooltip='Compartir en Twitter' rel=\"noopener\"><span class='avia_hidden_link_text'>Compartir en Twitter<\/span><\/a><\/li><li class='av-share-link av-social-link-whatsapp' ><a target=\"_blank\" aria-label=\"Compartir en Whatsapp\" href='https:\/\/api.whatsapp.com\/send?text=https:\/\/radiorevelacionfm.cl\/?p=26057' aria-hidden='false' data-av_icon='\uf232' data-av_iconfont='entypo-fontello' title='' data-avia-related-tooltip='Compartir en Whatsapp' rel=\"noopener\"><span class='avia_hidden_link_text'>Compartir en Whatsapp<\/span><\/a><\/li><li class='av-share-link av-social-link-linkedin' ><a target=\"_blank\" aria-label=\"Compartir en LinkedIn\" href='https:\/\/linkedin.com\/shareArticle?mini=true&#038;title=Seremi%20Samuel%20Navarro%3A%20%E2%80%9CHemos%20avanzado%20bastante%20con%20recursos%20y%20presupuestos%20acotados%2C%20pero%20nos%20quedan%20cosas%20al%20debe%2C%20que%20estamos%20trabajando%20y%20esperamos%20concretarlas%20este%202023%E2%80%9D&#038;url=https:\/\/radiorevelacionfm.cl\/?p=26057' aria-hidden='false' data-av_icon='\ue8fc' data-av_iconfont='entypo-fontello' title='' data-avia-related-tooltip='Compartir en LinkedIn' rel=\"noopener\"><span class='avia_hidden_link_text'>Compartir en LinkedIn<\/span><\/a><\/li><li class='av-share-link av-social-link-mail' ><a  aria-label=\"Compartir por correo\" href='mailto:?subject=Seremi%20Samuel%20Navarro%3A%20%E2%80%9CHemos%20avanzado%20bastante%20con%20recursos%20y%20presupuestos%20acotados%2C%20pero%20nos%20quedan%20cosas%20al%20debe%2C%20que%20estamos%20trabajando%20y%20esperamos%20concretarlas%20este%202023%E2%80%9D&#038;body=https:\/\/radiorevelacionfm.cl\/?p=26057' aria-hidden='false' data-av_icon='\ue805' data-av_iconfont='entypo-fontello' title='' data-avia-related-tooltip='Compartir por correo'><span class='avia_hidden_link_text'>Compartir por correo<\/span><\/a><\/li><\/ul><\/div><\/div>\n<div  style='height:50px' class='hr hr-invisible   avia-builder-el-8  el_after_av_social_share  el_before_av_comments_list '><span class='hr-inner ' ><span class='hr-inner-style'><\/span><\/span><\/div>\n<div  class='av-buildercomment  av-blog-meta-html-info-disabled av-blog-meta-tag-disabled  '><\/div>\n","protected":false},"excerpt":{"rendered":"","protected":false},"author":1,"featured_media":26058,"comment_status":"open","ping_status":"open","sticky":false,"template":"","format":"standard","meta":{"footnotes":""},"categories":[55],"tags":[],"class_list":["post-26057","post","type-post","status-publish","format-standard","has-post-thumbnail","hentry","category-justicia"],"jetpack_featured_media_url":"https:\/\/radiorevelacionfm.cl\/wp-content\/uploads\/2022\/12\/balance-1-1_optimized.jpg","_links":{"self":[{"href":"https:\/\/radiorevelacionfm.cl\/index.php?rest_route=\/wp\/v2\/posts\/26057","targetHints":{"allow":["GET"]}}],"collection":[{"href":"https:\/\/radiorevelacionfm.cl\/index.php?rest_route=\/wp\/v2\/posts"}],"about":[{"href":"https:\/\/radiorevelacionfm.cl\/index.php?rest_route=\/wp\/v2\/types\/post"}],"author":[{"embeddable":true,"href":"https:\/\/radiorevelacionfm.cl\/index.php?rest_route=\/wp\/v2\/users\/1"}],"replies":[{"embeddable":true,"href":"https:\/\/radiorevelacionfm.cl\/index.php?rest_route=%2Fwp%2Fv2%2Fcomments&post=26057"}],"version-history":[{"count":2,"href":"https:\/\/radiorevelacionfm.cl\/index.php?rest_route=\/wp\/v2\/posts\/26057\/revisions"}],"predecessor-version":[{"id":26079,"href":"https:\/\/radiorevelacionfm.cl\/index.php?rest_route=\/wp\/v2\/posts\/26057\/revisions\/26079"}],"wp:featuredmedia":[{"embeddable":true,"href":"https:\/\/radiorevelacionfm.cl\/index.php?rest_route=\/wp\/v2\/media\/26058"}],"wp:attachment":[{"href":"https:\/\/radiorevelacionfm.cl\/index.php?rest_route=%2Fwp%2Fv2%2Fmedia&parent=26057"}],"wp:term":[{"taxonomy":"category","embeddable":true,"href":"https:\/\/radiorevelacionfm.cl\/index.php?rest_route=%2Fwp%2Fv2%2Fcategories&post=26057"},{"taxonomy":"post_tag","embeddable":true,"href":"https:\/\/radiorevelacionfm.cl\/index.php?rest_route=%2Fwp%2Fv2%2Ftags&post=26057"}],"curies":[{"name":"wp","href":"https:\/\/api.w.org\/{rel}","templated":true}]}}