{"id":26049,"date":"2022-12-29T17:27:12","date_gmt":"2022-12-29T20:27:12","guid":{"rendered":"https:\/\/radiorevelacionfm.cl\/?p=26049"},"modified":"2022-12-29T17:27:12","modified_gmt":"2022-12-29T20:27:12","slug":"ministros-de-transportes-y-obras-publicas-inspeccionan-funcionamiento-de-barcaza-la-tehuelche","status":"publish","type":"post","link":"https:\/\/radiorevelacionfm.cl\/?p=26049","title":{"rendered":"Ministros de Transportes y Obras P\u00fablicas inspeccionan funcionamiento de barcaza La Tehuelche"},"content":{"rendered":"<div class=\"flex_column av_one_full  flex_column_div av-zero-column-padding first  avia-builder-el-0  el_before_av_one_full  avia-builder-el-first  \" style='border-radius:0px; '><div  class='avia-image-container  av-styling-    avia-builder-el-1  avia-builder-el-no-sibling  avia-align-center '  itemprop=\"image\" itemscope=\"itemscope\" itemtype=\"https:\/\/schema.org\/ImageObject\"  ><div class='avia-image-container-inner'><div class='avia-image-overlay-wrap'><img decoding=\"async\" class='wp-image-26050 avia-img-lazy-loading-not-26050 avia_image' src=\"https:\/\/radiorevelacionfm.cl\/wp-content\/uploads\/2022\/12\/IMG_0754-1-1-1.jpg\" alt='' title='IMG_0754 (1) (1) (1)' height=\"600\" width=\"907\"  itemprop=\"thumbnailUrl\" srcset=\"https:\/\/radiorevelacionfm.cl\/wp-content\/uploads\/2022\/12\/IMG_0754-1-1-1.jpg 907w, https:\/\/radiorevelacionfm.cl\/wp-content\/uploads\/2022\/12\/IMG_0754-1-1-1-300x198.jpg 300w, https:\/\/radiorevelacionfm.cl\/wp-content\/uploads\/2022\/12\/IMG_0754-1-1-1-768x508.jpg 768w, https:\/\/radiorevelacionfm.cl\/wp-content\/uploads\/2022\/12\/IMG_0754-1-1-1-705x466.jpg 705w, https:\/\/radiorevelacionfm.cl\/wp-content\/uploads\/2022\/12\/IMG_0754-1-1-1-600x397.jpg 600w\" sizes=\"(max-width: 907px) 100vw, 907px\" \/><\/div><\/div><\/div><\/div><div class=\"flex_column av_one_full  flex_column_div av-zero-column-padding first  avia-builder-el-2  el_after_av_one_full  el_before_av_one_full  column-top-margin\" style='border-radius:0px; '><section class=\"av_textblock_section \"  itemscope=\"itemscope\" itemtype=\"https:\/\/schema.org\/BlogPosting\" itemprop=\"blogPost\" ><div class='avia_textblock  '   itemprop=\"text\" ><p style=\"text-align: center;\"><strong><span style=\"font-size: 18pt;\">Ministros de Transportes y Obras P\u00fablicas inspeccionan funcionamiento de barcaza La Tehuelche<\/span><\/strong><\/p>\n<div id=\"gtx-trans\" style=\"position: absolute; left: -50px; top: 4.31534px;\">\n<div class=\"gtx-trans-icon\"><\/div>\n<\/div>\n<\/div><\/section><\/div><div class=\"flex_column av_one_full  flex_column_div av-zero-column-padding first  avia-builder-el-4  el_after_av_one_full  el_before_av_hr  column-top-margin\" style='border-radius:0px; '><section class=\"av_textblock_section \"  itemscope=\"itemscope\" itemtype=\"https:\/\/schema.org\/BlogPosting\" itemprop=\"blogPost\" ><div class='avia_textblock  '   itemprop=\"text\" ><p dir=\"ltr\" style=\"text-align: justify;\">El ministro de Obras P\u00fablicas, Juan Carlos Garc\u00eda, junto al ministro de Transportes, Juan Carlos Mu\u00f1oz, Delegado Presidencial Regional de Ays\u00e9n, Rodrigo Araya, y la presidenta de la Comisi\u00f3n de Transporte del Senado, Ximena \u00d3rdenes, realizaron una inspecci\u00f3n al funcionamiento de la barcaza La Tehuelche, que vuelve a operar este jueves, luego de m\u00e1s de un a\u00f1o fuera de servicio.<\/p>\n<p dir=\"ltr\" style=\"text-align: justify;\">La barcaza, que une las localidades de Puerto Ib\u00e1\u00f1ez y Chile Chico, es la principal v\u00eda de conectividad v\u00eda lacustre en la zona.<\/p>\n<p dir=\"ltr\" style=\"text-align: justify;\">El ministro de Transportes, Juan Carlos Mu\u00f1oz, se\u00f1al\u00f3 que \u201clo que estamos haciendo es inspeccionar una barcaza, que lo que da es una conectividad muy importante a las personas de esta comunidad, tanto de Puerto Ib\u00e1\u00f1ez como de Chile Chico, que se nutren y viven de este tipo de servicios\u201d.<\/p>\n<p dir=\"ltr\" style=\"text-align: justify;\">Explic\u00f3 que al tener problemas con las barcazas La Tehuelche y Pilchero se debi\u00f3 proveer una serie de servicios adicionales para dar conectividad a la zona. \u201cEstamos hablando de subsidios al transporte a\u00e9reo, buses que pudieran conectar Chile Chico con Coyhaique; servicios de conectividad de distintos tipos en zonas rurales. Esperamos que, si el viento amaina, La Tehuelche va a poder operar en el d\u00eda de hoy y podr\u00e1 cruzar el lago\u201d. Anunci\u00f3, adem\u00e1s, que debido a que el operador de la Tehuelche renunci\u00f3 a su contrato, se debi\u00f3 licitar a una nueva empresa la que operar\u00e1 la barcaza desde el 1 de enero de 2023.<\/p>\n<p dir=\"ltr\" style=\"text-align: justify;\">Por su parte, el ministro de Obras P\u00fablicas, Juan Carlos Garc\u00eda, destac\u00f3 que \u201csabemos que uno de los temas m\u00e1s importantes en la Regi\u00f3n de Ays\u00e9n es la conectividad. Esta regi\u00f3n ha tenido dificultades importantes que eran necesario resolver y que se ven\u00edan arrastrando hace mucho tiempo, especialmente, dificultades con la barcaza\u201d.<\/p>\n<p dir=\"ltr\" style=\"text-align: justify;\">En este sentido, el ministro Garc\u00eda destac\u00f3 que el compromiso del gobierno fue poder resolver definitivamente la operaci\u00f3n de la barcaza La Tehuelche durante 2022 para que pudiera operar en el verano con todas las condiciones que la gente se merece.<\/p>\n<p dir=\"ltr\" style=\"text-align: justify;\">\u201cEsta fue una inversi\u00f3n de 1.200 millones de pesos y quiero destacar el trabajo que ha hecho ASMAR para todos los trabajos de mantenci\u00f3n de la barcaza. Fue un trabajo riguroso, que en tiempo r\u00e9cord cumpli\u00f3 lo que le hab\u00edamos solicitado: que durante 2022 la barcaza pudiese estar terminada para estar lista para operar este verano\u201d, dijo el ministro Garc\u00eda.<\/p>\n<p dir=\"ltr\" style=\"text-align: justify;\">Agreg\u00f3 que \u201choy no estamos haciendo una celebraci\u00f3n, sino que estamos reparando una deuda con este sector; una deuda que se ven\u00eda arrastrando hace muchos a\u00f1os y que, como Gobierno, estamos conscientes de la importancia que ten\u00eda devolverle una conectividad a lugares aislados del pa\u00eds. Tenemos que tratar a todos los ciudadanos por igual y por esto estamos con el ministro de Transportes, porque como gobierno queremos decir que este lugar nos importa; y que sabemos que la conectividad es un tema sensible ac\u00e1 en la Regi\u00f3n de Ays\u00e9n. Hoy, entregando esta barcaza, estamos dando un primer paso de muchos otros para mejorar la conectividad y abordar las prioridades y necesidades de una regi\u00f3n que tambi\u00e9n requiere de una inversi\u00f3n importante por parte del Estado\u201d.<\/p>\n<p dir=\"ltr\" style=\"text-align: justify;\">El Delegado Presidencial Rodrigo Araya indic\u00f3 que uno de los compromisos del gobierno es trabajar por la equidad territorial y que la conectividad de la regi\u00f3n se restablezca.<\/p>\n<p dir=\"ltr\" style=\"text-align: justify;\">\u201cEsperamos que este a\u00f1o, resuelto este problema de conectividad, podamos tambi\u00e9n ir trabajando y resolviendo los otros problemas de conectividad que nos afectan, sobre todo, en la cuenca del Lago General Carrera y en eso vamos a seguir trabajando los dos ministerios junto con los equipos de las seremis\u00a0 en la regi\u00f3n\u201d, anunci\u00f3 el Delegado Presidencial Regional de Ays\u00e9n.<\/p>\n<p dir=\"ltr\" style=\"text-align: justify;\">La presidenta de la Comisi\u00f3n de Transportes del Senado, senadora Ximena \u00d3rdenes destac\u00f3 que la conectividad ha sido una brecha hist\u00f3rica del desarrollo de la regi\u00f3n de Ays\u00e9n y por esto valor\u00f3 el restablecimiento de las operaciones de la nave principal, La Tehuelche, que es algo que especialmente los habitantes de la comuna de Chile Chico hab\u00edan esperado durante mucho tiempo.<\/p>\n<p dir=\"ltr\" style=\"text-align: justify;\">\u201cYo creo que los temas que tenemos a futuro en la regi\u00f3n de Ays\u00e9n es contar con un nuevo plan de conectividad austral, como lo hicimos en el pasado, producto de lo cual se construy\u00f3 la nave La Tehuelche y, en particular, en esta zona que tengamos un cronograma claro respecto de la construcci\u00f3n de la nueva barcaza para el Lago General Carrera\u201d, indic\u00f3 la senadora.<\/p>\n<div style=\"text-align: justify;\">La inspecci\u00f3n a la barcaza La Tehuelche fue la primera de las actividades de los ministros de Obras P\u00fablicas y de Transportes y Telecomunicaciones en la Regi\u00f3n de Ays\u00e9n durante este jueves y viernes, considerando adem\u00e1s di\u00e1logo con la Gobernadora Andrea Mac\u00edas, con los parlamentarios, los diez alcaldes y consejeros\/as regionales.<\/div>\n<\/div><\/section><\/div><div  style='height:50px' class='hr hr-invisible   avia-builder-el-6  el_after_av_one_full  el_before_av_social_share '><span class='hr-inner ' ><span class='hr-inner-style'><\/span><\/span><\/div><\/p>\n<div  class='av-social-sharing-box  avia-builder-el-7  el_after_av_hr  el_before_av_hr  '><div class='av-share-box'><h5 class='av-share-link-description av-no-toc '>Compartir esta noticia<\/h5><ul class='av-share-box-list noLightbox'><li class='av-share-link av-social-link-facebook' ><a target=\"_blank\" aria-label=\"Compartir en Facebook\" href='https:\/\/www.facebook.com\/sharer.php?u=https:\/\/radiorevelacionfm.cl\/?p=26049&#038;t=Ministros%20de%20Transportes%20y%20Obras%20P%C3%BAblicas%20inspeccionan%20funcionamiento%20de%20barcaza%20La%20Tehuelche' aria-hidden='false' data-av_icon='\ue8f3' data-av_iconfont='entypo-fontello' title='' data-avia-related-tooltip='Compartir en Facebook' rel=\"noopener\"><span class='avia_hidden_link_text'>Compartir en Facebook<\/span><\/a><\/li><li class='av-share-link av-social-link-twitter' ><a target=\"_blank\" aria-label=\"Compartir en Twitter\" href='https:\/\/twitter.com\/share?text=Ministros%20de%20Transportes%20y%20Obras%20P%C3%BAblicas%20inspeccionan%20funcionamiento%20de%20barcaza%20La%20Tehuelche&#038;url=https:\/\/radiorevelacionfm.cl\/?p=26049' aria-hidden='false' data-av_icon='\ue8f1' data-av_iconfont='entypo-fontello' title='' data-avia-related-tooltip='Compartir en Twitter' rel=\"noopener\"><span class='avia_hidden_link_text'>Compartir en Twitter<\/span><\/a><\/li><li class='av-share-link av-social-link-whatsapp' ><a target=\"_blank\" aria-label=\"Compartir en Whatsapp\" href='https:\/\/api.whatsapp.com\/send?text=https:\/\/radiorevelacionfm.cl\/?p=26049' aria-hidden='false' data-av_icon='\uf232' data-av_iconfont='entypo-fontello' title='' data-avia-related-tooltip='Compartir en Whatsapp' rel=\"noopener\"><span class='avia_hidden_link_text'>Compartir en Whatsapp<\/span><\/a><\/li><li class='av-share-link av-social-link-linkedin' ><a target=\"_blank\" aria-label=\"Compartir en LinkedIn\" href='https:\/\/linkedin.com\/shareArticle?mini=true&#038;title=Ministros%20de%20Transportes%20y%20Obras%20P%C3%BAblicas%20inspeccionan%20funcionamiento%20de%20barcaza%20La%20Tehuelche&#038;url=https:\/\/radiorevelacionfm.cl\/?p=26049' aria-hidden='false' data-av_icon='\ue8fc' data-av_iconfont='entypo-fontello' title='' data-avia-related-tooltip='Compartir en LinkedIn' rel=\"noopener\"><span class='avia_hidden_link_text'>Compartir en LinkedIn<\/span><\/a><\/li><li class='av-share-link av-social-link-mail' ><a  aria-label=\"Compartir por correo\" href='mailto:?subject=Ministros%20de%20Transportes%20y%20Obras%20P%C3%BAblicas%20inspeccionan%20funcionamiento%20de%20barcaza%20La%20Tehuelche&#038;body=https:\/\/radiorevelacionfm.cl\/?p=26049' aria-hidden='false' data-av_icon='\ue805' data-av_iconfont='entypo-fontello' title='' data-avia-related-tooltip='Compartir por correo'><span class='avia_hidden_link_text'>Compartir por correo<\/span><\/a><\/li><\/ul><\/div><\/div>\n<div  style='height:50px' class='hr hr-invisible   avia-builder-el-8  el_after_av_social_share  el_before_av_comments_list '><span class='hr-inner ' ><span class='hr-inner-style'><\/span><\/span><\/div>\n<div  class='av-buildercomment  av-blog-meta-html-info-disabled av-blog-meta-tag-disabled  '><\/div>\n","protected":false},"excerpt":{"rendered":"","protected":false},"author":1,"featured_media":26050,"comment_status":"open","ping_status":"open","sticky":false,"template":"","format":"standard","meta":{"footnotes":""},"categories":[59],"tags":[],"class_list":["post-26049","post","type-post","status-publish","format-standard","has-post-thumbnail","hentry","category-transporte"],"jetpack_featured_media_url":"https:\/\/radiorevelacionfm.cl\/wp-content\/uploads\/2022\/12\/IMG_0754-1-1-1.jpg","_links":{"self":[{"href":"https:\/\/radiorevelacionfm.cl\/index.php?rest_route=\/wp\/v2\/posts\/26049","targetHints":{"allow":["GET"]}}],"collection":[{"href":"https:\/\/radiorevelacionfm.cl\/index.php?rest_route=\/wp\/v2\/posts"}],"about":[{"href":"https:\/\/radiorevelacionfm.cl\/index.php?rest_route=\/wp\/v2\/types\/post"}],"author":[{"embeddable":true,"href":"https:\/\/radiorevelacionfm.cl\/index.php?rest_route=\/wp\/v2\/users\/1"}],"replies":[{"embeddable":true,"href":"https:\/\/radiorevelacionfm.cl\/index.php?rest_route=%2Fwp%2Fv2%2Fcomments&post=26049"}],"version-history":[{"count":2,"href":"https:\/\/radiorevelacionfm.cl\/index.php?rest_route=\/wp\/v2\/posts\/26049\/revisions"}],"predecessor-version":[{"id":26052,"href":"https:\/\/radiorevelacionfm.cl\/index.php?rest_route=\/wp\/v2\/posts\/26049\/revisions\/26052"}],"wp:featuredmedia":[{"embeddable":true,"href":"https:\/\/radiorevelacionfm.cl\/index.php?rest_route=\/wp\/v2\/media\/26050"}],"wp:attachment":[{"href":"https:\/\/radiorevelacionfm.cl\/index.php?rest_route=%2Fwp%2Fv2%2Fmedia&parent=26049"}],"wp:term":[{"taxonomy":"category","embeddable":true,"href":"https:\/\/radiorevelacionfm.cl\/index.php?rest_route=%2Fwp%2Fv2%2Fcategories&post=26049"},{"taxonomy":"post_tag","embeddable":true,"href":"https:\/\/radiorevelacionfm.cl\/index.php?rest_route=%2Fwp%2Fv2%2Ftags&post=26049"}],"curies":[{"name":"wp","href":"https:\/\/api.w.org\/{rel}","templated":true}]}}