{"id":26038,"date":"2022-12-31T10:57:46","date_gmt":"2022-12-31T13:57:46","guid":{"rendered":"https:\/\/radiorevelacionfm.cl\/?p=26038"},"modified":"2022-12-31T10:57:46","modified_gmt":"2022-12-31T13:57:46","slug":"malotun-ortiga-hace-positivo-balance-de-su-gestion-2022","status":"publish","type":"post","link":"https:\/\/radiorevelacionfm.cl\/?p=26038","title":{"rendered":"Malotun Ortiga hace positivo balance de su gesti\u00f3n 2022"},"content":{"rendered":"<div class=\"flex_column av_one_full  flex_column_div av-zero-column-padding first  avia-builder-el-0  el_before_av_one_full  avia-builder-el-first  \" style='border-radius:0px; '><div  class='avia-image-container  av-styling-    avia-builder-el-1  avia-builder-el-no-sibling  avia-align-center '  itemprop=\"image\" itemscope=\"itemscope\" itemtype=\"https:\/\/schema.org\/ImageObject\"  ><div class='avia-image-container-inner'><div class='avia-image-overlay-wrap'><img decoding=\"async\" class='wp-image-26039 avia-img-lazy-loading-not-26039 avia_image' src=\"https:\/\/radiorevelacionfm.cl\/wp-content\/uploads\/2022\/12\/malotun-cierre-2022-1_optimized-1.jpeg\" alt='' title='malotun-cierre-2022-(1)_optimized (1)' height=\"600\" width=\"899\"  itemprop=\"thumbnailUrl\" srcset=\"https:\/\/radiorevelacionfm.cl\/wp-content\/uploads\/2022\/12\/malotun-cierre-2022-1_optimized-1.jpeg 899w, https:\/\/radiorevelacionfm.cl\/wp-content\/uploads\/2022\/12\/malotun-cierre-2022-1_optimized-1-300x200.jpeg 300w, https:\/\/radiorevelacionfm.cl\/wp-content\/uploads\/2022\/12\/malotun-cierre-2022-1_optimized-1-768x513.jpeg 768w, https:\/\/radiorevelacionfm.cl\/wp-content\/uploads\/2022\/12\/malotun-cierre-2022-1_optimized-1-705x471.jpeg 705w, https:\/\/radiorevelacionfm.cl\/wp-content\/uploads\/2022\/12\/malotun-cierre-2022-1_optimized-1-600x400.jpeg 600w\" sizes=\"(max-width: 899px) 100vw, 899px\" \/><\/div><\/div><\/div><\/div><div class=\"flex_column av_one_full  flex_column_div av-zero-column-padding first  avia-builder-el-2  el_after_av_one_full  el_before_av_one_full  column-top-margin\" style='border-radius:0px; '><section class=\"av_textblock_section \"  itemscope=\"itemscope\" itemtype=\"https:\/\/schema.org\/BlogPosting\" itemprop=\"blogPost\" ><div class='avia_textblock  '   itemprop=\"text\" ><p style=\"text-align: center;\"><strong><span style=\"font-size: 18pt;\">Malotun Ortiga hace positivo balance de su gesti\u00f3n 2022<\/span><\/strong><\/p>\n<div id=\"gtx-trans\" style=\"position: absolute; left: -50px; top: 4.31534px;\">\n<div class=\"gtx-trans-icon\"><\/div>\n<\/div>\n<\/div><\/section><\/div><div class=\"flex_column av_one_full  flex_column_div av-zero-column-padding first  avia-builder-el-4  el_after_av_one_full  el_before_av_hr  column-top-margin\" style='border-radius:0px; '><section class=\"av_textblock_section \"  itemscope=\"itemscope\" itemtype=\"https:\/\/schema.org\/BlogPosting\" itemprop=\"blogPost\" ><div class='avia_textblock  '   itemprop=\"text\" ><p style=\"text-align: justify;\">En el marco de la iniciativa llamada \u201cLa del Estribo\u201d, la organizaci\u00f3n cultural comunitaria Malotun Ortiga, rinde su cuenta p\u00fablica del presente a\u00f1o.<\/p>\n<p style=\"text-align: justify;\">Para cerrar las iniciativas art\u00edsticas anuales, Malotun Ortiga hizo una invitaci\u00f3n abierta y gratuita para participar en \u201cLa del Estribo\u201d, presentaciones musicales en peque\u00f1o formato que en esta oportunidad contaron con la participaci\u00f3n de Celeste Anacletxx y, abriendo la instancia, Arturo Gonz\u00e1lez. Ambos artistas presentaron parte de su repertorios, cargados de emotividad y significativas intervenciones entre sus canciones, donde compartieron con el p\u00fablico sus principales motivaciones a la hora de crear, destacando la valoraci\u00f3n y concientizaci\u00f3n por el respeto hacia el territorio en que habitamos, hacia las disidencias y hacia cada uno de nosotros como individuos sensibles a lo que nos rodea.<\/p>\n<p style=\"text-align: justify;\">En la ocasi\u00f3n tambi\u00e9n se firm\u00f3 un convenio con Diversa Patagonia, el que intenciona un compromiso mutuo de trabajo colaborativo para vincular ambas organizaciones en futuras iniciativas a desarrollar en conjunto, orientadas a fomentar y desarrollar acciones que permitan a Malotun incluir y profundizar en su programaci\u00f3n en tem\u00e1ticas que Diversa contempla dentro de sus objetivos, adem\u00e1s de ampliar la llegada a nuevos p\u00fablicos mediante el compartir experiencias entre s\u00ed.<\/p>\n<p style=\"text-align: justify;\">La directora de Malotun, Ver\u00f3nica Ibieta, destac\u00f3 la importancia y el desaf\u00edo permanente de fortalecer el trabajo existente y de generar nuevas redes que permitan expandirlo, pues la Regi\u00f3n de Ays\u00e9n es amplia en territorio y con condiciones que muchas veces dificultan el acceso de las comunidades a actividades art\u00edsticas, las que, como agrupaci\u00f3n, consideramos fundamentales para acercarnos a un bienestar integral, que es nuestro desaf\u00edo desde que fundamos Malotun y el que seguiremos intencionando en el futuro.<\/p>\n<p style=\"text-align: justify;\">En la ocasi\u00f3n se hizo reconocimiento a las fuentes de financiamiento que apoyan la realizaci\u00f3n de las actividades, destacando el programa PAOCC y Fondo AAEE, del Ministerio de las Culturas, las Artes y el Patrimonio; el FNDR, del Gobierno Regional de Ays\u00e9n y su Consejo; y el FICCOY, de la Ilustre Municipalidad de Coyhaique. A eso se suma una enorme cantidad de peque\u00f1as y medianas empresas que aportan a\u00f1o a a\u00f1o a concretar los objetivos que la agrupaci\u00f3n de auto impone; formando un c\u00edrculo virtuoso, donde todos y todas son bienvenidas a colaborar, en la medida en que les haga sentido y les sea posible.<\/p>\n<\/div><\/section><\/div><div  style='height:50px' class='hr hr-invisible   avia-builder-el-6  el_after_av_one_full  el_before_av_social_share '><span class='hr-inner ' ><span class='hr-inner-style'><\/span><\/span><\/div><\/p>\n<div  class='av-social-sharing-box  avia-builder-el-7  el_after_av_hr  el_before_av_hr  '><div class='av-share-box'><h5 class='av-share-link-description av-no-toc '>Compartir esta noticia<\/h5><ul class='av-share-box-list noLightbox'><li class='av-share-link av-social-link-facebook' ><a target=\"_blank\" aria-label=\"Compartir en Facebook\" href='https:\/\/www.facebook.com\/sharer.php?u=https:\/\/radiorevelacionfm.cl\/?p=26038&#038;t=Malotun%20Ortiga%20hace%20positivo%20balance%20de%20su%20gesti%C3%B3n%202022' aria-hidden='false' data-av_icon='\ue8f3' data-av_iconfont='entypo-fontello' title='' data-avia-related-tooltip='Compartir en Facebook' rel=\"noopener\"><span class='avia_hidden_link_text'>Compartir en Facebook<\/span><\/a><\/li><li class='av-share-link av-social-link-twitter' ><a target=\"_blank\" aria-label=\"Compartir en Twitter\" href='https:\/\/twitter.com\/share?text=Malotun%20Ortiga%20hace%20positivo%20balance%20de%20su%20gesti%C3%B3n%202022&#038;url=https:\/\/radiorevelacionfm.cl\/?p=26038' aria-hidden='false' data-av_icon='\ue8f1' data-av_iconfont='entypo-fontello' title='' data-avia-related-tooltip='Compartir en Twitter' rel=\"noopener\"><span class='avia_hidden_link_text'>Compartir en Twitter<\/span><\/a><\/li><li class='av-share-link av-social-link-whatsapp' ><a target=\"_blank\" aria-label=\"Compartir en Whatsapp\" href='https:\/\/api.whatsapp.com\/send?text=https:\/\/radiorevelacionfm.cl\/?p=26038' aria-hidden='false' data-av_icon='\uf232' data-av_iconfont='entypo-fontello' title='' data-avia-related-tooltip='Compartir en Whatsapp' rel=\"noopener\"><span class='avia_hidden_link_text'>Compartir en Whatsapp<\/span><\/a><\/li><li class='av-share-link av-social-link-linkedin' ><a target=\"_blank\" aria-label=\"Compartir en LinkedIn\" href='https:\/\/linkedin.com\/shareArticle?mini=true&#038;title=Malotun%20Ortiga%20hace%20positivo%20balance%20de%20su%20gesti%C3%B3n%202022&#038;url=https:\/\/radiorevelacionfm.cl\/?p=26038' aria-hidden='false' data-av_icon='\ue8fc' data-av_iconfont='entypo-fontello' title='' data-avia-related-tooltip='Compartir en LinkedIn' rel=\"noopener\"><span class='avia_hidden_link_text'>Compartir en LinkedIn<\/span><\/a><\/li><li class='av-share-link av-social-link-mail' ><a  aria-label=\"Compartir por correo\" href='mailto:?subject=Malotun%20Ortiga%20hace%20positivo%20balance%20de%20su%20gesti%C3%B3n%202022&#038;body=https:\/\/radiorevelacionfm.cl\/?p=26038' aria-hidden='false' data-av_icon='\ue805' data-av_iconfont='entypo-fontello' title='' data-avia-related-tooltip='Compartir por correo'><span class='avia_hidden_link_text'>Compartir por correo<\/span><\/a><\/li><\/ul><\/div><\/div>\n<div  style='height:50px' class='hr hr-invisible   avia-builder-el-8  el_after_av_social_share  el_before_av_comments_list '><span class='hr-inner ' ><span class='hr-inner-style'><\/span><\/span><\/div>\n<div  class='av-buildercomment  av-blog-meta-html-info-disabled av-blog-meta-tag-disabled  '><\/div>\n","protected":false},"excerpt":{"rendered":"","protected":false},"author":1,"featured_media":26039,"comment_status":"open","ping_status":"open","sticky":false,"template":"","format":"standard","meta":{"footnotes":""},"categories":[52],"tags":[],"class_list":["post-26038","post","type-post","status-publish","format-standard","has-post-thumbnail","hentry","category-cultura"],"jetpack_featured_media_url":"https:\/\/radiorevelacionfm.cl\/wp-content\/uploads\/2022\/12\/malotun-cierre-2022-1_optimized-1.jpeg","_links":{"self":[{"href":"https:\/\/radiorevelacionfm.cl\/index.php?rest_route=\/wp\/v2\/posts\/26038","targetHints":{"allow":["GET"]}}],"collection":[{"href":"https:\/\/radiorevelacionfm.cl\/index.php?rest_route=\/wp\/v2\/posts"}],"about":[{"href":"https:\/\/radiorevelacionfm.cl\/index.php?rest_route=\/wp\/v2\/types\/post"}],"author":[{"embeddable":true,"href":"https:\/\/radiorevelacionfm.cl\/index.php?rest_route=\/wp\/v2\/users\/1"}],"replies":[{"embeddable":true,"href":"https:\/\/radiorevelacionfm.cl\/index.php?rest_route=%2Fwp%2Fv2%2Fcomments&post=26038"}],"version-history":[{"count":2,"href":"https:\/\/radiorevelacionfm.cl\/index.php?rest_route=\/wp\/v2\/posts\/26038\/revisions"}],"predecessor-version":[{"id":26115,"href":"https:\/\/radiorevelacionfm.cl\/index.php?rest_route=\/wp\/v2\/posts\/26038\/revisions\/26115"}],"wp:featuredmedia":[{"embeddable":true,"href":"https:\/\/radiorevelacionfm.cl\/index.php?rest_route=\/wp\/v2\/media\/26039"}],"wp:attachment":[{"href":"https:\/\/radiorevelacionfm.cl\/index.php?rest_route=%2Fwp%2Fv2%2Fmedia&parent=26038"}],"wp:term":[{"taxonomy":"category","embeddable":true,"href":"https:\/\/radiorevelacionfm.cl\/index.php?rest_route=%2Fwp%2Fv2%2Fcategories&post=26038"},{"taxonomy":"post_tag","embeddable":true,"href":"https:\/\/radiorevelacionfm.cl\/index.php?rest_route=%2Fwp%2Fv2%2Ftags&post=26038"}],"curies":[{"name":"wp","href":"https:\/\/api.w.org\/{rel}","templated":true}]}}