{"id":26034,"date":"2022-12-29T15:17:26","date_gmt":"2022-12-29T18:17:26","guid":{"rendered":"https:\/\/radiorevelacionfm.cl\/?p=26034"},"modified":"2022-12-29T15:17:26","modified_gmt":"2022-12-29T18:17:26","slug":"salud-reitera-importancia-de-vacunacion-por-covid-19-con-miras-a-festividades-de-fin-de-ano","status":"publish","type":"post","link":"https:\/\/radiorevelacionfm.cl\/?p=26034","title":{"rendered":"Salud reitera importancia de vacunaci\u00f3n por COVID-19 con miras a festividades de fin de a\u00f1o"},"content":{"rendered":"<div class=\"flex_column av_one_full  flex_column_div av-zero-column-padding first  avia-builder-el-0  el_before_av_one_full  avia-builder-el-first  \" style='border-radius:0px; '><div  class='avia-image-container  av-styling-    avia-builder-el-1  avia-builder-el-no-sibling  avia-align-center '  itemprop=\"image\" itemscope=\"itemscope\" itemtype=\"https:\/\/schema.org\/ImageObject\"  ><div class='avia-image-container-inner'><div class='avia-image-overlay-wrap'><img decoding=\"async\" class='wp-image-26035 avia-img-lazy-loading-not-26035 avia_image' src=\"https:\/\/radiorevelacionfm.cl\/wp-content\/uploads\/2022\/12\/esquemas-vacunacion-1-1.jpg\" alt='' title='esquemas vacunaci\u00f3n (1) (1)' height=\"600\" width=\"901\"  itemprop=\"thumbnailUrl\" srcset=\"https:\/\/radiorevelacionfm.cl\/wp-content\/uploads\/2022\/12\/esquemas-vacunacion-1-1.jpg 901w, https:\/\/radiorevelacionfm.cl\/wp-content\/uploads\/2022\/12\/esquemas-vacunacion-1-1-300x200.jpg 300w, https:\/\/radiorevelacionfm.cl\/wp-content\/uploads\/2022\/12\/esquemas-vacunacion-1-1-768x511.jpg 768w, https:\/\/radiorevelacionfm.cl\/wp-content\/uploads\/2022\/12\/esquemas-vacunacion-1-1-705x469.jpg 705w, https:\/\/radiorevelacionfm.cl\/wp-content\/uploads\/2022\/12\/esquemas-vacunacion-1-1-600x400.jpg 600w\" sizes=\"(max-width: 901px) 100vw, 901px\" \/><\/div><\/div><\/div><\/div><div class=\"flex_column av_one_full  flex_column_div av-zero-column-padding first  avia-builder-el-2  el_after_av_one_full  el_before_av_one_full  column-top-margin\" style='border-radius:0px; '><section class=\"av_textblock_section \"  itemscope=\"itemscope\" itemtype=\"https:\/\/schema.org\/BlogPosting\" itemprop=\"blogPost\" ><div class='avia_textblock  '   itemprop=\"text\" ><p style=\"text-align: center;\"><strong><span style=\"font-size: 18pt;\">Salud reitera importancia de vacunaci\u00f3n por COVID-19 con miras a festividades de fin de a\u00f1o<\/span><\/strong><\/p>\n<div id=\"gtx-trans\" style=\"position: absolute; left: -50px; top: 4.31534px;\">\n<div class=\"gtx-trans-icon\"><\/div>\n<\/div>\n<\/div><\/section><\/div><div class=\"flex_column av_one_full  flex_column_div av-zero-column-padding first  avia-builder-el-4  el_after_av_one_full  el_before_av_hr  column-top-margin\" style='border-radius:0px; '><section class=\"av_textblock_section \"  itemscope=\"itemscope\" itemtype=\"https:\/\/schema.org\/BlogPosting\" itemprop=\"blogPost\" ><div class='avia_textblock  '   itemprop=\"text\" ><p style=\"text-align: justify;\">A nivel regional, este mi\u00e9rcoles 28 de diciembre se registran 42 casos activos, adem\u00e1s de 04 personas hospitalizadas por COVID-19, ninguno de los pacientes est\u00e1 conectado a ventilaci\u00f3n mec\u00e1nica invasiva.<\/p>\n<p style=\"text-align: justify;\">Un en\u00e9rgico llamado a la comunidad para que complete sus esquemas de vacunaci\u00f3n fue el que realiz\u00f3 la Seremi de Salud Ays\u00e9n, Carmen Monsalve, quien reiter\u00f3 que pese a que los registros han demostrado una disminuci\u00f3n de contagios en la regi\u00f3n, debemos mantener medidas de autocuidado para evitar brotes por esta enfermedad, considerando las festividades de fin de a\u00f1o.<\/p>\n<p style=\"text-align: justify;\">En este contexto, la Autoridad Sanitaria indic\u00f3 que el proceso de vacunaci\u00f3n se mantendr\u00e1 vigente durante todo el per\u00edodo estival, con enfoque en pacientes cr\u00f3nicos y adultos mayores. \u201cCuando ya estamos cerrando el a\u00f1o 2022, queremos reiterar a nuestra comunidad que desde el sector salud continuamos trabajando para que las personas puedan completar su esquema de vacunaci\u00f3n contra el COVID-19. Hoy registramos un descenso en el n\u00famero de casos a nivel regional con 42 casos activos, sin embargo, es importante considerar que estas cifras pueden cambiar producto de las festividades de fin de a\u00f1o donde se registra una mayor interacci\u00f3n entre las personas, generando escenarios que podr\u00edan implicar brotes durante las primeras semanas del 2023. Es por eso, que reiteramos la importancia de mantener los esquemas de vacunaci\u00f3n por COVID-19 al d\u00eda, lo que nos permitir\u00e1 mantener nuestras defensas inmunol\u00f3gicas activas frente a esta enfermedad\u201d.<\/p>\n<p style=\"text-align: justify;\">De esta forma, durante los meses de enero y febrero de este 2023, los puntos de vacunaci\u00f3n contra el COVID-19 ser\u00e1n los establecimientos de salud p\u00fablica como Centros de Salud Familiar (CECOFS) y postas de la red asistencial.<\/p>\n<\/div><\/section><\/div><div  style='height:50px' class='hr hr-invisible   avia-builder-el-6  el_after_av_one_full  el_before_av_social_share '><span class='hr-inner ' ><span class='hr-inner-style'><\/span><\/span><\/div><\/p>\n<div  class='av-social-sharing-box  avia-builder-el-7  el_after_av_hr  el_before_av_hr  '><div class='av-share-box'><h5 class='av-share-link-description av-no-toc '>Compartir esta noticia<\/h5><ul class='av-share-box-list noLightbox'><li class='av-share-link av-social-link-facebook' ><a target=\"_blank\" aria-label=\"Compartir en Facebook\" href='https:\/\/www.facebook.com\/sharer.php?u=https:\/\/radiorevelacionfm.cl\/?p=26034&#038;t=Salud%20reitera%20importancia%20de%20vacunaci%C3%B3n%20por%20COVID-19%20con%20miras%20a%20festividades%20de%20fin%20de%20a%C3%B1o' aria-hidden='false' data-av_icon='\ue8f3' data-av_iconfont='entypo-fontello' title='' data-avia-related-tooltip='Compartir en Facebook' rel=\"noopener\"><span class='avia_hidden_link_text'>Compartir en Facebook<\/span><\/a><\/li><li class='av-share-link av-social-link-twitter' ><a target=\"_blank\" aria-label=\"Compartir en Twitter\" href='https:\/\/twitter.com\/share?text=Salud%20reitera%20importancia%20de%20vacunaci%C3%B3n%20por%20COVID-19%20con%20miras%20a%20festividades%20de%20fin%20de%20a%C3%B1o&#038;url=https:\/\/radiorevelacionfm.cl\/?p=26034' aria-hidden='false' data-av_icon='\ue8f1' data-av_iconfont='entypo-fontello' title='' data-avia-related-tooltip='Compartir en Twitter' rel=\"noopener\"><span class='avia_hidden_link_text'>Compartir en Twitter<\/span><\/a><\/li><li class='av-share-link av-social-link-whatsapp' ><a target=\"_blank\" aria-label=\"Compartir en Whatsapp\" href='https:\/\/api.whatsapp.com\/send?text=https:\/\/radiorevelacionfm.cl\/?p=26034' aria-hidden='false' data-av_icon='\uf232' data-av_iconfont='entypo-fontello' title='' data-avia-related-tooltip='Compartir en Whatsapp' rel=\"noopener\"><span class='avia_hidden_link_text'>Compartir en Whatsapp<\/span><\/a><\/li><li class='av-share-link av-social-link-linkedin' ><a target=\"_blank\" aria-label=\"Compartir en LinkedIn\" href='https:\/\/linkedin.com\/shareArticle?mini=true&#038;title=Salud%20reitera%20importancia%20de%20vacunaci%C3%B3n%20por%20COVID-19%20con%20miras%20a%20festividades%20de%20fin%20de%20a%C3%B1o&#038;url=https:\/\/radiorevelacionfm.cl\/?p=26034' aria-hidden='false' data-av_icon='\ue8fc' data-av_iconfont='entypo-fontello' title='' data-avia-related-tooltip='Compartir en LinkedIn' rel=\"noopener\"><span class='avia_hidden_link_text'>Compartir en LinkedIn<\/span><\/a><\/li><li class='av-share-link av-social-link-mail' ><a  aria-label=\"Compartir por correo\" href='mailto:?subject=Salud%20reitera%20importancia%20de%20vacunaci%C3%B3n%20por%20COVID-19%20con%20miras%20a%20festividades%20de%20fin%20de%20a%C3%B1o&#038;body=https:\/\/radiorevelacionfm.cl\/?p=26034' aria-hidden='false' data-av_icon='\ue805' data-av_iconfont='entypo-fontello' title='' data-avia-related-tooltip='Compartir por correo'><span class='avia_hidden_link_text'>Compartir por correo<\/span><\/a><\/li><\/ul><\/div><\/div>\n<div  style='height:50px' class='hr hr-invisible   avia-builder-el-8  el_after_av_social_share  el_before_av_comments_list '><span class='hr-inner ' ><span class='hr-inner-style'><\/span><\/span><\/div>\n<div  class='av-buildercomment  av-blog-meta-html-info-disabled av-blog-meta-tag-disabled  '><\/div>\n","protected":false},"excerpt":{"rendered":"","protected":false},"author":1,"featured_media":26035,"comment_status":"open","ping_status":"open","sticky":false,"template":"","format":"standard","meta":{"footnotes":""},"categories":[46],"tags":[],"class_list":["post-26034","post","type-post","status-publish","format-standard","has-post-thumbnail","hentry","category-salud"],"jetpack_featured_media_url":"https:\/\/radiorevelacionfm.cl\/wp-content\/uploads\/2022\/12\/esquemas-vacunacion-1-1.jpg","_links":{"self":[{"href":"https:\/\/radiorevelacionfm.cl\/index.php?rest_route=\/wp\/v2\/posts\/26034","targetHints":{"allow":["GET"]}}],"collection":[{"href":"https:\/\/radiorevelacionfm.cl\/index.php?rest_route=\/wp\/v2\/posts"}],"about":[{"href":"https:\/\/radiorevelacionfm.cl\/index.php?rest_route=\/wp\/v2\/types\/post"}],"author":[{"embeddable":true,"href":"https:\/\/radiorevelacionfm.cl\/index.php?rest_route=\/wp\/v2\/users\/1"}],"replies":[{"embeddable":true,"href":"https:\/\/radiorevelacionfm.cl\/index.php?rest_route=%2Fwp%2Fv2%2Fcomments&post=26034"}],"version-history":[{"count":2,"href":"https:\/\/radiorevelacionfm.cl\/index.php?rest_route=\/wp\/v2\/posts\/26034\/revisions"}],"predecessor-version":[{"id":26037,"href":"https:\/\/radiorevelacionfm.cl\/index.php?rest_route=\/wp\/v2\/posts\/26034\/revisions\/26037"}],"wp:featuredmedia":[{"embeddable":true,"href":"https:\/\/radiorevelacionfm.cl\/index.php?rest_route=\/wp\/v2\/media\/26035"}],"wp:attachment":[{"href":"https:\/\/radiorevelacionfm.cl\/index.php?rest_route=%2Fwp%2Fv2%2Fmedia&parent=26034"}],"wp:term":[{"taxonomy":"category","embeddable":true,"href":"https:\/\/radiorevelacionfm.cl\/index.php?rest_route=%2Fwp%2Fv2%2Fcategories&post=26034"},{"taxonomy":"post_tag","embeddable":true,"href":"https:\/\/radiorevelacionfm.cl\/index.php?rest_route=%2Fwp%2Fv2%2Ftags&post=26034"}],"curies":[{"name":"wp","href":"https:\/\/api.w.org\/{rel}","templated":true}]}}