{"id":26031,"date":"2022-12-29T17:03:36","date_gmt":"2022-12-29T20:03:36","guid":{"rendered":"https:\/\/radiorevelacionfm.cl\/?p=26031"},"modified":"2022-12-29T17:03:36","modified_gmt":"2022-12-29T20:03:36","slug":"lanzan-verano-es-cultura-con-casi-500-actividades-en-todo-chile","status":"publish","type":"post","link":"https:\/\/radiorevelacionfm.cl\/?p=26031","title":{"rendered":"Lanzan Verano es Cultura con casi 500 actividades en todo Chile"},"content":{"rendered":"<div class=\"flex_column av_one_full  flex_column_div av-zero-column-padding first  avia-builder-el-0  el_before_av_one_full  avia-builder-el-first  \" style='border-radius:0px; '><div  class='avia-image-container  av-styling-    avia-builder-el-1  avia-builder-el-no-sibling  avia-align-center '  itemprop=\"image\" itemscope=\"itemscope\" itemtype=\"https:\/\/schema.org\/ImageObject\"  ><div class='avia-image-container-inner'><div class='avia-image-overlay-wrap'><img decoding=\"async\" class='wp-image-26032 avia-img-lazy-loading-not-26032 avia_image' src=\"https:\/\/radiorevelacionfm.cl\/wp-content\/uploads\/2022\/12\/autoridades-de-gobierno-lanzan-verano-es-cultura-2-1_optimized.jpg\" alt='' title='autoridades-de-gobierno-lanzan-verano-es-cultura-(2)-(1)_optimized' height=\"600\" width=\"900\"  itemprop=\"thumbnailUrl\" srcset=\"https:\/\/radiorevelacionfm.cl\/wp-content\/uploads\/2022\/12\/autoridades-de-gobierno-lanzan-verano-es-cultura-2-1_optimized.jpg 900w, https:\/\/radiorevelacionfm.cl\/wp-content\/uploads\/2022\/12\/autoridades-de-gobierno-lanzan-verano-es-cultura-2-1_optimized-300x200.jpg 300w, https:\/\/radiorevelacionfm.cl\/wp-content\/uploads\/2022\/12\/autoridades-de-gobierno-lanzan-verano-es-cultura-2-1_optimized-768x512.jpg 768w, https:\/\/radiorevelacionfm.cl\/wp-content\/uploads\/2022\/12\/autoridades-de-gobierno-lanzan-verano-es-cultura-2-1_optimized-705x470.jpg 705w, https:\/\/radiorevelacionfm.cl\/wp-content\/uploads\/2022\/12\/autoridades-de-gobierno-lanzan-verano-es-cultura-2-1_optimized-600x400.jpg 600w\" sizes=\"(max-width: 900px) 100vw, 900px\" \/><\/div><\/div><\/div><\/div><div class=\"flex_column av_one_full  flex_column_div av-zero-column-padding first  avia-builder-el-2  el_after_av_one_full  el_before_av_one_full  column-top-margin\" style='border-radius:0px; '><section class=\"av_textblock_section \"  itemscope=\"itemscope\" itemtype=\"https:\/\/schema.org\/BlogPosting\" itemprop=\"blogPost\" ><div class='avia_textblock  '   itemprop=\"text\" ><p style=\"text-align: center;\"><strong><span style=\"font-size: 18pt;\">Lanzan Verano es Cultura con casi 500 actividades en todo Chile<\/span><\/strong><\/p>\n<div id=\"gtx-trans\" style=\"position: absolute; left: -50px; top: 4.31534px;\">\n<div class=\"gtx-trans-icon\"><\/div>\n<\/div>\n<\/div><\/section><\/div><div class=\"flex_column av_one_full  flex_column_div av-zero-column-padding first  avia-builder-el-4  el_after_av_one_full  el_before_av_hr  column-top-margin\" style='border-radius:0px; '><section class=\"av_textblock_section \"  itemscope=\"itemscope\" itemtype=\"https:\/\/schema.org\/BlogPosting\" itemprop=\"blogPost\" ><div class='avia_textblock  '   itemprop=\"text\" ><p style=\"text-align: justify;\">Para muchas personas se acercan las esperadas vacaciones de verano y con ello las ganas de disfrutar del tiempo libre. Festivales de cine, obras de teatro, ferias, visitas a museos y edificios patrimoniales; conciertos, exposiciones, circo y danza son parte de la robusta oferta cultural disponible en el pa\u00eds durante enero y febrero, y todas ellas -que en total suman casi 500- dan vida a Verano es Cultura, iniciativa presentada este mi\u00e9rcoles por el Presidente de la Rep\u00fablica Gabriel Boric y la ministra de las Culturas, las Artes y el Patrimonio, Julieta Brodsky Hern\u00e1ndez, desde el Parque Quinta Normal.<\/p>\n<p style=\"text-align: justify;\">\u201cLa cultura es lo que le da sentido a nuestra identidad como pa\u00eds. Es la voz de Violeta (Parra), el arte de Banda Conmoci\u00f3n, es el modo en c\u00f3mo se cocina un curanto, es la cueca brava que se baila a\u00fan en las ferias, son los bailes chinos y tantas expresiones que est\u00e1n permanentemente sucediendo. Lo que estamos haciendo con este Verano es Cultura es acercar y dar un espacio para que todas las personas puedan acceder\u201d, dijo el presidente Gabriel Boric.<\/p>\n<p style=\"text-align: justify;\">El mandatario destac\u00f3 adem\u00e1s la necesidad de \u201creconocer a los trabajadores de la cultura como tal y que esa frase \u2018lo hago por amor al arte\u2019 deje de romantizarse. Esto es trabajo, creaci\u00f3n de valor. Como sociedad nos medimos mucho por c\u00f3mo reconocemos a la cultura y las artes. La cultura es el esp\u00edritu de un pueblo y c\u00f3mo tratamos a sus representantes es tremendamente importante. Por eso, desde el Ministerio de las Culturas se est\u00e1 avanzando en la elaboraci\u00f3n de un estatuto para el trabajador cultural y estamos trabajando tambi\u00e9n para llegar a un 1% del presupuesto\u201d.<\/p>\n<p style=\"text-align: justify;\">La ministra Julieta Brodsky agreg\u00f3 que \u201ccomo Gobierno estamos convencidos de que la cultura es una herramienta esencial para el bienestar, para mejorar la calidad de vida de las personas, la recuperaci\u00f3n de los espacios p\u00fablicos, la seguridad de nuestros barrios, la cohesi\u00f3n social de comunidades y territorios. Verano es Cultura es una invitaci\u00f3n a todos y a todas a participar y disfrutar de esta gran cartelera de actividades, en todo Chile, a la que pueden acceder en\u00a0<a href=\"http:\/\/chilecultura.gob.clz\/\" target=\"_blank\" rel=\"noopener\" data-saferedirecturl=\"https:\/\/www.google.com\/url?q=http:\/\/chilecultura.gob.clz&amp;source=gmail&amp;ust=1672421408836000&amp;usg=AOvVaw1rwvLI4I7OOIVZRgLvcMef\">http:\/\/chilecultura.gob.clz<\/a>\u201d.<\/p>\n<p style=\"text-align: justify;\">Adem\u00e1s, la secretaria de Estado anunci\u00f3 que \u201ctendremos un programa especial para las ni\u00f1as y ni\u00f1os de los cerros de Vi\u00f1a del Mar afectados por el incendio, que se extender\u00e1 durante todo enero y febrero, porque sabemos que este tipo de cosas no se resuelven de un d\u00eda para otro o mientras el resto del pa\u00eds tiene los ojos puestos en la noticia\u201d.<\/p>\n<p style=\"text-align: justify;\">Tambi\u00e9n estuvieron presentes en la actividad las y los ministros: Secretaria General de Gobierno, Camila Vallejo; Defensa, Maya Fern\u00e1ndez; Educaci\u00f3n, Marco Antonio \u00c1vila; Agricultura, Esteban Valenzuela; y Deportes, Alexandra Benado; adem\u00e1s de la coordinadora Sociocultural de La Moneda, Irina Karamanos; las subsecretarias de las Culturas y las Artes, Andrea Guti\u00e9rrez V\u00e1squez, y del Patrimonio Cultural, Carolina P\u00e9rez Dattari; y la delegada presidencial RM, Constanza Mart\u00ednez. La amena jornada cont\u00f3 con las presentaciones de la comediante Paloma Salas, los actores de teatro musical Amaya Forch y Felipe R\u00edos, y todo el ritmo de la Banda Conmoci\u00f3n.<\/p>\n<p style=\"text-align: justify;\"><b>PROGRAMACI\u00d3N<\/b><\/p>\n<p style=\"text-align: justify;\">Chile Cultura (<a href=\"http:\/\/chilecultura.gob.cl\/\" target=\"_blank\" rel=\"noopener\" data-saferedirecturl=\"https:\/\/www.google.com\/url?q=http:\/\/chilecultura.gob.cl&amp;source=gmail&amp;ust=1672421408836000&amp;usg=AOvVaw2q1piaFMfilMR6KHP4hp1M\">http:\/\/chilecultura.gob.cl<\/a>, ex Elige Cultura), es una plataforma web que cuenta con la mayor oferta de eventos culturales y patrimoniales de todo el territorio con georreferenciaci\u00f3n, diferenciaci\u00f3n por grupos etarios y disciplinas art\u00edsticas. Esta gran cartelera incluir\u00e1 diversos panoramas como Museos en Verano, iniciativa impulsada por el Ministerio de las Culturas para promover las visitas a los museos y espacios culturales y patrimoniales a lo largo del pa\u00eds durante el per\u00edodo estival; el 4to Festival de Cine Nacional de \u00d1uble, que se realizar\u00e1 entre el 11 y 15 de enero; y el 15\u00b0 Festival de Cine Chileno FECICH, que se desarrollar\u00e1 entre el 20 y 28 de enero en el Teatro Municipal Juan Bustos Ram\u00edrez de Quilpu\u00e9, entre otros.<\/p>\n<p style=\"text-align: justify;\">Las muestras tradicionales tambi\u00e9n estar\u00e1n presentes en Verano es Cultura, con varias ferias gastron\u00f3micas y de artesan\u00eda, como el XXXIX Encuentro folcl\u00f3rico de las Islas del Archipi\u00e9lago de Chilo\u00e9, del 3 al 5 de febrero; el Encuentro Internacional del Folclore Junto al Lago 2023, del 17 al 20 enero en Llanquihue; y la Feria Costumbrista de Caleta Queule, del 13 al 15 de enero.<\/p>\n<p style=\"text-align: justify;\">Toda la programaci\u00f3n del pa\u00eds est\u00e1 disponible en Chile Cultura (<a href=\"http:\/\/chilecultura.gob.cl\/\" target=\"_blank\" rel=\"noopener\" data-saferedirecturl=\"https:\/\/www.google.com\/url?q=http:\/\/chilecultura.gob.cl&amp;source=gmail&amp;ust=1672421408836000&amp;usg=AOvVaw2q1piaFMfilMR6KHP4hp1M\">http:\/\/chilecultura.gob.cl<\/a>).<\/p>\n<\/div><\/section><\/div><div  style='height:50px' class='hr hr-invisible   avia-builder-el-6  el_after_av_one_full  el_before_av_social_share '><span class='hr-inner ' ><span class='hr-inner-style'><\/span><\/span><\/div><\/p>\n<div  class='av-social-sharing-box  avia-builder-el-7  el_after_av_hr  el_before_av_hr  '><div class='av-share-box'><h5 class='av-share-link-description av-no-toc '>Compartir esta noticia<\/h5><ul class='av-share-box-list noLightbox'><li class='av-share-link av-social-link-facebook' ><a target=\"_blank\" aria-label=\"Compartir en Facebook\" href='https:\/\/www.facebook.com\/sharer.php?u=https:\/\/radiorevelacionfm.cl\/?p=26031&#038;t=Lanzan%20Verano%20es%20Cultura%20con%20casi%20500%20actividades%20en%20todo%20Chile' aria-hidden='false' data-av_icon='\ue8f3' data-av_iconfont='entypo-fontello' title='' data-avia-related-tooltip='Compartir en Facebook' rel=\"noopener\"><span class='avia_hidden_link_text'>Compartir en Facebook<\/span><\/a><\/li><li class='av-share-link av-social-link-twitter' ><a target=\"_blank\" aria-label=\"Compartir en Twitter\" href='https:\/\/twitter.com\/share?text=Lanzan%20Verano%20es%20Cultura%20con%20casi%20500%20actividades%20en%20todo%20Chile&#038;url=https:\/\/radiorevelacionfm.cl\/?p=26031' aria-hidden='false' data-av_icon='\ue8f1' data-av_iconfont='entypo-fontello' title='' data-avia-related-tooltip='Compartir en Twitter' rel=\"noopener\"><span class='avia_hidden_link_text'>Compartir en Twitter<\/span><\/a><\/li><li class='av-share-link av-social-link-whatsapp' ><a target=\"_blank\" aria-label=\"Compartir en Whatsapp\" href='https:\/\/api.whatsapp.com\/send?text=https:\/\/radiorevelacionfm.cl\/?p=26031' aria-hidden='false' data-av_icon='\uf232' data-av_iconfont='entypo-fontello' title='' data-avia-related-tooltip='Compartir en Whatsapp' rel=\"noopener\"><span class='avia_hidden_link_text'>Compartir en Whatsapp<\/span><\/a><\/li><li class='av-share-link av-social-link-linkedin' ><a target=\"_blank\" aria-label=\"Compartir en LinkedIn\" href='https:\/\/linkedin.com\/shareArticle?mini=true&#038;title=Lanzan%20Verano%20es%20Cultura%20con%20casi%20500%20actividades%20en%20todo%20Chile&#038;url=https:\/\/radiorevelacionfm.cl\/?p=26031' aria-hidden='false' data-av_icon='\ue8fc' data-av_iconfont='entypo-fontello' title='' data-avia-related-tooltip='Compartir en LinkedIn' rel=\"noopener\"><span class='avia_hidden_link_text'>Compartir en LinkedIn<\/span><\/a><\/li><li class='av-share-link av-social-link-mail' ><a  aria-label=\"Compartir por correo\" href='mailto:?subject=Lanzan%20Verano%20es%20Cultura%20con%20casi%20500%20actividades%20en%20todo%20Chile&#038;body=https:\/\/radiorevelacionfm.cl\/?p=26031' aria-hidden='false' data-av_icon='\ue805' data-av_iconfont='entypo-fontello' title='' data-avia-related-tooltip='Compartir por correo'><span class='avia_hidden_link_text'>Compartir por correo<\/span><\/a><\/li><\/ul><\/div><\/div>\n<div  style='height:50px' class='hr hr-invisible   avia-builder-el-8  el_after_av_social_share  el_before_av_comments_list '><span class='hr-inner ' ><span class='hr-inner-style'><\/span><\/span><\/div>\n<div  class='av-buildercomment  av-blog-meta-html-info-disabled av-blog-meta-tag-disabled  '><\/div>\n","protected":false},"excerpt":{"rendered":"","protected":false},"author":1,"featured_media":26032,"comment_status":"open","ping_status":"open","sticky":false,"template":"","format":"standard","meta":{"footnotes":""},"categories":[52],"tags":[],"class_list":["post-26031","post","type-post","status-publish","format-standard","has-post-thumbnail","hentry","category-cultura"],"jetpack_featured_media_url":"https:\/\/radiorevelacionfm.cl\/wp-content\/uploads\/2022\/12\/autoridades-de-gobierno-lanzan-verano-es-cultura-2-1_optimized.jpg","_links":{"self":[{"href":"https:\/\/radiorevelacionfm.cl\/index.php?rest_route=\/wp\/v2\/posts\/26031","targetHints":{"allow":["GET"]}}],"collection":[{"href":"https:\/\/radiorevelacionfm.cl\/index.php?rest_route=\/wp\/v2\/posts"}],"about":[{"href":"https:\/\/radiorevelacionfm.cl\/index.php?rest_route=\/wp\/v2\/types\/post"}],"author":[{"embeddable":true,"href":"https:\/\/radiorevelacionfm.cl\/index.php?rest_route=\/wp\/v2\/users\/1"}],"replies":[{"embeddable":true,"href":"https:\/\/radiorevelacionfm.cl\/index.php?rest_route=%2Fwp%2Fv2%2Fcomments&post=26031"}],"version-history":[{"count":2,"href":"https:\/\/radiorevelacionfm.cl\/index.php?rest_route=\/wp\/v2\/posts\/26031\/revisions"}],"predecessor-version":[{"id":26041,"href":"https:\/\/radiorevelacionfm.cl\/index.php?rest_route=\/wp\/v2\/posts\/26031\/revisions\/26041"}],"wp:featuredmedia":[{"embeddable":true,"href":"https:\/\/radiorevelacionfm.cl\/index.php?rest_route=\/wp\/v2\/media\/26032"}],"wp:attachment":[{"href":"https:\/\/radiorevelacionfm.cl\/index.php?rest_route=%2Fwp%2Fv2%2Fmedia&parent=26031"}],"wp:term":[{"taxonomy":"category","embeddable":true,"href":"https:\/\/radiorevelacionfm.cl\/index.php?rest_route=%2Fwp%2Fv2%2Fcategories&post=26031"},{"taxonomy":"post_tag","embeddable":true,"href":"https:\/\/radiorevelacionfm.cl\/index.php?rest_route=%2Fwp%2Fv2%2Ftags&post=26031"}],"curies":[{"name":"wp","href":"https:\/\/api.w.org\/{rel}","templated":true}]}}