{"id":26026,"date":"2022-12-29T14:53:31","date_gmt":"2022-12-29T17:53:31","guid":{"rendered":"https:\/\/radiorevelacionfm.cl\/?p=26026"},"modified":"2022-12-29T15:01:14","modified_gmt":"2022-12-29T18:01:14","slug":"agrupacion-de-ddhh-de-coyhaique-denuncio-ataque-vandalico-al-memorial-de-derechos-humanos","status":"publish","type":"post","link":"https:\/\/radiorevelacionfm.cl\/?p=26026","title":{"rendered":"Agrupaci\u00f3n de DDHH de Coyhaique denunci\u00f3 ataque vand\u00e1lico al Memorial que recuerda a las v\u00edctimas de la dictadura en Ays\u00e9n"},"content":{"rendered":"<div class=\"flex_column av_one_full  flex_column_div av-zero-column-padding first  avia-builder-el-0  el_before_av_one_full  avia-builder-el-first  \" style='border-radius:0px; '><div  class='avia-image-container  av-styling-    avia-builder-el-1  avia-builder-el-no-sibling  avia-align-center '  itemprop=\"image\" itemscope=\"itemscope\" itemtype=\"https:\/\/schema.org\/ImageObject\"  ><div class='avia-image-container-inner'><div class='avia-image-overlay-wrap'><img decoding=\"async\" class='wp-image-26027 avia-img-lazy-loading-not-26027 avia_image' src=\"https:\/\/radiorevelacionfm.cl\/wp-content\/uploads\/2022\/12\/322541765_696539092072034_381943539322740810_n-1-1.jpg\" alt='' title='322541765_696539092072034_381943539322740810_n (1) (1)' height=\"600\" width=\"768\"  itemprop=\"thumbnailUrl\" srcset=\"https:\/\/radiorevelacionfm.cl\/wp-content\/uploads\/2022\/12\/322541765_696539092072034_381943539322740810_n-1-1.jpg 768w, https:\/\/radiorevelacionfm.cl\/wp-content\/uploads\/2022\/12\/322541765_696539092072034_381943539322740810_n-1-1-300x234.jpg 300w, https:\/\/radiorevelacionfm.cl\/wp-content\/uploads\/2022\/12\/322541765_696539092072034_381943539322740810_n-1-1-705x551.jpg 705w, https:\/\/radiorevelacionfm.cl\/wp-content\/uploads\/2022\/12\/322541765_696539092072034_381943539322740810_n-1-1-600x469.jpg 600w\" sizes=\"(max-width: 768px) 100vw, 768px\" \/><\/div><\/div><\/div><\/div>\n<div class=\"flex_column av_one_full  flex_column_div av-zero-column-padding first  avia-builder-el-2  el_after_av_one_full  el_before_av_one_full  column-top-margin\" style='border-radius:0px; '><section class=\"av_textblock_section \"  itemscope=\"itemscope\" itemtype=\"https:\/\/schema.org\/BlogPosting\" itemprop=\"blogPost\" ><div class='avia_textblock  '   itemprop=\"text\" ><p style=\"text-align: center;\"><strong><span style=\"font-size: 18pt;\">Agrupaci\u00f3n de DDHH de Coyhaique denunci\u00f3 ataque vand\u00e1lico al Memorial que recuerda a las v\u00edctimas de la dictadura en Ays\u00e9n<\/span><\/strong><\/p>\n<div id=\"gtx-trans\" style=\"position: absolute; left: -50px; top: 4.31534px;\">\n<div class=\"gtx-trans-icon\"><\/div>\n<\/div>\n<\/div><\/section><\/div><div class=\"flex_column av_one_full  flex_column_div av-zero-column-padding first  avia-builder-el-4  el_after_av_one_full  el_before_av_hr  column-top-margin\" style='border-radius:0px; '><section class=\"av_textblock_section \"  itemscope=\"itemscope\" itemtype=\"https:\/\/schema.org\/BlogPosting\" itemprop=\"blogPost\" ><div class='avia_textblock  '   itemprop=\"text\" ><p style=\"text-align: justify;\">La placa recordatoria de las v\u00edctimas de la dictadura en Ays\u00e9n fue pintada en su totalidad, por lo que el hecho ser\u00e1 investigado por la fiscal\u00eda local.<\/p>\n<p style=\"text-align: justify;\">\u201cDesde abril de 2009, a\u00f1o en que fue inaugurado, el Memorial de los Derechos Humanos en Coyhaique siempre hab\u00eda sido respetado y nunca hab\u00eda sido vandalizado\u201d, coment\u00f3 Mar\u00eda Vera Vera, presidenta de la Agrupaci\u00f3n de DDHH de Coyhaique, tras descubrirse este mi\u00e9rcoles que la placa que recuerda ubicada en Avenida Baquedano, en honor y recuerdo a las v\u00edctimas de la dictadura en Ays\u00e9n fue rayada con pintura en su totalidad.<\/p>\n<p style=\"text-align: justify;\">\u201cLamentamos con mucha tristeza y preocupaci\u00f3n este ataque, que consideramos absolutamente premeditado, pues se advierte claramente la intenci\u00f3n de borrar e invisibilizar la memoria de nuestros familiares, un acto de vandalismo que nos parece debe ser investigado por lo que como Agrupaci\u00f3n hemos puesto la denuncia respectiva en fiscal\u00eda y se mantenga el respeto a este espacio p\u00fablico que es parte de la historia de Ays\u00e9n\u201d, inform\u00f3 Mar\u00eda Vera.<\/p>\n<p style=\"text-align: justify;\">Hasta ahora, el \u00fanico espacio violentado en 2 ocasiones de una manera similar en la regi\u00f3n, hab\u00eda sido el monolito instalado en 2019 por la Agrupaci\u00f3n en el antiguo muelle de Puerto Cisnes, en memoria del profesor Jorge Vilugr\u00f3n, fusilado por fuerzas policiales al comienzo de la dictadura.<\/p>\n<p style=\"text-align: justify;\">Adem\u00e1s, en este sentido, Mar\u00eda Vera indic\u00f3 que, en las \u00faltimas semanas a trav\u00e9s del Facebook de la \u201cAgrupaci\u00f3n DDHH Coyhaique\u201d, espacio en que se difunden las distintas actividades que se realizan con motivo del D\u00eda Internacional del Detenido Desaparecido, la Conmemoraci\u00f3n del 11 de septiembre, y el D\u00eda Internacional de los DDHH, entre otras, \u201chemos venido recibido una serie de comentarios no solo cr\u00edticos o divergentes, sino que en algunos casos claramente oprobiosos y muy ofensivos, que nos indican el clima de especial de polarizaci\u00f3n, intolerancia y negacionismo con que algunos sectores siguen manifest\u00e1ndose, sin entender la relevancia fundamental de respetar los derechos de todos como personas, que convivimos en un mismo pa\u00eds, que se aproxima a conmemorar, en 2023, los 50 a\u00f1os del golpe c\u00edvico-militar de 1973\u201d.<\/p>\n<p style=\"text-align: justify;\">Finalmente, la presidenta de la Agrupaci\u00f3n de DDHH de Coyhaique, enfatiz\u00f3 que \u201clos memoriales y los sitios de memoria representan la memoria hist\u00f3rica de un pa\u00eds y una garant\u00eda de no repetici\u00f3n respecto de las graves y sistem\u00e1ticas violaciones a los derechos humanos ocurridas durante la dictadura (1973-1990)\u201d.<\/p>\n<\/div><\/section><\/div><\/p>\n<div  style='height:50px' class='hr hr-invisible   avia-builder-el-6  el_after_av_one_full  el_before_av_social_share '><span class='hr-inner ' ><span class='hr-inner-style'><\/span><\/span><\/div>\n<div  class='av-social-sharing-box  avia-builder-el-7  el_after_av_hr  el_before_av_hr  '><div class='av-share-box'><h5 class='av-share-link-description av-no-toc '>Compartir esta noticia<\/h5><ul class='av-share-box-list noLightbox'><li class='av-share-link av-social-link-facebook' ><a target=\"_blank\" aria-label=\"Compartir en Facebook\" href='https:\/\/www.facebook.com\/sharer.php?u=https:\/\/radiorevelacionfm.cl\/?p=26026&#038;t=Agrupaci%C3%B3n%20de%20DDHH%20de%20Coyhaique%20denunci%C3%B3%20ataque%20vand%C3%A1lico%20al%20Memorial%20que%20recuerda%20a%20las%20v%C3%ADctimas%20de%20la%20dictadura%20en%20Ays%C3%A9n' aria-hidden='false' data-av_icon='\ue8f3' data-av_iconfont='entypo-fontello' title='' data-avia-related-tooltip='Compartir en Facebook' rel=\"noopener\"><span class='avia_hidden_link_text'>Compartir en Facebook<\/span><\/a><\/li><li class='av-share-link av-social-link-twitter' ><a target=\"_blank\" aria-label=\"Compartir en Twitter\" href='https:\/\/twitter.com\/share?text=Agrupaci%C3%B3n%20de%20DDHH%20de%20Coyhaique%20denunci%C3%B3%20ataque%20vand%C3%A1lico%20al%20Memorial%20que%20recuerda%20a%20las%20v%C3%ADctimas%20de%20la%20dictadura%20en%20Ays%C3%A9n&#038;url=https:\/\/radiorevelacionfm.cl\/?p=26026' aria-hidden='false' data-av_icon='\ue8f1' data-av_iconfont='entypo-fontello' title='' data-avia-related-tooltip='Compartir en Twitter' rel=\"noopener\"><span class='avia_hidden_link_text'>Compartir en Twitter<\/span><\/a><\/li><li class='av-share-link av-social-link-whatsapp' ><a target=\"_blank\" aria-label=\"Compartir en Whatsapp\" href='https:\/\/api.whatsapp.com\/send?text=https:\/\/radiorevelacionfm.cl\/?p=26026' aria-hidden='false' data-av_icon='\uf232' data-av_iconfont='entypo-fontello' title='' data-avia-related-tooltip='Compartir en Whatsapp' rel=\"noopener\"><span class='avia_hidden_link_text'>Compartir en Whatsapp<\/span><\/a><\/li><li class='av-share-link av-social-link-linkedin' ><a target=\"_blank\" aria-label=\"Compartir en LinkedIn\" href='https:\/\/linkedin.com\/shareArticle?mini=true&#038;title=Agrupaci%C3%B3n%20de%20DDHH%20de%20Coyhaique%20denunci%C3%B3%20ataque%20vand%C3%A1lico%20al%20Memorial%20que%20recuerda%20a%20las%20v%C3%ADctimas%20de%20la%20dictadura%20en%20Ays%C3%A9n&#038;url=https:\/\/radiorevelacionfm.cl\/?p=26026' aria-hidden='false' data-av_icon='\ue8fc' data-av_iconfont='entypo-fontello' title='' data-avia-related-tooltip='Compartir en LinkedIn' rel=\"noopener\"><span class='avia_hidden_link_text'>Compartir en LinkedIn<\/span><\/a><\/li><li class='av-share-link av-social-link-mail' ><a  aria-label=\"Compartir por correo\" href='mailto:?subject=Agrupaci%C3%B3n%20de%20DDHH%20de%20Coyhaique%20denunci%C3%B3%20ataque%20vand%C3%A1lico%20al%20Memorial%20que%20recuerda%20a%20las%20v%C3%ADctimas%20de%20la%20dictadura%20en%20Ays%C3%A9n&#038;body=https:\/\/radiorevelacionfm.cl\/?p=26026' aria-hidden='false' data-av_icon='\ue805' data-av_iconfont='entypo-fontello' title='' data-avia-related-tooltip='Compartir por correo'><span class='avia_hidden_link_text'>Compartir por correo<\/span><\/a><\/li><\/ul><\/div><\/div>\n<div  style='height:50px' class='hr hr-invisible   avia-builder-el-8  el_after_av_social_share  el_before_av_comments_list '><span class='hr-inner ' ><span class='hr-inner-style'><\/span><\/span><\/div>\n<div  class='av-buildercomment  av-blog-meta-html-info-disabled av-blog-meta-tag-disabled  '><\/div>\n","protected":false},"excerpt":{"rendered":"","protected":false},"author":1,"featured_media":26027,"comment_status":"open","ping_status":"open","sticky":false,"template":"","format":"standard","meta":{"footnotes":""},"categories":[38],"tags":[],"class_list":["post-26026","post","type-post","status-publish","format-standard","has-post-thumbnail","hentry","category-regional"],"jetpack_featured_media_url":"https:\/\/radiorevelacionfm.cl\/wp-content\/uploads\/2022\/12\/322541765_696539092072034_381943539322740810_n-1-1.jpg","_links":{"self":[{"href":"https:\/\/radiorevelacionfm.cl\/index.php?rest_route=\/wp\/v2\/posts\/26026","targetHints":{"allow":["GET"]}}],"collection":[{"href":"https:\/\/radiorevelacionfm.cl\/index.php?rest_route=\/wp\/v2\/posts"}],"about":[{"href":"https:\/\/radiorevelacionfm.cl\/index.php?rest_route=\/wp\/v2\/types\/post"}],"author":[{"embeddable":true,"href":"https:\/\/radiorevelacionfm.cl\/index.php?rest_route=\/wp\/v2\/users\/1"}],"replies":[{"embeddable":true,"href":"https:\/\/radiorevelacionfm.cl\/index.php?rest_route=%2Fwp%2Fv2%2Fcomments&post=26026"}],"version-history":[{"count":3,"href":"https:\/\/radiorevelacionfm.cl\/index.php?rest_route=\/wp\/v2\/posts\/26026\/revisions"}],"predecessor-version":[{"id":26029,"href":"https:\/\/radiorevelacionfm.cl\/index.php?rest_route=\/wp\/v2\/posts\/26026\/revisions\/26029"}],"wp:featuredmedia":[{"embeddable":true,"href":"https:\/\/radiorevelacionfm.cl\/index.php?rest_route=\/wp\/v2\/media\/26027"}],"wp:attachment":[{"href":"https:\/\/radiorevelacionfm.cl\/index.php?rest_route=%2Fwp%2Fv2%2Fmedia&parent=26026"}],"wp:term":[{"taxonomy":"category","embeddable":true,"href":"https:\/\/radiorevelacionfm.cl\/index.php?rest_route=%2Fwp%2Fv2%2Fcategories&post=26026"},{"taxonomy":"post_tag","embeddable":true,"href":"https:\/\/radiorevelacionfm.cl\/index.php?rest_route=%2Fwp%2Fv2%2Ftags&post=26026"}],"curies":[{"name":"wp","href":"https:\/\/api.w.org\/{rel}","templated":true}]}}