{"id":26022,"date":"2022-12-29T12:21:05","date_gmt":"2022-12-29T15:21:05","guid":{"rendered":"https:\/\/radiorevelacionfm.cl\/?p=26022"},"modified":"2022-12-29T12:21:05","modified_gmt":"2022-12-29T15:21:05","slug":"equipo-admision-uaysen-apoyara-a-jovenes-en-proceso-de-postulacion-a-universidades","status":"publish","type":"post","link":"https:\/\/radiorevelacionfm.cl\/?p=26022","title":{"rendered":"Equipo Admisi\u00f3n UAys\u00e9n apoyar\u00e1 a j\u00f3venes en proceso de postulaci\u00f3n a universidades"},"content":{"rendered":"<div class=\"flex_column av_one_full  flex_column_div av-zero-column-padding first  avia-builder-el-0  el_before_av_one_full  avia-builder-el-first  \" style='border-radius:0px; '><div  class='avia-image-container  av-styling-    avia-builder-el-1  avia-builder-el-no-sibling  avia-align-center '  itemprop=\"image\" itemscope=\"itemscope\" itemtype=\"https:\/\/schema.org\/ImageObject\"  ><div class='avia-image-container-inner'><div class='avia-image-overlay-wrap'><img decoding=\"async\" class='wp-image-26023 avia-img-lazy-loading-not-26023 avia_image' src=\"https:\/\/radiorevelacionfm.cl\/wp-content\/uploads\/2022\/12\/estudiantes-uaysen-1_optimized.jpeg\" alt='' title='estudiantes-uaysen-(1)_optimized' height=\"600\" width=\"888\"  itemprop=\"thumbnailUrl\" srcset=\"https:\/\/radiorevelacionfm.cl\/wp-content\/uploads\/2022\/12\/estudiantes-uaysen-1_optimized.jpeg 888w, https:\/\/radiorevelacionfm.cl\/wp-content\/uploads\/2022\/12\/estudiantes-uaysen-1_optimized-300x203.jpeg 300w, https:\/\/radiorevelacionfm.cl\/wp-content\/uploads\/2022\/12\/estudiantes-uaysen-1_optimized-768x519.jpeg 768w, https:\/\/radiorevelacionfm.cl\/wp-content\/uploads\/2022\/12\/estudiantes-uaysen-1_optimized-705x476.jpeg 705w, https:\/\/radiorevelacionfm.cl\/wp-content\/uploads\/2022\/12\/estudiantes-uaysen-1_optimized-600x405.jpeg 600w\" sizes=\"(max-width: 888px) 100vw, 888px\" \/><\/div><\/div><\/div><\/div><div class=\"flex_column av_one_full  flex_column_div av-zero-column-padding first  avia-builder-el-2  el_after_av_one_full  el_before_av_one_full  column-top-margin\" style='border-radius:0px; '><section class=\"av_textblock_section \"  itemscope=\"itemscope\" itemtype=\"https:\/\/schema.org\/BlogPosting\" itemprop=\"blogPost\" ><div class='avia_textblock  '   itemprop=\"text\" ><p style=\"text-align: center;\"><span style=\"font-size: 18pt;\"><b>Equipo Admisi\u00f3n UAys\u00e9n apoyar\u00e1 a j\u00f3venes en proceso<\/b>\u00a0<b>de\u00a0postulaci\u00f3n\u00a0a universidades<\/b><\/span><\/p>\n<div id=\"gtx-trans\" style=\"position: absolute; left: -50px; top: 4.31534px;\">\n<div class=\"gtx-trans-icon\"><\/div>\n<\/div>\n<\/div><\/section><\/div><div class=\"flex_column av_one_full  flex_column_div av-zero-column-padding first  avia-builder-el-4  el_after_av_one_full  el_before_av_hr  column-top-margin\" style='border-radius:0px; '><section class=\"av_textblock_section \"  itemscope=\"itemscope\" itemtype=\"https:\/\/schema.org\/BlogPosting\" itemprop=\"blogPost\" ><div class='avia_textblock  '   itemprop=\"text\" ><div>\n<p class=\"v1MsoNormal\" style=\"text-align: justify;\">Entre los d\u00edas martes 3 al viernes 6 de enero a las 13:00 horas, la Universidad de Ays\u00e9n realizar\u00e1 la \u00abSemana del Postulante\u00bb, actividad abierta a la comunidad en la que el equipo de admisi\u00f3n de la casa de estudios apoyar\u00e1 y realizar\u00e1 orientaci\u00f3n a los y las j\u00f3venes que lo requieran y que hayan obtenido sus puntajes luego de haber rendido la Prueba de Acceso a la Educaci\u00f3n Superior (PAES).<\/p>\n<p class=\"v1MsoNormal\" style=\"text-align: justify;\">Seg\u00fan lo informado por el Coordinador de Admisi\u00f3n UAys\u00e9n, David V\u00e1squez, esta actividad, es un apoyo para todos aquellos j\u00f3venes para realizar una adecuada postulaci\u00f3n a las universidades en el proceso de postulaci\u00f3n a las universidades chilenas adscritas al Sistema de Acceso a la Admisi\u00f3n Universitaria. \u00abNos encontramos a pocos d\u00edas de conocer los puntajes de la prueba PAES, el d\u00eda 3 de enero a las 08:00 am, los estudiantes, a trav\u00e9s del portal <a href=\"http:\/\/demre.cl\/\" target=\"_blank\" rel=\"noopener noreferrer\">demre.cl<\/a>\u00a0podr\u00e1n acceder para conocer sus puntajes y desde ese mismo d\u00eda a las 09:00 am, podr\u00e1n postular en la misma plataforma del Demre. Es por lo mismo que como Universidad de Ays\u00e9n hemos considerado nuevamente realizar la Semana del Postulante\u00bb, explic\u00f3.<\/p>\n<p class=\"v1MsoNormal\" style=\"text-align: justify;\">A su vez el Coordinador de Admisi\u00f3n UAys\u00e9n , especific\u00f3 lo antecedentes de la Semana del Postulante UAys\u00e9n. \u00abEstaremos ubicados en Lillo 667 para atender en horario continuado desde las 09:00 de la ma\u00f1ana hasta las 18:00 horas disponibles para orientar a todos y todas las estudiantes que quieran postular, no solamente a nuestra universidad si no a cualquier universidad perteneciente al sistema centralizado. Para ello habilitaremos un grupo de computadores y adem\u00e1s estar\u00e1 todo el equipo de Admisi\u00f3n, \u00a0de Becas y Beneficios y de Desarrollo Estudiantil desplegado para poder resolver dudas y poder orientar el proceso de postulaci\u00f3n\u00bb, se\u00f1al\u00f3.<\/p>\n<p class=\"v1MsoNormal\" style=\"text-align: justify;\">Asimismo, David V\u00e1squez enfatiz\u00f3 en los cambios que presenta el proceso de admisi\u00f3n a las universidades y entreg\u00f3 algunas recomendaciones. \u00abBueno la postulaci\u00f3n ha tenido diversos cambios, para comenzar el puntaje ya no se mide de la misma manera, hoy el puntaje va de cien a mil y adem\u00e1s se pueden hacer hasta 20 postulaciones. Esos cambios son significativos y por lo tanto, recomendamos a los j\u00f3venes que puedan acceder a alguna orientaci\u00f3n de parte de equipos especializados, por ejemplo alguna universidad, como lo que hacemos en la UAys\u00e9n en la Semana el Postulante, porque no va a ser f\u00e1cil tomar las decisiones, hoy d\u00eda en las chances son muchas m\u00e1s grandes y por lo mismo la recomendaciones son poder primero, no olvidar que la postulaci\u00f3n se realiza en estricto orden de prioridad, es decir, postular desde aquella carrera en la que t\u00fa m\u00e1s quieres ingresar a la menos inter\u00e9s o que no est\u00e1 dentro de tus posibilidades\u00bb.<\/p>\n<p class=\"v1MsoNormal\" style=\"text-align: justify;\">El profesional agrega que es importante tener en cuenta que para hacer m\u00e1s eficiente el proceso de\u00a0postulaci\u00f3n, es necesario que los j\u00f3venes que asistan al campus Lillo UAys\u00e9n a la Semana del Postulante, conozcan su usuario y contrase\u00f1a de la plataforma Demre\/Mineduc.<\/p>\n<p class=\"v1MsoNormal\" style=\"text-align: justify;\">Cabe se\u00f1alar que la Universidad estableci\u00f3 canales virtuales para optar a la orientaci\u00f3n para concretar la postulaci\u00f3n a las universidades adscritas al Sistema de Acceso a la Admisi\u00f3n Universitaria. \u00abPara los que no puedan asistir, en nuestro sitio web y nuestras redes sociales los y las interesados podr\u00e1n acceder a un enlace de atenci\u00f3n virtual v\u00eda zoom en el que pueden contactarnos para recibir toda la informaci\u00f3n necesaria para realizar su postulaci\u00f3n. Tambi\u00e9n pueden realizar consultas al correo electr\u00f3nico\u00a0<a href=\"mailto:admision@uaysen.cl\" rel=\"noreferrer\">admision@uaysen.cl<\/a>\u00a0o en nuestras redes sociales\u00bb, puntualiz\u00f3 el Coordinador de Admisi\u00f3n.<\/p>\n<p class=\"v1MsoNormal\" style=\"text-align: justify;\">Finalmente, el Coordinador de Admisi\u00f3n, se\u00f1al\u00f3 que como universidad estatal \u00abtenemos un compromiso no s\u00f3lo con los estudiantes que quieren ingresar a nuestras carreras, si no tambi\u00e9n un compromiso con la regi\u00f3n que es coherente con nuestra misi\u00f3n, para que todos y todas las j\u00f3venes de esta hermosa regi\u00f3n puedan postular a las universidades sistema centralizado\u00bb, puntualiz\u00f3.<\/p>\n<\/div>\n<div style=\"text-align: justify;\"><\/div>\n<\/div><\/section><\/div><div  style='height:50px' class='hr hr-invisible   avia-builder-el-6  el_after_av_one_full  el_before_av_social_share '><span class='hr-inner ' ><span class='hr-inner-style'><\/span><\/span><\/div><\/p>\n<div  class='av-social-sharing-box  avia-builder-el-7  el_after_av_hr  el_before_av_hr  '><div class='av-share-box'><h5 class='av-share-link-description av-no-toc '>Compartir esta noticia<\/h5><ul class='av-share-box-list noLightbox'><li class='av-share-link av-social-link-facebook' ><a target=\"_blank\" aria-label=\"Compartir en Facebook\" href='https:\/\/www.facebook.com\/sharer.php?u=https:\/\/radiorevelacionfm.cl\/?p=26022&#038;t=Equipo%20Admisi%C3%B3n%20UAys%C3%A9n%20apoyar%C3%A1%20a%20j%C3%B3venes%20en%20proceso%20de%20postulaci%C3%B3n%20a%20universidades' aria-hidden='false' data-av_icon='\ue8f3' data-av_iconfont='entypo-fontello' title='' data-avia-related-tooltip='Compartir en Facebook' rel=\"noopener\"><span class='avia_hidden_link_text'>Compartir en Facebook<\/span><\/a><\/li><li class='av-share-link av-social-link-twitter' ><a target=\"_blank\" aria-label=\"Compartir en Twitter\" href='https:\/\/twitter.com\/share?text=Equipo%20Admisi%C3%B3n%20UAys%C3%A9n%20apoyar%C3%A1%20a%20j%C3%B3venes%20en%20proceso%20de%20postulaci%C3%B3n%20a%20universidades&#038;url=https:\/\/radiorevelacionfm.cl\/?p=26022' aria-hidden='false' data-av_icon='\ue8f1' data-av_iconfont='entypo-fontello' title='' data-avia-related-tooltip='Compartir en Twitter' rel=\"noopener\"><span class='avia_hidden_link_text'>Compartir en Twitter<\/span><\/a><\/li><li class='av-share-link av-social-link-whatsapp' ><a target=\"_blank\" aria-label=\"Compartir en Whatsapp\" href='https:\/\/api.whatsapp.com\/send?text=https:\/\/radiorevelacionfm.cl\/?p=26022' aria-hidden='false' data-av_icon='\uf232' data-av_iconfont='entypo-fontello' title='' data-avia-related-tooltip='Compartir en Whatsapp' rel=\"noopener\"><span class='avia_hidden_link_text'>Compartir en Whatsapp<\/span><\/a><\/li><li class='av-share-link av-social-link-linkedin' ><a target=\"_blank\" aria-label=\"Compartir en LinkedIn\" href='https:\/\/linkedin.com\/shareArticle?mini=true&#038;title=Equipo%20Admisi%C3%B3n%20UAys%C3%A9n%20apoyar%C3%A1%20a%20j%C3%B3venes%20en%20proceso%20de%20postulaci%C3%B3n%20a%20universidades&#038;url=https:\/\/radiorevelacionfm.cl\/?p=26022' aria-hidden='false' data-av_icon='\ue8fc' data-av_iconfont='entypo-fontello' title='' data-avia-related-tooltip='Compartir en LinkedIn' rel=\"noopener\"><span class='avia_hidden_link_text'>Compartir en LinkedIn<\/span><\/a><\/li><li class='av-share-link av-social-link-mail' ><a  aria-label=\"Compartir por correo\" href='mailto:?subject=Equipo%20Admisi%C3%B3n%20UAys%C3%A9n%20apoyar%C3%A1%20a%20j%C3%B3venes%20en%20proceso%20de%20postulaci%C3%B3n%20a%20universidades&#038;body=https:\/\/radiorevelacionfm.cl\/?p=26022' aria-hidden='false' data-av_icon='\ue805' data-av_iconfont='entypo-fontello' title='' data-avia-related-tooltip='Compartir por correo'><span class='avia_hidden_link_text'>Compartir por correo<\/span><\/a><\/li><\/ul><\/div><\/div>\n<div  style='height:50px' class='hr hr-invisible   avia-builder-el-8  el_after_av_social_share  el_before_av_comments_list '><span class='hr-inner ' ><span class='hr-inner-style'><\/span><\/span><\/div>\n<div  class='av-buildercomment  av-blog-meta-html-info-disabled av-blog-meta-tag-disabled  '><\/div>\n","protected":false},"excerpt":{"rendered":"","protected":false},"author":1,"featured_media":26023,"comment_status":"open","ping_status":"open","sticky":false,"template":"","format":"standard","meta":{"footnotes":""},"categories":[49],"tags":[],"class_list":["post-26022","post","type-post","status-publish","format-standard","has-post-thumbnail","hentry","category-educacion"],"jetpack_featured_media_url":"https:\/\/radiorevelacionfm.cl\/wp-content\/uploads\/2022\/12\/estudiantes-uaysen-1_optimized.jpeg","_links":{"self":[{"href":"https:\/\/radiorevelacionfm.cl\/index.php?rest_route=\/wp\/v2\/posts\/26022","targetHints":{"allow":["GET"]}}],"collection":[{"href":"https:\/\/radiorevelacionfm.cl\/index.php?rest_route=\/wp\/v2\/posts"}],"about":[{"href":"https:\/\/radiorevelacionfm.cl\/index.php?rest_route=\/wp\/v2\/types\/post"}],"author":[{"embeddable":true,"href":"https:\/\/radiorevelacionfm.cl\/index.php?rest_route=\/wp\/v2\/users\/1"}],"replies":[{"embeddable":true,"href":"https:\/\/radiorevelacionfm.cl\/index.php?rest_route=%2Fwp%2Fv2%2Fcomments&post=26022"}],"version-history":[{"count":2,"href":"https:\/\/radiorevelacionfm.cl\/index.php?rest_route=\/wp\/v2\/posts\/26022\/revisions"}],"predecessor-version":[{"id":26025,"href":"https:\/\/radiorevelacionfm.cl\/index.php?rest_route=\/wp\/v2\/posts\/26022\/revisions\/26025"}],"wp:featuredmedia":[{"embeddable":true,"href":"https:\/\/radiorevelacionfm.cl\/index.php?rest_route=\/wp\/v2\/media\/26023"}],"wp:attachment":[{"href":"https:\/\/radiorevelacionfm.cl\/index.php?rest_route=%2Fwp%2Fv2%2Fmedia&parent=26022"}],"wp:term":[{"taxonomy":"category","embeddable":true,"href":"https:\/\/radiorevelacionfm.cl\/index.php?rest_route=%2Fwp%2Fv2%2Fcategories&post=26022"},{"taxonomy":"post_tag","embeddable":true,"href":"https:\/\/radiorevelacionfm.cl\/index.php?rest_route=%2Fwp%2Fv2%2Ftags&post=26022"}],"curies":[{"name":"wp","href":"https:\/\/api.w.org\/{rel}","templated":true}]}}