{"id":26017,"date":"2022-12-29T10:57:08","date_gmt":"2022-12-29T13:57:08","guid":{"rendered":"https:\/\/radiorevelacionfm.cl\/?p=26017"},"modified":"2022-12-29T11:09:48","modified_gmt":"2022-12-29T14:09:48","slug":"artesanas-de-puerto-guadal-presentan-coleccion-textil-inspirada-en-su-territorio","status":"publish","type":"post","link":"https:\/\/radiorevelacionfm.cl\/?p=26017","title":{"rendered":"Artesanas de Puerto Guadal presentan colecci\u00f3n textil inspirada en su territorio"},"content":{"rendered":"<div class=\"flex_column av_one_full  flex_column_div av-zero-column-padding first  avia-builder-el-0  el_before_av_one_full  avia-builder-el-first  \" style='border-radius:0px; '><div  class='avia-image-container  av-styling-    avia-builder-el-1  avia-builder-el-no-sibling  avia-align-center '  itemprop=\"image\" itemscope=\"itemscope\" itemtype=\"https:\/\/schema.org\/ImageObject\"  ><div class='avia-image-container-inner'><div class='avia-image-overlay-wrap'><img decoding=\"async\" class='wp-image-26018 avia-img-lazy-loading-not-26018 avia_image' src=\"https:\/\/radiorevelacionfm.cl\/wp-content\/uploads\/2022\/12\/coleccion-guadal-1_optimized-1.jpg\" alt='' title='colecci\u00f3n-guadal-(1)_optimized (1)' height=\"600\" width=\"800\"  itemprop=\"thumbnailUrl\" srcset=\"https:\/\/radiorevelacionfm.cl\/wp-content\/uploads\/2022\/12\/coleccion-guadal-1_optimized-1.jpg 800w, https:\/\/radiorevelacionfm.cl\/wp-content\/uploads\/2022\/12\/coleccion-guadal-1_optimized-1-300x225.jpg 300w, https:\/\/radiorevelacionfm.cl\/wp-content\/uploads\/2022\/12\/coleccion-guadal-1_optimized-1-768x576.jpg 768w, https:\/\/radiorevelacionfm.cl\/wp-content\/uploads\/2022\/12\/coleccion-guadal-1_optimized-1-705x529.jpg 705w, https:\/\/radiorevelacionfm.cl\/wp-content\/uploads\/2022\/12\/coleccion-guadal-1_optimized-1-600x450.jpg 600w\" sizes=\"(max-width: 800px) 100vw, 800px\" \/><\/div><\/div><\/div><\/div>\n<div class=\"flex_column av_one_full  flex_column_div av-zero-column-padding first  avia-builder-el-2  el_after_av_one_full  el_before_av_one_full  column-top-margin\" style='border-radius:0px; '><section class=\"av_textblock_section \"  itemscope=\"itemscope\" itemtype=\"https:\/\/schema.org\/BlogPosting\" itemprop=\"blogPost\" ><div class='avia_textblock  '   itemprop=\"text\" ><p style=\"text-align: center;\"><strong><span style=\"font-size: 18pt;\">Artesanas de Puerto Guadal presentan colecci\u00f3n textil inspirada en su territorio<\/span><\/strong><\/p>\n<div id=\"gtx-trans\" style=\"position: absolute; left: -50px; top: 4.31534px;\">\n<div class=\"gtx-trans-icon\"><\/div>\n<\/div>\n<\/div><\/section><\/div>\n<div class=\"flex_column av_one_full  flex_column_div av-zero-column-padding first  avia-builder-el-4  el_after_av_one_full  el_before_av_hr  column-top-margin\" style='border-radius:0px; '><section class=\"av_textblock_section \"  itemscope=\"itemscope\" itemtype=\"https:\/\/schema.org\/BlogPosting\" itemprop=\"blogPost\" ><div class='avia_textblock  '   itemprop=\"text\" ><p dir=\"ltr\" style=\"text-align: justify;\">El pr\u00f3ximo 4 de enero la agrupaci\u00f3n ArteChelenko presentar\u00e1 su colecci\u00f3n \u201cOto\u00f1o en el Chelenko\u201d, desarrollada junto al equipo de la organizaci\u00f3n Pulso Austral.<\/p>\n<p dir=\"ltr\" style=\"text-align: justify;\">Mientras que a fines de marzo ser\u00e1 el turno de las artesanas de Villa Amengual y del sector El Claro de Coyhaique, quienes preparan una colecci\u00f3n textil inspirada en el bosque nativo.<\/p>\n<p dir=\"ltr\" style=\"text-align: justify;\">Con una invitaci\u00f3n abierta a toda la comunidad de Puerto Guadal, las hilanderas, tintoreras y tejedoras de la Agrupaci\u00f3n Artechelenko presentar\u00e1n su colecci\u00f3n textil \u201cOto\u00f1o en el Chelenko\u201d, compuesta por bufandas, boinas y polainas de lana natural local y confeccionada en diversas t\u00e9cnicas textiles.<\/p>\n<p dir=\"ltr\" style=\"text-align: justify;\">El lanzamiento se llevar\u00e1 a cabo el pr\u00f3ximo mi\u00e9rcoles 4 de enero, desde las 18:00 hasta las 20:30 horas en la Casa de la Cultura de Puerto Guadal. Durante la actividad, apoyada por la Municipalidad de Chile Chico, se estrenar\u00e1 un corto audiovisual que retrata la experiencia asociativa de la agrupaci\u00f3n, para continuar con un conversatorio dedicado a los oficios femeninos y el bienestar comunitario; y finalizar con un recorrido guiado por las piezas textiles. Buscando, de esta manera, abrir un espacio de difusi\u00f3n y puesta en valor de la artesan\u00eda local.<\/p>\n<p dir=\"ltr\" style=\"text-align: justify;\">Ocho a\u00f1os de trayectoria suma esta agrupaci\u00f3n de mujeres, que se re\u00fane cada martes sagradamente. \u00abMe hace bien venir al taller, es como una familia, nos sentimos felices\u201d, se\u00f1ala una de las integrantes, Ana Huechupan. Mientras que la artesana Hilda Almonacid comenta: \u00abaqu\u00ed me siento acompa\u00f1ada con la amistad de todas, echamos de menos de no venir\u00bb.<\/p>\n<p dir=\"ltr\" style=\"text-align: justify;\">Fortalecer estos lazos comunitarios desde la experimentaci\u00f3n textil y colectiva, es el principal prop\u00f3sito del programa \u201cLaboratorios Creativos de Oficios Textiles\u201d, que desarrolla la Organizaci\u00f3n Pulso Austral y que durante el a\u00f1o 2022 se llev\u00f3 a cabo en Puerto Guadal con la colaboraci\u00f3n de la dise\u00f1adora Magdalena Baeza.<\/p>\n<p dir=\"ltr\" style=\"text-align: justify;\">\u201cPara poder llegar a esta colecci\u00f3n, junto a las artesanas trabajamos en diversos \u201claboratorios\u201d, se\u00f1ala la periodista e historiadora Catalina Camus. \u201cEstos encuentros de verano, oto\u00f1o y primavera se convirtieron en espacios de arte, naturaleza y bienestar, donde iban surgiendo conversaciones, aprendizajes, lazos de amistad y de colaboraci\u00f3n entre mujeres que comparten el amor por los oficios textiles\u201d, agrega la socia de Pulso Austral, organizaci\u00f3n interdisciplinaria que trabaja principalmente tejiendo puentes desde la cultura, la educaci\u00f3n y el medioambiente para aportar al bienestar social y comunitario.<\/p>\n<p dir=\"ltr\" style=\"text-align: justify;\"><strong>Nueva colecci\u00f3n: entre el r\u00edo Claro y el r\u00edo Cisnes<\/strong><\/p>\n<p dir=\"ltr\" style=\"text-align: justify;\">Actualmente este programa tambi\u00e9n se desarrolla con un grupo de 25 tejedoras, integrantes de la Agrupaci\u00f3n de Artesanas del R\u00edo Claro y la Agrupaci\u00f3n de Artesanas Flores del Chilco, en las comunas de Coyhaique y Lago Verde, quienes se encuentran en proceso de dise\u00f1o y confecci\u00f3n de una colecci\u00f3n textil de cojines y choapinos que ser\u00e1 lanzada a fines de marzo del 2023 en el Centro Cultural Coyhaique en una actividad abierta a toda la comunidad regional.<\/p>\n<p dir=\"ltr\" style=\"text-align: justify;\">La tem\u00e1tica de esta colecci\u00f3n: texturas y colores del bosque nativo naci\u00f3 tras un encuentro colectivo que compartieron las artesanas en el Parque Aiken durante el mes de noviembre, en el marco de un proyecto financiado por el Fondo Nacional de Desarrollo Cultural y las Artes, Convocatoria 2022.<\/p>\n<p dir=\"ltr\" style=\"text-align: justify;\">En esta jornada en terreno se encontraron dos grupos tan distintos como Flores del Chilco de Villa Amengual, una agrupaci\u00f3n de larga trayectoria, con toda su tradici\u00f3n textil vinculada al campo y sus saberes asociados al proceso completo de la lana; y, por otro lado, las Artesanas de R\u00edo Claro, una agrupaci\u00f3n que lleva cuatro a\u00f1os de vida, un grupo muy afiatado y que maneja una diversidad de t\u00e9cnicas textiles. \u201cSe gener\u00f3 un espacio para conocerse y encontrarse en esta experiencia que nos habla finalmente de los beneficios psicosociales que conlleva el fomento de la artesan\u00eda, una l\u00ednea que llevamos trabajando hace cuatro a\u00f1os en Pulso Austral\u00bb, agreg\u00f3 Camus.<\/p>\n<p dir=\"ltr\" style=\"text-align: justify;\">Por su parte, Susana Castillo, presidenta de la Agrupaci\u00f3n de Artesanas de R\u00edo Claro, destac\u00f3 la importancia que tuvo para ellas esta oportunidad. \u201cNos gust\u00f3 conocer a las otras artesanas y el trabajo que realizan. Logramos afiatarnos muy bien, porque todas queremos y disfrutamos de la creaci\u00f3n. Compartimos t\u00e9cnicas y experiencias y eso fue muy nutritivo\u201d.<\/p>\n<p dir=\"ltr\" style=\"text-align: justify;\">Tamara Araneda, representante de la Agrupaci\u00f3n de Artesanas Flores del Chilco, comparti\u00f3 la opini\u00f3n sobre la importancia de los espacios presenciales de relaci\u00f3n, destacando el trabajo que Pulso Austral hace en ese sentido: \u201cEsto es una terapia porque todas hemos pasado momentos dif\u00edciles. Despu\u00e9s de dos a\u00f1os de pandemia, donde casi no nos vimos, los espacios de relaci\u00f3n son fundamentales para nosotras. Estamos entre amigas y, juntas, construimos un lugar que nos permite abrir nuestros corazones y nuestros dolores y soledades, de mujeres, en un espacio seguro para nosotras\u201d.<\/p>\n<p dir=\"ltr\" style=\"text-align: justify;\">Con este mismo esp\u00edritu, el programa Laboratorios Creativos de Oficios Textiles se ha desarrollado junto a ocho agrupaciones de artesanas rurales de la regi\u00f3n de Ays\u00e9n, impulsando espacios de vinculaci\u00f3n entre comunidades desde el arte textil.<\/p>\n<\/div><\/section><\/div><div  style='height:50px' class='hr hr-invisible   avia-builder-el-6  el_after_av_one_full  el_before_av_social_share '><span class='hr-inner ' ><span class='hr-inner-style'><\/span><\/span><\/div><\/p>\n<div  class='av-social-sharing-box  avia-builder-el-7  el_after_av_hr  el_before_av_hr  '><div class='av-share-box'><h5 class='av-share-link-description av-no-toc '>Compartir esta noticia<\/h5><ul class='av-share-box-list noLightbox'><li class='av-share-link av-social-link-facebook' ><a target=\"_blank\" aria-label=\"Compartir en Facebook\" href='https:\/\/www.facebook.com\/sharer.php?u=https:\/\/radiorevelacionfm.cl\/?p=26017&#038;t=Artesanas%20de%20Puerto%20Guadal%20presentan%20colecci%C3%B3n%20textil%20inspirada%20en%20su%20territorio' aria-hidden='false' data-av_icon='\ue8f3' data-av_iconfont='entypo-fontello' title='' data-avia-related-tooltip='Compartir en Facebook' rel=\"noopener\"><span class='avia_hidden_link_text'>Compartir en Facebook<\/span><\/a><\/li><li class='av-share-link av-social-link-twitter' ><a target=\"_blank\" aria-label=\"Compartir en Twitter\" href='https:\/\/twitter.com\/share?text=Artesanas%20de%20Puerto%20Guadal%20presentan%20colecci%C3%B3n%20textil%20inspirada%20en%20su%20territorio&#038;url=https:\/\/radiorevelacionfm.cl\/?p=26017' aria-hidden='false' data-av_icon='\ue8f1' data-av_iconfont='entypo-fontello' title='' data-avia-related-tooltip='Compartir en Twitter' rel=\"noopener\"><span class='avia_hidden_link_text'>Compartir en Twitter<\/span><\/a><\/li><li class='av-share-link av-social-link-whatsapp' ><a target=\"_blank\" aria-label=\"Compartir en Whatsapp\" href='https:\/\/api.whatsapp.com\/send?text=https:\/\/radiorevelacionfm.cl\/?p=26017' aria-hidden='false' data-av_icon='\uf232' data-av_iconfont='entypo-fontello' title='' data-avia-related-tooltip='Compartir en Whatsapp' rel=\"noopener\"><span class='avia_hidden_link_text'>Compartir en Whatsapp<\/span><\/a><\/li><li class='av-share-link av-social-link-linkedin' ><a target=\"_blank\" aria-label=\"Compartir en LinkedIn\" href='https:\/\/linkedin.com\/shareArticle?mini=true&#038;title=Artesanas%20de%20Puerto%20Guadal%20presentan%20colecci%C3%B3n%20textil%20inspirada%20en%20su%20territorio&#038;url=https:\/\/radiorevelacionfm.cl\/?p=26017' aria-hidden='false' data-av_icon='\ue8fc' data-av_iconfont='entypo-fontello' title='' data-avia-related-tooltip='Compartir en LinkedIn' rel=\"noopener\"><span class='avia_hidden_link_text'>Compartir en LinkedIn<\/span><\/a><\/li><li class='av-share-link av-social-link-mail' ><a  aria-label=\"Compartir por correo\" href='mailto:?subject=Artesanas%20de%20Puerto%20Guadal%20presentan%20colecci%C3%B3n%20textil%20inspirada%20en%20su%20territorio&#038;body=https:\/\/radiorevelacionfm.cl\/?p=26017' aria-hidden='false' data-av_icon='\ue805' data-av_iconfont='entypo-fontello' title='' data-avia-related-tooltip='Compartir por correo'><span class='avia_hidden_link_text'>Compartir por correo<\/span><\/a><\/li><\/ul><\/div><\/div>\n<div  style='height:50px' class='hr hr-invisible   avia-builder-el-8  el_after_av_social_share  el_before_av_comments_list '><span class='hr-inner ' ><span class='hr-inner-style'><\/span><\/span><\/div>\n<div  class='av-buildercomment  av-blog-meta-html-info-disabled av-blog-meta-tag-disabled  '><\/div>\n","protected":false},"excerpt":{"rendered":"","protected":false},"author":1,"featured_media":26018,"comment_status":"open","ping_status":"open","sticky":false,"template":"","format":"standard","meta":{"footnotes":""},"categories":[38],"tags":[],"class_list":["post-26017","post","type-post","status-publish","format-standard","has-post-thumbnail","hentry","category-regional"],"jetpack_featured_media_url":"https:\/\/radiorevelacionfm.cl\/wp-content\/uploads\/2022\/12\/coleccion-guadal-1_optimized-1.jpg","_links":{"self":[{"href":"https:\/\/radiorevelacionfm.cl\/index.php?rest_route=\/wp\/v2\/posts\/26017","targetHints":{"allow":["GET"]}}],"collection":[{"href":"https:\/\/radiorevelacionfm.cl\/index.php?rest_route=\/wp\/v2\/posts"}],"about":[{"href":"https:\/\/radiorevelacionfm.cl\/index.php?rest_route=\/wp\/v2\/types\/post"}],"author":[{"embeddable":true,"href":"https:\/\/radiorevelacionfm.cl\/index.php?rest_route=\/wp\/v2\/users\/1"}],"replies":[{"embeddable":true,"href":"https:\/\/radiorevelacionfm.cl\/index.php?rest_route=%2Fwp%2Fv2%2Fcomments&post=26017"}],"version-history":[{"count":3,"href":"https:\/\/radiorevelacionfm.cl\/index.php?rest_route=\/wp\/v2\/posts\/26017\/revisions"}],"predecessor-version":[{"id":26020,"href":"https:\/\/radiorevelacionfm.cl\/index.php?rest_route=\/wp\/v2\/posts\/26017\/revisions\/26020"}],"wp:featuredmedia":[{"embeddable":true,"href":"https:\/\/radiorevelacionfm.cl\/index.php?rest_route=\/wp\/v2\/media\/26018"}],"wp:attachment":[{"href":"https:\/\/radiorevelacionfm.cl\/index.php?rest_route=%2Fwp%2Fv2%2Fmedia&parent=26017"}],"wp:term":[{"taxonomy":"category","embeddable":true,"href":"https:\/\/radiorevelacionfm.cl\/index.php?rest_route=%2Fwp%2Fv2%2Fcategories&post=26017"},{"taxonomy":"post_tag","embeddable":true,"href":"https:\/\/radiorevelacionfm.cl\/index.php?rest_route=%2Fwp%2Fv2%2Ftags&post=26017"}],"curies":[{"name":"wp","href":"https:\/\/api.w.org\/{rel}","templated":true}]}}