{"id":26007,"date":"2022-12-29T09:36:13","date_gmt":"2022-12-29T12:36:13","guid":{"rendered":"https:\/\/radiorevelacionfm.cl\/?p=26007"},"modified":"2022-12-29T09:36:13","modified_gmt":"2022-12-29T12:36:13","slug":"festival-de-musica-en-tortel-un-encuentro-cultural-en-el-corazon-verde-de-la-patagonia","status":"publish","type":"post","link":"https:\/\/radiorevelacionfm.cl\/?p=26007","title":{"rendered":"Festival de M\u00fasica en Tortel: un encuentro cultural en el coraz\u00f3n verde de la Patagonia"},"content":{"rendered":"<div class=\"flex_column av_one_full  flex_column_div av-zero-column-padding first  avia-builder-el-0  el_before_av_one_full  avia-builder-el-first  \" style='border-radius:0px; '><div  class='avia-image-container  av-styling-    avia-builder-el-1  avia-builder-el-no-sibling  avia-align-center '  itemprop=\"image\" itemscope=\"itemscope\" itemtype=\"https:\/\/schema.org\/ImageObject\"  ><div class='avia-image-container-inner'><div class='avia-image-overlay-wrap'><img decoding=\"async\" class='wp-image-26011 avia-img-lazy-loading-not-26011 avia_image' src=\"https:\/\/radiorevelacionfm.cl\/wp-content\/uploads\/2022\/12\/tortelv1-1_optimized.jpg\" alt='' title='tortelv1-(1)_optimized' height=\"600\" width=\"899\"  itemprop=\"thumbnailUrl\" srcset=\"https:\/\/radiorevelacionfm.cl\/wp-content\/uploads\/2022\/12\/tortelv1-1_optimized.jpg 899w, https:\/\/radiorevelacionfm.cl\/wp-content\/uploads\/2022\/12\/tortelv1-1_optimized-300x200.jpg 300w, https:\/\/radiorevelacionfm.cl\/wp-content\/uploads\/2022\/12\/tortelv1-1_optimized-768x513.jpg 768w, https:\/\/radiorevelacionfm.cl\/wp-content\/uploads\/2022\/12\/tortelv1-1_optimized-705x471.jpg 705w, https:\/\/radiorevelacionfm.cl\/wp-content\/uploads\/2022\/12\/tortelv1-1_optimized-600x400.jpg 600w\" sizes=\"(max-width: 899px) 100vw, 899px\" \/><\/div><\/div><\/div><\/div><div class=\"flex_column av_one_full  flex_column_div av-zero-column-padding first  avia-builder-el-2  el_after_av_one_full  el_before_av_one_full  column-top-margin\" style='border-radius:0px; '><section class=\"av_textblock_section \"  itemscope=\"itemscope\" itemtype=\"https:\/\/schema.org\/BlogPosting\" itemprop=\"blogPost\" ><div class='avia_textblock  '   itemprop=\"text\" ><p style=\"text-align: center;\"><strong><span style=\"font-size: 18pt;\">Festival de M\u00fasica en Tortel: un encuentro cultural en el coraz\u00f3n verde de la Patagonia<\/span><\/strong><\/p>\n<div id=\"gtx-trans\" style=\"position: absolute; left: -50px; top: 4.31534px;\">\n<div class=\"gtx-trans-icon\"><\/div>\n<\/div>\n<\/div><\/section><\/div><\/p>\n<div class=\"flex_column av_one_full  flex_column_div av-zero-column-padding first  avia-builder-el-4  el_after_av_one_full  el_before_av_hr  column-top-margin\" style='border-radius:0px; '><section class=\"av_textblock_section \"  itemscope=\"itemscope\" itemtype=\"https:\/\/schema.org\/BlogPosting\" itemprop=\"blogPost\" ><div class='avia_textblock  '   itemprop=\"text\" ><p style=\"text-align: justify;\">Una espectacular apuesta musical en Tortel, se suma a los panoramas de este verano 2023 en la regi\u00f3n de Ays\u00e9n.<\/p>\n<p style=\"text-align: justify;\">Una gran instancia de apreciaci\u00f3n cultural se vivir\u00e1 en Caleta Tortel, del 2 al 5 de febrero, a partir del desarrollo de un Festival de M\u00fasica en la comuna. El encuentro, que contar\u00e1 con la participaci\u00f3n de exponentes locales de la escena musical tortelina, permitir\u00e1 conocer y disfrutar de nuevas promesas del sonido local.<\/p>\n<p style=\"text-align: justify;\">As\u00ed, la invitaci\u00f3n es a deleitarse con la apuesta del joven acordeonista, Amado Soto I\u00f1iguez, junto con las presentaciones de Francisca Pinilla y Diego Arratia, tortelinos que ser\u00e1n parte de la programaci\u00f3n de un encuentro \u00fanico en el territorio. Tambi\u00e9n habr\u00e1 espacio para artistas regionales, a partir de la participaci\u00f3n de Danilo Cruces, Thomy Fern\u00e1ndez, Luciano Auad, la banda coyhaiquina \u201cRastados\u201d, junto con el conjunto folcl\u00f3rico \u201cAlma y Sue\u00f1o\u201d.<\/p>\n<p style=\"text-align: justify;\">Esta actividad es parte de un trabajo colaborativo liderado el alcalde Abel Becerra Vidal, edil de la I. Municipalidad de Tortel, en conjunto con la Fundaci\u00f3n para la Superaci\u00f3n de la Pobreza, a partir del apoyo profesional que presten en distintos territorios de la regi\u00f3n; el que otorga pertinencia territorial a distintas iniciativas.<\/p>\n<p style=\"text-align: justify;\">La visi\u00f3n conjunta de ambas entidades permiti\u00f3 la adjudicaci\u00f3n del proyecto \u201cM\u00e1s cultura en mi localidad: programaci\u00f3n cultural para la Casa de la Cultura de Tortel\u201d, fondo que permitir\u00e1 el financiamiento del encuentro de m\u00fasica, y que es parte de la Convocatoria para la Gesti\u00f3n Cultural Local, instancia impulsada por el Ministerio de las Culturas, las Artes y el Patrimonio a trav\u00e9s del programa Red Cultura del Departamento Ciudadan\u00eda Cultural.<\/p>\n<p style=\"text-align: justify;\">La actividad se realizar\u00e1 de manera paralela a la tradicional Fiesta del Maderero, celebraci\u00f3n costumbrista que destaca quehaceres e identidades propias de Tortel. As\u00ed, el desarrollo de ambos eventos permitir\u00e1 variados panoramas tanto para quienes residen en el territorio, como para los turistas que lo visitan.<\/p>\n<p style=\"text-align: justify;\">Con esta iniciativa se busca potenciar la cultura local desde una activa participaci\u00f3n comunitaria, en tanto se enaltece el oficio de j\u00f3venes que desbordan ganas de mantener vivas las expresiones propias de su territorio.<\/p>\n<\/div><\/section><\/div>\n<div  style='height:50px' class='hr hr-invisible   avia-builder-el-6  el_after_av_one_full  el_before_av_social_share '><span class='hr-inner ' ><span class='hr-inner-style'><\/span><\/span><\/div>\n<div  class='av-social-sharing-box  avia-builder-el-7  el_after_av_hr  el_before_av_hr  '><div class='av-share-box'><h5 class='av-share-link-description av-no-toc '>Compartir esta noticia<\/h5><ul class='av-share-box-list noLightbox'><li class='av-share-link av-social-link-facebook' ><a target=\"_blank\" aria-label=\"Compartir en Facebook\" href='https:\/\/www.facebook.com\/sharer.php?u=https:\/\/radiorevelacionfm.cl\/?p=26007&#038;t=Festival%20de%20M%C3%BAsica%20en%20Tortel%3A%20un%20encuentro%20cultural%20en%20el%20coraz%C3%B3n%20verde%20de%20la%20Patagonia' aria-hidden='false' data-av_icon='\ue8f3' data-av_iconfont='entypo-fontello' title='' data-avia-related-tooltip='Compartir en Facebook' rel=\"noopener\"><span class='avia_hidden_link_text'>Compartir en Facebook<\/span><\/a><\/li><li class='av-share-link av-social-link-twitter' ><a target=\"_blank\" aria-label=\"Compartir en Twitter\" href='https:\/\/twitter.com\/share?text=Festival%20de%20M%C3%BAsica%20en%20Tortel%3A%20un%20encuentro%20cultural%20en%20el%20coraz%C3%B3n%20verde%20de%20la%20Patagonia&#038;url=https:\/\/radiorevelacionfm.cl\/?p=26007' aria-hidden='false' data-av_icon='\ue8f1' data-av_iconfont='entypo-fontello' title='' data-avia-related-tooltip='Compartir en Twitter' rel=\"noopener\"><span class='avia_hidden_link_text'>Compartir en Twitter<\/span><\/a><\/li><li class='av-share-link av-social-link-whatsapp' ><a target=\"_blank\" aria-label=\"Compartir en Whatsapp\" href='https:\/\/api.whatsapp.com\/send?text=https:\/\/radiorevelacionfm.cl\/?p=26007' aria-hidden='false' data-av_icon='\uf232' data-av_iconfont='entypo-fontello' title='' data-avia-related-tooltip='Compartir en Whatsapp' rel=\"noopener\"><span class='avia_hidden_link_text'>Compartir en Whatsapp<\/span><\/a><\/li><li class='av-share-link av-social-link-linkedin' ><a target=\"_blank\" aria-label=\"Compartir en LinkedIn\" href='https:\/\/linkedin.com\/shareArticle?mini=true&#038;title=Festival%20de%20M%C3%BAsica%20en%20Tortel%3A%20un%20encuentro%20cultural%20en%20el%20coraz%C3%B3n%20verde%20de%20la%20Patagonia&#038;url=https:\/\/radiorevelacionfm.cl\/?p=26007' aria-hidden='false' data-av_icon='\ue8fc' data-av_iconfont='entypo-fontello' title='' data-avia-related-tooltip='Compartir en LinkedIn' rel=\"noopener\"><span class='avia_hidden_link_text'>Compartir en LinkedIn<\/span><\/a><\/li><li class='av-share-link av-social-link-mail' ><a  aria-label=\"Compartir por correo\" href='mailto:?subject=Festival%20de%20M%C3%BAsica%20en%20Tortel%3A%20un%20encuentro%20cultural%20en%20el%20coraz%C3%B3n%20verde%20de%20la%20Patagonia&#038;body=https:\/\/radiorevelacionfm.cl\/?p=26007' aria-hidden='false' data-av_icon='\ue805' data-av_iconfont='entypo-fontello' title='' data-avia-related-tooltip='Compartir por correo'><span class='avia_hidden_link_text'>Compartir por correo<\/span><\/a><\/li><\/ul><\/div><\/div>\n<div  style='height:50px' class='hr hr-invisible   avia-builder-el-8  el_after_av_social_share  el_before_av_comments_list '><span class='hr-inner ' ><span class='hr-inner-style'><\/span><\/span><\/div>\n<div  class='av-buildercomment  av-blog-meta-html-info-disabled av-blog-meta-tag-disabled  '><\/div>\n","protected":false},"excerpt":{"rendered":"","protected":false},"author":1,"featured_media":26011,"comment_status":"open","ping_status":"open","sticky":false,"template":"","format":"standard","meta":{"footnotes":""},"categories":[38],"tags":[],"class_list":["post-26007","post","type-post","status-publish","format-standard","has-post-thumbnail","hentry","category-regional"],"jetpack_featured_media_url":"https:\/\/radiorevelacionfm.cl\/wp-content\/uploads\/2022\/12\/tortelv1-1_optimized.jpg","_links":{"self":[{"href":"https:\/\/radiorevelacionfm.cl\/index.php?rest_route=\/wp\/v2\/posts\/26007","targetHints":{"allow":["GET"]}}],"collection":[{"href":"https:\/\/radiorevelacionfm.cl\/index.php?rest_route=\/wp\/v2\/posts"}],"about":[{"href":"https:\/\/radiorevelacionfm.cl\/index.php?rest_route=\/wp\/v2\/types\/post"}],"author":[{"embeddable":true,"href":"https:\/\/radiorevelacionfm.cl\/index.php?rest_route=\/wp\/v2\/users\/1"}],"replies":[{"embeddable":true,"href":"https:\/\/radiorevelacionfm.cl\/index.php?rest_route=%2Fwp%2Fv2%2Fcomments&post=26007"}],"version-history":[{"count":3,"href":"https:\/\/radiorevelacionfm.cl\/index.php?rest_route=\/wp\/v2\/posts\/26007\/revisions"}],"predecessor-version":[{"id":26014,"href":"https:\/\/radiorevelacionfm.cl\/index.php?rest_route=\/wp\/v2\/posts\/26007\/revisions\/26014"}],"wp:featuredmedia":[{"embeddable":true,"href":"https:\/\/radiorevelacionfm.cl\/index.php?rest_route=\/wp\/v2\/media\/26011"}],"wp:attachment":[{"href":"https:\/\/radiorevelacionfm.cl\/index.php?rest_route=%2Fwp%2Fv2%2Fmedia&parent=26007"}],"wp:term":[{"taxonomy":"category","embeddable":true,"href":"https:\/\/radiorevelacionfm.cl\/index.php?rest_route=%2Fwp%2Fv2%2Fcategories&post=26007"},{"taxonomy":"post_tag","embeddable":true,"href":"https:\/\/radiorevelacionfm.cl\/index.php?rest_route=%2Fwp%2Fv2%2Ftags&post=26007"}],"curies":[{"name":"wp","href":"https:\/\/api.w.org\/{rel}","templated":true}]}}