{"id":2600,"date":"2021-02-14T19:08:11","date_gmt":"2021-02-14T22:08:11","guid":{"rendered":"https:\/\/radiorevelacionfm.cl\/?p=2600"},"modified":"2021-02-16T20:26:01","modified_gmt":"2021-02-16T23:26:01","slug":"con-exito-de-ventas-en-el-paseo-del-sol-se-realizo-la-primera-feria-libre-de-chile-chico","status":"publish","type":"post","link":"https:\/\/radiorevelacionfm.cl\/?p=2600","title":{"rendered":"Con \u00e9xito de ventas en el \u201cpaseo del sol\u201d se realiz\u00f3 la Primera Feria Libre de Chile Chico"},"content":{"rendered":"<div class=\"flex_column av_one_full  flex_column_div av-zero-column-padding first  avia-builder-el-0  el_before_av_one_full  avia-builder-el-first  \" style='border-radius:0px; '><div  class='avia-image-container  av-styling-    avia-builder-el-1  avia-builder-el-no-sibling  avia-align-center '  itemprop=\"image\" itemscope=\"itemscope\" itemtype=\"https:\/\/schema.org\/ImageObject\"  ><div class='avia-image-container-inner'><div class='avia-image-overlay-wrap'><img decoding=\"async\" class='wp-image-0 avia-img-lazy-loading-not-0 avia_image' src=\"https:\/\/radiorevelacionfm.cl\/wp-content\/uploads\/2021\/02\/FERIA-LIBRE-CHCH-4-2-1.jpg\" alt='' title=''   itemprop=\"thumbnailUrl\"  \/><\/div><\/div><\/div><\/div><div class=\"flex_column av_one_full  flex_column_div av-zero-column-padding first  avia-builder-el-2  el_after_av_one_full  el_before_av_one_full  column-top-margin\" style='border-radius:0px; '><section class=\"av_textblock_section \"  itemscope=\"itemscope\" itemtype=\"https:\/\/schema.org\/BlogPosting\" itemprop=\"blogPost\" ><div class='avia_textblock  '   itemprop=\"text\" ><p style=\"text-align: center;\"><strong><span style=\"font-size: 18pt;\">Con \u00e9xito de ventas en el \u201cpaseo del sol\u201d se realiz\u00f3 la Primera Feria Libre de Chile Chico<\/span><\/strong><\/p>\n<div id=\"gtx-trans\" style=\"position: absolute; left: -50px; top: 4.31534px;\">\n<div class=\"gtx-trans-icon\"><\/div>\n<\/div>\n<\/div><\/section><\/div><\/p>\n<div class=\"flex_column av_one_full  flex_column_div av-zero-column-padding first  avia-builder-el-4  el_after_av_one_full  el_before_av_hr  column-top-margin\" style='border-radius:0px; '><section class=\"av_textblock_section \"  itemscope=\"itemscope\" itemtype=\"https:\/\/schema.org\/BlogPosting\" itemprop=\"blogPost\" ><div class='avia_textblock  '   itemprop=\"text\" ><p style=\"text-align: justify;\">Verduras, flores, art\u00edculos nuevos y usados, ropa, tecnolog\u00eda, art\u00edculos para mascotas, plantas, libros, artesan\u00edas y mucho m\u00e1s tuvo esta actividad, organizada por la Municipalidad de Chile Chico, a trav\u00e9s de su \u00e1rea de Fomento Productivo.<\/p>\n<p style=\"text-align: justify;\">M\u00e1s de cuarenta puestos improvisados y con el cari\u00f1o de cada uno de los emprendedores y emprendedoras de la \u201cciudad del sol\u201d junto a la organizaci\u00f3n de la Municipalidad mediante su \u00e1rea de Fomento Productivo, se realiz\u00f3 la \u201cPrimera Feria Libre de Chile Chico\u201d.<\/p>\n<p style=\"text-align: justify;\">Esta iniciativa se llev\u00f3 a cabo en un espacio que ha sido recuperado en la actual administraci\u00f3n municipal y que se ha transformado en el punto de visita obligado tanto de la gente local como de los visitantes, \u201cel paseo del sol\u201d.<\/p>\n<p style=\"text-align: justify;\">Aportar a la econom\u00eda, brindando los espacios que la ciudadan\u00eda necesita y pensando ya en replicar esta exitosa iniciativa, se mostr\u00f3 el Alcalde Ricardo Ibarra, quien puso en valor el trabajo y creatividad del equipo municipal en tiempos pandemia.<\/p>\n<p style=\"text-align: justify;\">\u201cHa sido s\u00faper dif\u00edcil todo el periodo de la pandemia, pero la creatividad y el trabajo de mis compa\u00f1eros de toda la Municipalidad han hecho posible esta jornada, porque hacer esto no es f\u00e1cil. Ha sido complejo este periodo, estos cuatro a\u00f1os no han sido f\u00e1ciles en realidad y en tiempos de pandemia igual, pero ver que la gente responde de esta manera, todos manteniendo la distancia, todos con mascarilla, todos cuid\u00e1ndonos y viendo la alternativa de un ingreso familiar. As\u00ed es que, muy contento del \u00e9xito de esta primera feria, estamos evaluando desde ya la posibilidad de una segunda versi\u00f3n y as\u00ed continuar, porque la econom\u00eda circular funciona as\u00ed y est\u00e1 es una oportunidad de vender\u201d.<\/p>\n<p style=\"text-align: justify;\">Para el encargado de Fomento Productivo en la Municipalidad de Chile Chico, Sady Jerez, esta fue una actividad con bastante \u00e9xito y donde se cumplieron todas las exigencias para que nuestros emprendedores y emprendedoras puedan ofrecer sus productos a la comunidad.<\/p>\n<p style=\"text-align: justify;\">\u201cNuestra Municipalidad y el \u00e1rea de Fomento Productivo estamos muy contentos, ya que, junto a la feria tenemos un \u00e1rea de venta de hortalizas que ha sido todo un \u00e9xito, netamente los productos cultivados ac\u00e1. As\u00ed es que, muy contento porque la gran cantidad de personas que se inscribi\u00f3 est\u00e1n vendiendo, est\u00e1n sacando cuentas muy alegres de los productos que est\u00e1n ofreciendo. De esta forma esperamos junto a nuestro Alcalde, nuestros colegas que est\u00e1n a cargo de las distintas actividades, evaluar c\u00f3mo realizar una segunda feria, estamos con todos los papeles, permisos y autorizaciones\u201d.<\/p>\n<p style=\"text-align: justify;\">Alejandra Fuentealba es integrante de la brigada animalista \u201clo \u00fanico que tengo\u201d de Chile Chico\u00a0 y puso en valor el desarrollo de la feria libre, ya que, les permite reunir fondos para efectuar las distintas acciones que lleva a cabo esta organizaci\u00f3n en bien de mascotas y principalmente de animales que son abandonados en la v\u00eda publica.<\/p>\n<p style=\"text-align: justify;\">\u201cEs fundamental para la brigada contar con recursos para poder esterilizar a los perritos abandonados, sirve para comprar antiparasitarios, difusi\u00f3n para que las personas aprendan m\u00e1s sobre el cuidado de las mascotas. Por ello, esta fue una excelente iniciativa, porque no se pueden hacer muchos beneficios y se requieren los recursos, entonces, fue muy bueno que el Municipio haya hecho esta feria\u201d.<\/p>\n<p style=\"text-align: justify;\">Con productos para el cuidado animal y varias novedades en tecnolog\u00eda lleg\u00f3 hasta la feria, Leandro Cruz, quien destac\u00f3 la posibilidad de ser parte de esta instancia propiciada por el Municipio de Chile Chico. \u201cMe parece muy bonita experiencia que le den la posibilidad a la gente de participar en esta feria, de traer nuestros productos, ofrecerles cosas nuevas, art\u00edculos novedosos, que es lo que m\u00e1s compra la gente. Se han llevado hartos corta\u00fa\u00f1as para gatos, comida para perro, conserva para perros y gatos, sachet con alimento para mascotas\u201d.<\/p>\n<p style=\"text-align: justify;\">Esta fue una nueva instancia que organiza la Municipalidad de Chile Chico pensando en la comunidad, en los emprendedores y emprendedoras locales. Feria libre que se espera replicar, con el fin de continuar ocupando los espacios p\u00fablicos recuperados en la actual administraci\u00f3n, ofreciendo una alternativa a quienes tienes sus productos y a la comunidad que los pueda adquirir.<\/p>\n<\/div><\/section><\/div>\n<div  style='height:50px' class='hr hr-invisible   avia-builder-el-6  el_after_av_one_full  el_before_av_social_share '><span class='hr-inner ' ><span class='hr-inner-style'><\/span><\/span><\/div>\n<div  class='av-social-sharing-box  avia-builder-el-7  el_after_av_hr  el_before_av_hr  '><div class='av-share-box'><h5 class='av-share-link-description av-no-toc '>Compartir esta noticia<\/h5><ul class='av-share-box-list noLightbox'><li class='av-share-link av-social-link-facebook' ><a target=\"_blank\" aria-label=\"Compartir en Facebook\" href='https:\/\/www.facebook.com\/sharer.php?u=https:\/\/radiorevelacionfm.cl\/?p=2600&#038;t=Con%20%C3%A9xito%20de%20ventas%20en%20el%20%E2%80%9Cpaseo%20del%20sol%E2%80%9D%20se%20realiz%C3%B3%20la%20Primera%20Feria%20Libre%20de%20Chile%20Chico' aria-hidden='false' data-av_icon='\ue8f3' data-av_iconfont='entypo-fontello' title='' data-avia-related-tooltip='Compartir en Facebook' rel=\"noopener\"><span class='avia_hidden_link_text'>Compartir en Facebook<\/span><\/a><\/li><li class='av-share-link av-social-link-twitter' ><a target=\"_blank\" aria-label=\"Compartir en Twitter\" href='https:\/\/twitter.com\/share?text=Con%20%C3%A9xito%20de%20ventas%20en%20el%20%E2%80%9Cpaseo%20del%20sol%E2%80%9D%20se%20realiz%C3%B3%20la%20Primera%20Feria%20Libre%20de%20Chile%20Chico&#038;url=https:\/\/radiorevelacionfm.cl\/?p=2600' aria-hidden='false' data-av_icon='\ue8f1' data-av_iconfont='entypo-fontello' title='' data-avia-related-tooltip='Compartir en Twitter' rel=\"noopener\"><span class='avia_hidden_link_text'>Compartir en Twitter<\/span><\/a><\/li><li class='av-share-link av-social-link-whatsapp' ><a target=\"_blank\" aria-label=\"Compartir en Whatsapp\" href='https:\/\/api.whatsapp.com\/send?text=https:\/\/radiorevelacionfm.cl\/?p=2600' aria-hidden='false' data-av_icon='\uf232' data-av_iconfont='entypo-fontello' title='' data-avia-related-tooltip='Compartir en Whatsapp' rel=\"noopener\"><span class='avia_hidden_link_text'>Compartir en Whatsapp<\/span><\/a><\/li><li class='av-share-link av-social-link-linkedin' ><a target=\"_blank\" aria-label=\"Compartir en LinkedIn\" href='https:\/\/linkedin.com\/shareArticle?mini=true&#038;title=Con%20%C3%A9xito%20de%20ventas%20en%20el%20%E2%80%9Cpaseo%20del%20sol%E2%80%9D%20se%20realiz%C3%B3%20la%20Primera%20Feria%20Libre%20de%20Chile%20Chico&#038;url=https:\/\/radiorevelacionfm.cl\/?p=2600' aria-hidden='false' data-av_icon='\ue8fc' data-av_iconfont='entypo-fontello' title='' data-avia-related-tooltip='Compartir en LinkedIn' rel=\"noopener\"><span class='avia_hidden_link_text'>Compartir en LinkedIn<\/span><\/a><\/li><li class='av-share-link av-social-link-mail' ><a  aria-label=\"Compartir por correo\" href='mailto:?subject=Con%20%C3%A9xito%20de%20ventas%20en%20el%20%E2%80%9Cpaseo%20del%20sol%E2%80%9D%20se%20realiz%C3%B3%20la%20Primera%20Feria%20Libre%20de%20Chile%20Chico&#038;body=https:\/\/radiorevelacionfm.cl\/?p=2600' aria-hidden='false' data-av_icon='\ue805' data-av_iconfont='entypo-fontello' title='' data-avia-related-tooltip='Compartir por correo'><span class='avia_hidden_link_text'>Compartir por correo<\/span><\/a><\/li><\/ul><\/div><\/div>\n<div  style='height:50px' class='hr hr-invisible   avia-builder-el-8  el_after_av_social_share  el_before_av_comments_list '><span class='hr-inner ' ><span class='hr-inner-style'><\/span><\/span><\/div>\n<div  class='av-buildercomment  av-blog-meta-html-info-disabled av-blog-meta-tag-disabled  '><\/div>\n","protected":false},"excerpt":{"rendered":"","protected":false},"author":1,"featured_media":0,"comment_status":"open","ping_status":"open","sticky":false,"template":"","format":"standard","meta":{"footnotes":""},"categories":[38],"tags":[],"class_list":["post-2600","post","type-post","status-publish","format-standard","hentry","category-regional"],"jetpack_featured_media_url":"","_links":{"self":[{"href":"https:\/\/radiorevelacionfm.cl\/index.php?rest_route=\/wp\/v2\/posts\/2600","targetHints":{"allow":["GET"]}}],"collection":[{"href":"https:\/\/radiorevelacionfm.cl\/index.php?rest_route=\/wp\/v2\/posts"}],"about":[{"href":"https:\/\/radiorevelacionfm.cl\/index.php?rest_route=\/wp\/v2\/types\/post"}],"author":[{"embeddable":true,"href":"https:\/\/radiorevelacionfm.cl\/index.php?rest_route=\/wp\/v2\/users\/1"}],"replies":[{"embeddable":true,"href":"https:\/\/radiorevelacionfm.cl\/index.php?rest_route=%2Fwp%2Fv2%2Fcomments&post=2600"}],"version-history":[{"count":2,"href":"https:\/\/radiorevelacionfm.cl\/index.php?rest_route=\/wp\/v2\/posts\/2600\/revisions"}],"predecessor-version":[{"id":2691,"href":"https:\/\/radiorevelacionfm.cl\/index.php?rest_route=\/wp\/v2\/posts\/2600\/revisions\/2691"}],"wp:attachment":[{"href":"https:\/\/radiorevelacionfm.cl\/index.php?rest_route=%2Fwp%2Fv2%2Fmedia&parent=2600"}],"wp:term":[{"taxonomy":"category","embeddable":true,"href":"https:\/\/radiorevelacionfm.cl\/index.php?rest_route=%2Fwp%2Fv2%2Fcategories&post=2600"},{"taxonomy":"post_tag","embeddable":true,"href":"https:\/\/radiorevelacionfm.cl\/index.php?rest_route=%2Fwp%2Fv2%2Ftags&post=2600"}],"curies":[{"name":"wp","href":"https:\/\/api.w.org\/{rel}","templated":true}]}}