{"id":25989,"date":"2022-12-28T16:33:22","date_gmt":"2022-12-28T19:33:22","guid":{"rendered":"https:\/\/radiorevelacionfm.cl\/?p=25989"},"modified":"2022-12-28T16:33:22","modified_gmt":"2022-12-28T19:33:22","slug":"seremi-de-desarrollo-social-aysen-y-balance-2022-nos-estamos-haciendo-cargo-de-necesidades-sentidas-y-no-resueltas-de-nuestro-territorio-y-nuestra-gente","status":"publish","type":"post","link":"https:\/\/radiorevelacionfm.cl\/?p=25989","title":{"rendered":"Seremi de Desarrollo Social Ays\u00e9n y balance 2022: \u201cNos estamos haciendo cargo de necesidades sentidas y no resueltas de nuestro territorio y nuestra gente\u201d"},"content":{"rendered":"<div class=\"flex_column av_one_full  flex_column_div av-zero-column-padding first  avia-builder-el-0  el_before_av_one_full  avia-builder-el-first  \" style='border-radius:0px; '><div  class='avia-image-container  av-styling-    avia-builder-el-1  avia-builder-el-no-sibling  avia-align-center '  itemprop=\"image\" itemscope=\"itemscope\" itemtype=\"https:\/\/schema.org\/ImageObject\"  ><div class='avia-image-container-inner'><div class='avia-image-overlay-wrap'><img decoding=\"async\" class='wp-image-25990 avia-img-lazy-loading-not-25990 avia_image' src=\"https:\/\/radiorevelacionfm.cl\/wp-content\/uploads\/2022\/12\/5-58-1_optimized.jpg\" alt='' title='5-(58)-(1)_optimized' height=\"600\" width=\"1067\"  itemprop=\"thumbnailUrl\" srcset=\"https:\/\/radiorevelacionfm.cl\/wp-content\/uploads\/2022\/12\/5-58-1_optimized.jpg 1067w, https:\/\/radiorevelacionfm.cl\/wp-content\/uploads\/2022\/12\/5-58-1_optimized-300x169.jpg 300w, https:\/\/radiorevelacionfm.cl\/wp-content\/uploads\/2022\/12\/5-58-1_optimized-1030x579.jpg 1030w, https:\/\/radiorevelacionfm.cl\/wp-content\/uploads\/2022\/12\/5-58-1_optimized-768x432.jpg 768w, https:\/\/radiorevelacionfm.cl\/wp-content\/uploads\/2022\/12\/5-58-1_optimized-705x396.jpg 705w, https:\/\/radiorevelacionfm.cl\/wp-content\/uploads\/2022\/12\/5-58-1_optimized-600x337.jpg 600w\" sizes=\"(max-width: 1067px) 100vw, 1067px\" \/><\/div><\/div><\/div><\/div><div class=\"flex_column av_one_full  flex_column_div av-zero-column-padding first  avia-builder-el-2  el_after_av_one_full  el_before_av_one_full  column-top-margin\" style='border-radius:0px; '><section class=\"av_textblock_section \"  itemscope=\"itemscope\" itemtype=\"https:\/\/schema.org\/BlogPosting\" itemprop=\"blogPost\" ><div class='avia_textblock  '   itemprop=\"text\" ><p style=\"text-align: center;\"><strong><span style=\"font-size: 18pt;\">Seremi de Desarrollo Social Ays\u00e9n y balance 2022: \u201cNos estamos haciendo cargo de necesidades sentidas y no resueltas de nuestro territorio y nuestra gente\u201d<\/span><\/strong><\/p>\n<div id=\"gtx-trans\" style=\"position: absolute; left: -50px; top: 4.31534px;\">\n<div class=\"gtx-trans-icon\"><\/div>\n<\/div>\n<\/div><\/section><\/div><div class=\"flex_column av_one_full  flex_column_div av-zero-column-padding first  avia-builder-el-4  el_after_av_one_full  el_before_av_hr  column-top-margin\" style='border-radius:0px; '><section class=\"av_textblock_section \"  itemscope=\"itemscope\" itemtype=\"https:\/\/schema.org\/BlogPosting\" itemprop=\"blogPost\" ><div class='avia_textblock  '   itemprop=\"text\" ><p style=\"text-align: justify;\">Un positivo balance en materia de pol\u00edticas sociales y despliegue de gesti\u00f3n ministerial en la Regi\u00f3n de Ays\u00e9n, hizo la SEREMI de Desarrollo Social y Familia, Karina Acevedo Auad, respecto al primer a\u00f1o de gobierno del Presidente Gabriel Boric. Seg\u00fan la autoridad sectorial no s\u00f3lo se retomaron acciones que no se desarrollaban hace m\u00e1s de una d\u00e9cada en el territorio, sino que se implementaron acciones y programas in\u00e9ditos en la regi\u00f3n, adem\u00e1s de iniciar transformaciones estructurales en la sociedad chilena a trav\u00e9s de nuevos marcos legales y pol\u00edticas sociales que permiten saldar deudas pendientes con sectores m\u00e1s vulnerables como los son los ni\u00f1os, ni\u00f1as y adolescentes y las personas que requieren de cuidados y sus respectivas cuidadoras y cuidadores.<\/p>\n<p style=\"text-align: justify;\">La SEREMI de Desarrollo Social y Familia, Karina Acevedo Auad, destac\u00f3 dos iniciativas nacionales que se han concretado al t\u00e9rmino del primer a\u00f1o calendario del gobierno del Presidente Gabriel Boric y que tienen estrecha relaci\u00f3n con la protecci\u00f3n a grupos vulnerables. \u201cHacemos un positivo balance del 2022, primero en marzo de este a\u00f1o se promulga la Ley de Garant\u00edas de Derechos de la Ni\u00f1ez, que nos da un conjunto de normas de acuerdo a lo que se estableci\u00f3 en la Convenci\u00f3n de los Ni\u00f1os y Ni\u00f1as,\u00a0 que nos obliga como Estado a dar cuenta de una protecci\u00f3n integral de la infancia y la adolescencia. Por otra parte el Presidente Boric, anunci\u00f3 en el mes de mayo la creaci\u00f3n del Sistema Nacional de Cuidadores y hoy podemos decir con orgullo que hemos dado el primer paso: el registro nacional de cuidadores, el cual nos permite transitar a esta gran pol\u00edtica nacional tan sentida por nuestra sociedad\u201d.<\/p>\n<p style=\"text-align: justify;\">De la misma forma, Acevedo Auad explic\u00f3 que a menos de un a\u00f1o de promulgada la Ley de Garant\u00edas dos de las comunas m\u00e1s aisladas del territorio contar\u00e1n con Oficinas Locales de la Ni\u00f1ez (OLN). \u201cEn la Regi\u00f3n de Ays\u00e9n hemos firmado convenios con Las Guaitecas y Villa O\u2019higgins, ambas por decisi\u00f3n regional pensando en nuestra dispersi\u00f3n geogr\u00e1fica y el aislamiento de estas comunas, lo que nos permitir\u00e1 instalar un dispositivo que estar\u00e1 a cargo de la promoci\u00f3n de los derechos, la prevenci\u00f3n de situaciones de riesgo y la vulneraci\u00f3n de ni\u00f1os, ni\u00f1as y adolescentes\u201d. Tambi\u00e9n en el \u00e1mbito regional y social, \u201cfirmamos un convenio con la ONG CIDET que nos permiti\u00f3 tener un albergue de primer nivel y firmar un gran convenio con el Servicio de Salud de Ays\u00e9n y as\u00ed contar por primera vez en la historia de Ays\u00e9n con una ruta m\u00e9dica, profesionales y equipos de salud que recorren la ruta y atienden a las personas que est\u00e1n en situaci\u00f3n de calle, llevando registro, control y la atenci\u00f3n que requieren\u201d, dijo la autoridad regional.<\/p>\n<p style=\"text-align: justify;\">Por otra parte la Seremi de Desarrollo Social y Familia, representante del ministerio a cargo de administrar el Banco Integrado de Proyectos y de evaluar gran parte de las iniciativas que las entidades est\u00e1n dispuesta a financiar, relev\u00f3 la realizaci\u00f3n de cursos destinados a reforzar los conocimientos de las unidades formuladoras de proyectos. \u201cTambi\u00e9n en el \u00e1mbito regional, realizamos 3 capacitaciones en Cisnes, Coyhaique y Tortel, sumando adem\u00e1s de las municipalidades a instituciones como: Salud, GORE, Educaci\u00f3n, MOP, entre otras, para actualizar conocimientos adecu\u00e1ndose al Sistema Nacional de Inversiones. Sumado a esto,\u00a0 despu\u00e9s de m\u00e1s de una d\u00e9cada, pudimos concretar una capacitaci\u00f3n en Programas Sociales y esto es tan importante porque no s\u00f3lo de cemento y estructuras es el desarrollo de nuestro territorio, sino que tambi\u00e9n tienen que ser construida desde nuestras comunidades y nuestros grupos m\u00e1s vulnerables.\u201d<\/p>\n<p style=\"text-align: justify;\">Finalmente, Karina Acevedo, SEREMI de Desarrollo Social y Familia, record\u00f3 que es sumamente importante para la generaci\u00f3n de pol\u00edticas p\u00fablicas y programas sociales y econ\u00f3micos la encuesta CASEN, instrumento de gesti\u00f3n que permite evaluar y dise\u00f1ar nuevos esfuerzos fiscales. \u201cHemos insistido las \u00faltimas semanas, la Regi\u00f3n de Ays\u00e9n est\u00e1 por encima de la media nacional, pero es imprescindible que los y las aiseninas abran su puerta y nos ayuden a volver m\u00e1s asertivas las pol\u00edticas sociales con sus respuestas. La Casen ser\u00e1 el principal instrumento para construir el Chile de los pr\u00f3ximos a\u00f1os\u201d.<\/p>\n<\/div><\/section><\/div><div  style='height:50px' class='hr hr-invisible   avia-builder-el-6  el_after_av_one_full  el_before_av_social_share '><span class='hr-inner ' ><span class='hr-inner-style'><\/span><\/span><\/div><\/p>\n<div  class='av-social-sharing-box  avia-builder-el-7  el_after_av_hr  el_before_av_hr  '><div class='av-share-box'><h5 class='av-share-link-description av-no-toc '>Compartir esta noticia<\/h5><ul class='av-share-box-list noLightbox'><li class='av-share-link av-social-link-facebook' ><a target=\"_blank\" aria-label=\"Compartir en Facebook\" href='https:\/\/www.facebook.com\/sharer.php?u=https:\/\/radiorevelacionfm.cl\/?p=25989&#038;t=Seremi%20de%20Desarrollo%20Social%20Ays%C3%A9n%20y%20balance%202022%3A%20%E2%80%9CNos%20estamos%20haciendo%20cargo%20de%20necesidades%20sentidas%20y%20no%20resueltas%20de%20nuestro%20territorio%20y%20nuestra%20gente%E2%80%9D' aria-hidden='false' data-av_icon='\ue8f3' data-av_iconfont='entypo-fontello' title='' data-avia-related-tooltip='Compartir en Facebook' rel=\"noopener\"><span class='avia_hidden_link_text'>Compartir en Facebook<\/span><\/a><\/li><li class='av-share-link av-social-link-twitter' ><a target=\"_blank\" aria-label=\"Compartir en Twitter\" href='https:\/\/twitter.com\/share?text=Seremi%20de%20Desarrollo%20Social%20Ays%C3%A9n%20y%20balance%202022%3A%20%E2%80%9CNos%20estamos%20haciendo%20cargo%20de%20necesidades%20sentidas%20y%20no%20resueltas%20de%20nuestro%20territorio%20y%20nuestra%20gente%E2%80%9D&#038;url=https:\/\/radiorevelacionfm.cl\/?p=25989' aria-hidden='false' data-av_icon='\ue8f1' data-av_iconfont='entypo-fontello' title='' data-avia-related-tooltip='Compartir en Twitter' rel=\"noopener\"><span class='avia_hidden_link_text'>Compartir en Twitter<\/span><\/a><\/li><li class='av-share-link av-social-link-whatsapp' ><a target=\"_blank\" aria-label=\"Compartir en Whatsapp\" href='https:\/\/api.whatsapp.com\/send?text=https:\/\/radiorevelacionfm.cl\/?p=25989' aria-hidden='false' data-av_icon='\uf232' data-av_iconfont='entypo-fontello' title='' data-avia-related-tooltip='Compartir en Whatsapp' rel=\"noopener\"><span class='avia_hidden_link_text'>Compartir en Whatsapp<\/span><\/a><\/li><li class='av-share-link av-social-link-linkedin' ><a target=\"_blank\" aria-label=\"Compartir en LinkedIn\" href='https:\/\/linkedin.com\/shareArticle?mini=true&#038;title=Seremi%20de%20Desarrollo%20Social%20Ays%C3%A9n%20y%20balance%202022%3A%20%E2%80%9CNos%20estamos%20haciendo%20cargo%20de%20necesidades%20sentidas%20y%20no%20resueltas%20de%20nuestro%20territorio%20y%20nuestra%20gente%E2%80%9D&#038;url=https:\/\/radiorevelacionfm.cl\/?p=25989' aria-hidden='false' data-av_icon='\ue8fc' data-av_iconfont='entypo-fontello' title='' data-avia-related-tooltip='Compartir en LinkedIn' rel=\"noopener\"><span class='avia_hidden_link_text'>Compartir en LinkedIn<\/span><\/a><\/li><li class='av-share-link av-social-link-mail' ><a  aria-label=\"Compartir por correo\" href='mailto:?subject=Seremi%20de%20Desarrollo%20Social%20Ays%C3%A9n%20y%20balance%202022%3A%20%E2%80%9CNos%20estamos%20haciendo%20cargo%20de%20necesidades%20sentidas%20y%20no%20resueltas%20de%20nuestro%20territorio%20y%20nuestra%20gente%E2%80%9D&#038;body=https:\/\/radiorevelacionfm.cl\/?p=25989' aria-hidden='false' data-av_icon='\ue805' data-av_iconfont='entypo-fontello' title='' data-avia-related-tooltip='Compartir por correo'><span class='avia_hidden_link_text'>Compartir por correo<\/span><\/a><\/li><\/ul><\/div><\/div>\n<div  style='height:50px' class='hr hr-invisible   avia-builder-el-8  el_after_av_social_share  el_before_av_comments_list '><span class='hr-inner ' ><span class='hr-inner-style'><\/span><\/span><\/div>\n<div  class='av-buildercomment  av-blog-meta-html-info-disabled av-blog-meta-tag-disabled  '><\/div>\n","protected":false},"excerpt":{"rendered":"","protected":false},"author":1,"featured_media":25990,"comment_status":"open","ping_status":"open","sticky":false,"template":"","format":"standard","meta":{"footnotes":""},"categories":[38],"tags":[],"class_list":["post-25989","post","type-post","status-publish","format-standard","has-post-thumbnail","hentry","category-regional"],"jetpack_featured_media_url":"https:\/\/radiorevelacionfm.cl\/wp-content\/uploads\/2022\/12\/5-58-1_optimized.jpg","_links":{"self":[{"href":"https:\/\/radiorevelacionfm.cl\/index.php?rest_route=\/wp\/v2\/posts\/25989","targetHints":{"allow":["GET"]}}],"collection":[{"href":"https:\/\/radiorevelacionfm.cl\/index.php?rest_route=\/wp\/v2\/posts"}],"about":[{"href":"https:\/\/radiorevelacionfm.cl\/index.php?rest_route=\/wp\/v2\/types\/post"}],"author":[{"embeddable":true,"href":"https:\/\/radiorevelacionfm.cl\/index.php?rest_route=\/wp\/v2\/users\/1"}],"replies":[{"embeddable":true,"href":"https:\/\/radiorevelacionfm.cl\/index.php?rest_route=%2Fwp%2Fv2%2Fcomments&post=25989"}],"version-history":[{"count":2,"href":"https:\/\/radiorevelacionfm.cl\/index.php?rest_route=\/wp\/v2\/posts\/25989\/revisions"}],"predecessor-version":[{"id":25992,"href":"https:\/\/radiorevelacionfm.cl\/index.php?rest_route=\/wp\/v2\/posts\/25989\/revisions\/25992"}],"wp:featuredmedia":[{"embeddable":true,"href":"https:\/\/radiorevelacionfm.cl\/index.php?rest_route=\/wp\/v2\/media\/25990"}],"wp:attachment":[{"href":"https:\/\/radiorevelacionfm.cl\/index.php?rest_route=%2Fwp%2Fv2%2Fmedia&parent=25989"}],"wp:term":[{"taxonomy":"category","embeddable":true,"href":"https:\/\/radiorevelacionfm.cl\/index.php?rest_route=%2Fwp%2Fv2%2Fcategories&post=25989"},{"taxonomy":"post_tag","embeddable":true,"href":"https:\/\/radiorevelacionfm.cl\/index.php?rest_route=%2Fwp%2Fv2%2Ftags&post=25989"}],"curies":[{"name":"wp","href":"https:\/\/api.w.org\/{rel}","templated":true}]}}