{"id":25986,"date":"2022-12-28T18:11:12","date_gmt":"2022-12-28T21:11:12","guid":{"rendered":"https:\/\/radiorevelacionfm.cl\/?p=25986"},"modified":"2022-12-28T18:11:12","modified_gmt":"2022-12-28T21:11:12","slug":"destacan-promulgacion-de-nueva-ley-que-tipifica-el-delito-de-explotacion-sexual-comercial-contra-ninos-ninas-y-adolescentes","status":"publish","type":"post","link":"https:\/\/radiorevelacionfm.cl\/?p=25986","title":{"rendered":"Destacan promulgaci\u00f3n de nueva ley que tipifica el delito de explotaci\u00f3n sexual comercial contra ni\u00f1os, ni\u00f1as y adolescentes"},"content":{"rendered":"<div class=\"flex_column av_one_full  flex_column_div av-zero-column-padding first  avia-builder-el-0  el_before_av_one_full  avia-builder-el-first  \" style='border-radius:0px; '><div  class='avia-image-container  av-styling-    avia-builder-el-1  avia-builder-el-no-sibling  avia-align-center '  itemprop=\"image\" itemscope=\"itemscope\" itemtype=\"https:\/\/schema.org\/ImageObject\"  ><div class='avia-image-container-inner'><div class='avia-image-overlay-wrap'><img decoding=\"async\" class='wp-image-25987 avia-img-lazy-loading-not-25987 avia_image' src=\"https:\/\/radiorevelacionfm.cl\/wp-content\/uploads\/2022\/12\/seremi-samuel-navarro-1-1.jpg\" alt='' title='seremi samuel navarro (1) (1)' height=\"600\" width=\"813\"  itemprop=\"thumbnailUrl\" srcset=\"https:\/\/radiorevelacionfm.cl\/wp-content\/uploads\/2022\/12\/seremi-samuel-navarro-1-1.jpg 813w, https:\/\/radiorevelacionfm.cl\/wp-content\/uploads\/2022\/12\/seremi-samuel-navarro-1-1-300x221.jpg 300w, https:\/\/radiorevelacionfm.cl\/wp-content\/uploads\/2022\/12\/seremi-samuel-navarro-1-1-768x567.jpg 768w, https:\/\/radiorevelacionfm.cl\/wp-content\/uploads\/2022\/12\/seremi-samuel-navarro-1-1-705x520.jpg 705w, https:\/\/radiorevelacionfm.cl\/wp-content\/uploads\/2022\/12\/seremi-samuel-navarro-1-1-600x443.jpg 600w\" sizes=\"(max-width: 813px) 100vw, 813px\" \/><\/div><\/div><\/div><\/div><div class=\"flex_column av_one_full  flex_column_div av-zero-column-padding first  avia-builder-el-2  el_after_av_one_full  el_before_av_one_full  column-top-margin\" style='border-radius:0px; '><section class=\"av_textblock_section \"  itemscope=\"itemscope\" itemtype=\"https:\/\/schema.org\/BlogPosting\" itemprop=\"blogPost\" ><div class='avia_textblock  '   itemprop=\"text\" ><p style=\"text-align: center;\"><strong><span style=\"font-size: 18pt;\">Destacan promulgaci\u00f3n de nueva ley que tipifica el delito de explotaci\u00f3n sexual comercial contra ni\u00f1os, ni\u00f1as y adolescentes <\/span><\/strong><\/p>\n<div id=\"gtx-trans\" style=\"position: absolute; left: -50px; top: 4.31534px;\">\n<div class=\"gtx-trans-icon\"><\/div>\n<\/div>\n<\/div><\/section><\/div><div class=\"flex_column av_one_full  flex_column_div av-zero-column-padding first  avia-builder-el-4  el_after_av_one_full  el_before_av_hr  column-top-margin\" style='border-radius:0px; '><section class=\"av_textblock_section \"  itemscope=\"itemscope\" itemtype=\"https:\/\/schema.org\/BlogPosting\" itemprop=\"blogPost\" ><div class='avia_textblock  '   itemprop=\"text\" ><p style=\"text-align: justify;\">Como un gran anhelo y un cambio en el marco regulatorio que como pa\u00eds y regi\u00f3n nos va a permitir perseguir los delitos de explotaci\u00f3n sexual comercial de ni\u00f1os y ni\u00f1as, calific\u00f3 el Seremi de Justicia y Derechos Humanos Samuel Navarro Castro, la reciente promulgaci\u00f3n de la ley que tipifica el delito de explotaci\u00f3n sexual comercial contra ni\u00f1os, ni\u00f1as y adolescentes (NNA) contempl\u00e1ndolos como v\u00edctimas de este delito, y no como un simple prestador de servicios, dejando atr\u00e1s el err\u00f3neo t\u00e9rmino de prostituci\u00f3n infantil, esto en un acto realizado en el Ministerio de Justicia y Derechos Humanos, y que fue encabezado por la Ministra Marcela R\u00edos Tobar.<\/p>\n<p style=\"text-align: justify;\">Ahora, cabe se\u00f1alar que esta ley crea, adem\u00e1s, el nuevo delito que sanciona la transmisi\u00f3n por dispositivos tecnol\u00f3gicos de acciones o contenido sexual de menores de 18 a\u00f1os. En la iniciativa se aumentan las penas equipar\u00e1ndolas a otras formas graves de explotaci\u00f3n.<\/p>\n<p style=\"text-align: justify;\">En este sentido, el Seremi Samuel Navarro junto con relevar la importancia de fortalecer la persecuci\u00f3n penal de este tipo de delitos indic\u00f3 que \u201cla explotaci\u00f3n sexual de ni\u00f1as, ni\u00f1os y adolescentes representa una de las m\u00e1s graves vulneraciones a los Derechos Humanos, y contar esta tipificaci\u00f3n m\u00e1s precisa, nos permitir\u00e1 abordar este fen\u00f3meno delictual y social de forma integral\u201d.<\/p>\n<p style=\"text-align: justify;\">Finalmente, indicar que esta promulgaci\u00f3n se suma a otras iniciativas impulsadas desde el Ministerio de Justicia y Derechos Humanos, como el fortalecimiento del programa Mi Abogado, la creaci\u00f3n de la L\u00ednea de Representaci\u00f3n Jur\u00eddica Especializada \u201cLa Ni\u00f1ez y la Adolescencia se defienden\u201d o la creaci\u00f3n del Nuevo Servicio de Reinserci\u00f3n Social Juvenil que pondr\u00e1 fin al Servicio Nacional de Menores Sename.<\/p>\n<\/div><\/section><\/div><div  style='height:50px' class='hr hr-invisible   avia-builder-el-6  el_after_av_one_full  el_before_av_social_share '><span class='hr-inner ' ><span class='hr-inner-style'><\/span><\/span><\/div><\/p>\n<div  class='av-social-sharing-box  avia-builder-el-7  el_after_av_hr  el_before_av_hr  '><div class='av-share-box'><h5 class='av-share-link-description av-no-toc '>Compartir esta noticia<\/h5><ul class='av-share-box-list noLightbox'><li class='av-share-link av-social-link-facebook' ><a target=\"_blank\" aria-label=\"Compartir en Facebook\" href='https:\/\/www.facebook.com\/sharer.php?u=https:\/\/radiorevelacionfm.cl\/?p=25986&#038;t=Destacan%20promulgaci%C3%B3n%20de%20nueva%20ley%20que%20tipifica%20el%20delito%20de%20explotaci%C3%B3n%20sexual%20comercial%20contra%20ni%C3%B1os%2C%20ni%C3%B1as%20y%20adolescentes' aria-hidden='false' data-av_icon='\ue8f3' data-av_iconfont='entypo-fontello' title='' data-avia-related-tooltip='Compartir en Facebook' rel=\"noopener\"><span class='avia_hidden_link_text'>Compartir en Facebook<\/span><\/a><\/li><li class='av-share-link av-social-link-twitter' ><a target=\"_blank\" aria-label=\"Compartir en Twitter\" href='https:\/\/twitter.com\/share?text=Destacan%20promulgaci%C3%B3n%20de%20nueva%20ley%20que%20tipifica%20el%20delito%20de%20explotaci%C3%B3n%20sexual%20comercial%20contra%20ni%C3%B1os%2C%20ni%C3%B1as%20y%20adolescentes&#038;url=https:\/\/radiorevelacionfm.cl\/?p=25986' aria-hidden='false' data-av_icon='\ue8f1' data-av_iconfont='entypo-fontello' title='' data-avia-related-tooltip='Compartir en Twitter' rel=\"noopener\"><span class='avia_hidden_link_text'>Compartir en Twitter<\/span><\/a><\/li><li class='av-share-link av-social-link-whatsapp' ><a target=\"_blank\" aria-label=\"Compartir en Whatsapp\" href='https:\/\/api.whatsapp.com\/send?text=https:\/\/radiorevelacionfm.cl\/?p=25986' aria-hidden='false' data-av_icon='\uf232' data-av_iconfont='entypo-fontello' title='' data-avia-related-tooltip='Compartir en Whatsapp' rel=\"noopener\"><span class='avia_hidden_link_text'>Compartir en Whatsapp<\/span><\/a><\/li><li class='av-share-link av-social-link-linkedin' ><a target=\"_blank\" aria-label=\"Compartir en LinkedIn\" href='https:\/\/linkedin.com\/shareArticle?mini=true&#038;title=Destacan%20promulgaci%C3%B3n%20de%20nueva%20ley%20que%20tipifica%20el%20delito%20de%20explotaci%C3%B3n%20sexual%20comercial%20contra%20ni%C3%B1os%2C%20ni%C3%B1as%20y%20adolescentes&#038;url=https:\/\/radiorevelacionfm.cl\/?p=25986' aria-hidden='false' data-av_icon='\ue8fc' data-av_iconfont='entypo-fontello' title='' data-avia-related-tooltip='Compartir en LinkedIn' rel=\"noopener\"><span class='avia_hidden_link_text'>Compartir en LinkedIn<\/span><\/a><\/li><li class='av-share-link av-social-link-mail' ><a  aria-label=\"Compartir por correo\" href='mailto:?subject=Destacan%20promulgaci%C3%B3n%20de%20nueva%20ley%20que%20tipifica%20el%20delito%20de%20explotaci%C3%B3n%20sexual%20comercial%20contra%20ni%C3%B1os%2C%20ni%C3%B1as%20y%20adolescentes&#038;body=https:\/\/radiorevelacionfm.cl\/?p=25986' aria-hidden='false' data-av_icon='\ue805' data-av_iconfont='entypo-fontello' title='' data-avia-related-tooltip='Compartir por correo'><span class='avia_hidden_link_text'>Compartir por correo<\/span><\/a><\/li><\/ul><\/div><\/div>\n<div  style='height:50px' class='hr hr-invisible   avia-builder-el-8  el_after_av_social_share  el_before_av_comments_list '><span class='hr-inner ' ><span class='hr-inner-style'><\/span><\/span><\/div>\n<div  class='av-buildercomment  av-blog-meta-html-info-disabled av-blog-meta-tag-disabled  '><\/div>\n","protected":false},"excerpt":{"rendered":"","protected":false},"author":1,"featured_media":25987,"comment_status":"open","ping_status":"open","sticky":false,"template":"","format":"standard","meta":{"footnotes":""},"categories":[55],"tags":[],"class_list":["post-25986","post","type-post","status-publish","format-standard","has-post-thumbnail","hentry","category-justicia"],"jetpack_featured_media_url":"https:\/\/radiorevelacionfm.cl\/wp-content\/uploads\/2022\/12\/seremi-samuel-navarro-1-1.jpg","_links":{"self":[{"href":"https:\/\/radiorevelacionfm.cl\/index.php?rest_route=\/wp\/v2\/posts\/25986","targetHints":{"allow":["GET"]}}],"collection":[{"href":"https:\/\/radiorevelacionfm.cl\/index.php?rest_route=\/wp\/v2\/posts"}],"about":[{"href":"https:\/\/radiorevelacionfm.cl\/index.php?rest_route=\/wp\/v2\/types\/post"}],"author":[{"embeddable":true,"href":"https:\/\/radiorevelacionfm.cl\/index.php?rest_route=\/wp\/v2\/users\/1"}],"replies":[{"embeddable":true,"href":"https:\/\/radiorevelacionfm.cl\/index.php?rest_route=%2Fwp%2Fv2%2Fcomments&post=25986"}],"version-history":[{"count":2,"href":"https:\/\/radiorevelacionfm.cl\/index.php?rest_route=\/wp\/v2\/posts\/25986\/revisions"}],"predecessor-version":[{"id":26004,"href":"https:\/\/radiorevelacionfm.cl\/index.php?rest_route=\/wp\/v2\/posts\/25986\/revisions\/26004"}],"wp:featuredmedia":[{"embeddable":true,"href":"https:\/\/radiorevelacionfm.cl\/index.php?rest_route=\/wp\/v2\/media\/25987"}],"wp:attachment":[{"href":"https:\/\/radiorevelacionfm.cl\/index.php?rest_route=%2Fwp%2Fv2%2Fmedia&parent=25986"}],"wp:term":[{"taxonomy":"category","embeddable":true,"href":"https:\/\/radiorevelacionfm.cl\/index.php?rest_route=%2Fwp%2Fv2%2Fcategories&post=25986"},{"taxonomy":"post_tag","embeddable":true,"href":"https:\/\/radiorevelacionfm.cl\/index.php?rest_route=%2Fwp%2Fv2%2Ftags&post=25986"}],"curies":[{"name":"wp","href":"https:\/\/api.w.org\/{rel}","templated":true}]}}