{"id":25979,"date":"2022-12-28T15:28:00","date_gmt":"2022-12-28T18:28:00","guid":{"rendered":"https:\/\/radiorevelacionfm.cl\/?p=25979"},"modified":"2022-12-28T15:28:00","modified_gmt":"2022-12-28T18:28:00","slug":"investigacion-de-los-delitos-medioambientales-en-la-region-de-aysen","status":"publish","type":"post","link":"https:\/\/radiorevelacionfm.cl\/?p=25979","title":{"rendered":"Investigaci\u00f3n de los delitos medioambientales en la regi\u00f3n de Ays\u00e9n"},"content":{"rendered":"<div class=\"flex_column av_one_full  flex_column_div av-zero-column-padding first  avia-builder-el-0  el_before_av_one_full  avia-builder-el-first  \" style='border-radius:0px; '><div  class='avia-image-container  av-styling-    avia-builder-el-1  avia-builder-el-no-sibling  avia-align-center '  itemprop=\"image\" itemscope=\"itemscope\" itemtype=\"https:\/\/schema.org\/ImageObject\"  ><div class='avia-image-container-inner'><div class='avia-image-overlay-wrap'><img decoding=\"async\" class='wp-image-25980 avia-img-lazy-loading-not-25980 avia_image' src=\"https:\/\/radiorevelacionfm.cl\/wp-content\/uploads\/2022\/12\/referencial-bidema-agua-001-1-1_optimized.jpg\" alt='' title='referencial-bidema-agua-001-(1)-(1)_optimized' height=\"600\" width=\"904\"  itemprop=\"thumbnailUrl\" srcset=\"https:\/\/radiorevelacionfm.cl\/wp-content\/uploads\/2022\/12\/referencial-bidema-agua-001-1-1_optimized.jpg 904w, https:\/\/radiorevelacionfm.cl\/wp-content\/uploads\/2022\/12\/referencial-bidema-agua-001-1-1_optimized-300x199.jpg 300w, https:\/\/radiorevelacionfm.cl\/wp-content\/uploads\/2022\/12\/referencial-bidema-agua-001-1-1_optimized-768x510.jpg 768w, https:\/\/radiorevelacionfm.cl\/wp-content\/uploads\/2022\/12\/referencial-bidema-agua-001-1-1_optimized-705x468.jpg 705w, https:\/\/radiorevelacionfm.cl\/wp-content\/uploads\/2022\/12\/referencial-bidema-agua-001-1-1_optimized-600x398.jpg 600w\" sizes=\"(max-width: 904px) 100vw, 904px\" \/><\/div><\/div><\/div><\/div><div class=\"flex_column av_one_full  flex_column_div av-zero-column-padding first  avia-builder-el-2  el_after_av_one_full  el_before_av_one_full  column-top-margin\" style='border-radius:0px; '><section class=\"av_textblock_section \"  itemscope=\"itemscope\" itemtype=\"https:\/\/schema.org\/BlogPosting\" itemprop=\"blogPost\" ><div class='avia_textblock  '   itemprop=\"text\" ><p style=\"text-align: center;\"><span style=\"font-size: 18pt;\"><strong>Investigaci\u00f3n de los delitos medioambientales en la regi\u00f3n de Ays\u00e9n<\/strong><\/span><\/p>\n<div id=\"gtx-trans\" style=\"position: absolute; left: -50px; top: 4.31534px;\">\n<div class=\"gtx-trans-icon\"><\/div>\n<\/div>\n<\/div><\/section><\/div><div class=\"flex_column av_one_full  flex_column_div av-zero-column-padding first  avia-builder-el-4  el_after_av_one_full  el_before_av_hr  column-top-margin\" style='border-radius:0px; '><section class=\"av_textblock_section \"  itemscope=\"itemscope\" itemtype=\"https:\/\/schema.org\/BlogPosting\" itemprop=\"blogPost\" ><div class='avia_textblock  '   itemprop=\"text\" ><p style=\"text-align: justify;\">Los delitos medioambientales son definidos, seg\u00fan el Ministerio P\u00fablico, como aquellos hechos realizados intencionalmente, de manera accidental o negligente, que producen menoscabo o destrucci\u00f3n al ecosistema, las especies animales o vida vegetal, cuya protecci\u00f3n es considerada valiosa por el hombre para la mantenci\u00f3n de las condiciones de vida, salud, actividades econ\u00f3micas o culturales.<\/p>\n<p style=\"text-align: justify;\">En este sentido, la Polic\u00eda de Investigaciones de Chile desde el a\u00f1o 2002 cuenta con Brigadas especializadas en la investigaci\u00f3n de estos delitos, donde actualmente existen 9 unidades ubicadas estrat\u00e9gicamente a lo largo del pa\u00eds.<\/p>\n<p style=\"text-align: justify;\">A nivel regional, la PDI cuenta con una de ellas, se trata de la Brigada Investigadora de Delitos del Medio Ambiente y Patrimonio Cultural (BIDEMA) Ays\u00e9n, cuya jurisdicci\u00f3n abarca las regiones de Ays\u00e9n y Magallanes.<\/p>\n<p style=\"text-align: justify;\">Durante los dos \u00faltimos a\u00f1os, nuestra regi\u00f3n ha presentado diversos delitos medioambientales tales como, delitos contra la ley de bosques nativos, infracci\u00f3n de mataderos clandestinos, contaminaci\u00f3n ambiental, incendios de bosques, abandono o maltrato animal, entre otros, siendo este \u00faltimo il\u00edcito el que presenta una mayor presencia, con un total de 19 casos asociados a \u00f3rdenes de investigar o instrucciones particulares.<\/p>\n<p style=\"text-align: justify;\">Al respecto, el subprefecto Claudio Reyes, jefe de la unidad especializada, enfatiz\u00f3 que \u201csomos una polic\u00eda civil que investiga delitos complejos, y los delitos medioambientales son parte de ellos.\u00a0 Por otro lado, nuestro pa\u00eds posee una rica biodiversidad geogr\u00e1fica, es por ello que estos delitos var\u00edan seg\u00fan la zona donde se cometen, sin embargo, existen algunos que son transversales como es el abandono o maltrato animal que esta presente en todas las regiones del pa\u00eds\u201d.<\/p>\n<p style=\"text-align: justify;\">Cabe destacar, que los detectives que componen la BIDEMA Ays\u00e9n, son profesionales altamente capacitados y con conocimientos en distintas \u00e1reas, donde dentro de sus especialidades se encuentran m\u00e9dico veterinario, agr\u00f3nomo, bioingeniero, entre otros; trabajando adem\u00e1s de forma coordinada con profesionales peritos de las distintas secciones de los Laboratorios de Criminal\u00edstica, quienes realizan un estudio cient\u00edfico de las evidencias recopiladas.<\/p>\n<p style=\"text-align: justify;\">Es importante se\u00f1alar que, en las investigaciones por delitos medioambientales, al igual que en otros delitos complejos, la PDI establece coordinaciones con organismos internacionales, como Interpol, donde existe el Comit\u00e9 Ejecutivo Normativo Medioambiental (ECEC \u2013 Environmental Compliance and Enforcement Committee), cuyo prop\u00f3sito es favorecer el cumplimiento y la ejecuci\u00f3n de las normas y reforzar la colaboraci\u00f3n en la lucha contra este tipo de delitos enfocados en contaminaci\u00f3n, forestales, pesqueros y fauna silvestre.<\/p>\n<p style=\"text-align: justify;\">Finalmente, desde la PDI destacaron la necesidad de denunciar todo tipo de delito medioambiental para iniciar el proceso investigativo correspondiente \u201chacemos el llamado a denunciar todo hecho que transgreda o da\u00f1e la vegetaci\u00f3n, el maltrato animal, la contaminaci\u00f3n de agua o aire, en definitiva, cualquier il\u00edcito que pueda estar da\u00f1ando el ecosistema, con los antecedentes que nos puedan proporcionar a trav\u00e9s de sus denuncias vamos a poder realizar investigaciones y el esclarecimiento de estos delitos, aminorando los efectos nocivos que puedan causar\u201d, se\u00f1al\u00f3 el subprefecto Reyes.<\/p>\n<\/div><\/section><\/div><div  style='height:50px' class='hr hr-invisible   avia-builder-el-6  el_after_av_one_full  el_before_av_social_share '><span class='hr-inner ' ><span class='hr-inner-style'><\/span><\/span><\/div><\/p>\n<div  class='av-social-sharing-box  avia-builder-el-7  el_after_av_hr  el_before_av_hr  '><div class='av-share-box'><h5 class='av-share-link-description av-no-toc '>Compartir esta noticia<\/h5><ul class='av-share-box-list noLightbox'><li class='av-share-link av-social-link-facebook' ><a target=\"_blank\" aria-label=\"Compartir en Facebook\" href='https:\/\/www.facebook.com\/sharer.php?u=https:\/\/radiorevelacionfm.cl\/?p=25979&#038;t=Investigaci%C3%B3n%20de%20los%20delitos%20medioambientales%20en%20la%20regi%C3%B3n%20de%20Ays%C3%A9n' aria-hidden='false' data-av_icon='\ue8f3' data-av_iconfont='entypo-fontello' title='' data-avia-related-tooltip='Compartir en Facebook' rel=\"noopener\"><span class='avia_hidden_link_text'>Compartir en Facebook<\/span><\/a><\/li><li class='av-share-link av-social-link-twitter' ><a target=\"_blank\" aria-label=\"Compartir en Twitter\" href='https:\/\/twitter.com\/share?text=Investigaci%C3%B3n%20de%20los%20delitos%20medioambientales%20en%20la%20regi%C3%B3n%20de%20Ays%C3%A9n&#038;url=https:\/\/radiorevelacionfm.cl\/?p=25979' aria-hidden='false' data-av_icon='\ue8f1' data-av_iconfont='entypo-fontello' title='' data-avia-related-tooltip='Compartir en Twitter' rel=\"noopener\"><span class='avia_hidden_link_text'>Compartir en Twitter<\/span><\/a><\/li><li class='av-share-link av-social-link-whatsapp' ><a target=\"_blank\" aria-label=\"Compartir en Whatsapp\" href='https:\/\/api.whatsapp.com\/send?text=https:\/\/radiorevelacionfm.cl\/?p=25979' aria-hidden='false' data-av_icon='\uf232' data-av_iconfont='entypo-fontello' title='' data-avia-related-tooltip='Compartir en Whatsapp' rel=\"noopener\"><span class='avia_hidden_link_text'>Compartir en Whatsapp<\/span><\/a><\/li><li class='av-share-link av-social-link-linkedin' ><a target=\"_blank\" aria-label=\"Compartir en LinkedIn\" href='https:\/\/linkedin.com\/shareArticle?mini=true&#038;title=Investigaci%C3%B3n%20de%20los%20delitos%20medioambientales%20en%20la%20regi%C3%B3n%20de%20Ays%C3%A9n&#038;url=https:\/\/radiorevelacionfm.cl\/?p=25979' aria-hidden='false' data-av_icon='\ue8fc' data-av_iconfont='entypo-fontello' title='' data-avia-related-tooltip='Compartir en LinkedIn' rel=\"noopener\"><span class='avia_hidden_link_text'>Compartir en LinkedIn<\/span><\/a><\/li><li class='av-share-link av-social-link-mail' ><a  aria-label=\"Compartir por correo\" href='mailto:?subject=Investigaci%C3%B3n%20de%20los%20delitos%20medioambientales%20en%20la%20regi%C3%B3n%20de%20Ays%C3%A9n&#038;body=https:\/\/radiorevelacionfm.cl\/?p=25979' aria-hidden='false' data-av_icon='\ue805' data-av_iconfont='entypo-fontello' title='' data-avia-related-tooltip='Compartir por correo'><span class='avia_hidden_link_text'>Compartir por correo<\/span><\/a><\/li><\/ul><\/div><\/div>\n<div  style='height:50px' class='hr hr-invisible   avia-builder-el-8  el_after_av_social_share  el_before_av_comments_list '><span class='hr-inner ' ><span class='hr-inner-style'><\/span><\/span><\/div>\n<div  class='av-buildercomment  av-blog-meta-html-info-disabled av-blog-meta-tag-disabled  '><\/div>\n","protected":false},"excerpt":{"rendered":"","protected":false},"author":1,"featured_media":25980,"comment_status":"open","ping_status":"open","sticky":false,"template":"","format":"standard","meta":{"footnotes":""},"categories":[36],"tags":[],"class_list":["post-25979","post","type-post","status-publish","format-standard","has-post-thumbnail","hentry","category-policial"],"jetpack_featured_media_url":"https:\/\/radiorevelacionfm.cl\/wp-content\/uploads\/2022\/12\/referencial-bidema-agua-001-1-1_optimized.jpg","_links":{"self":[{"href":"https:\/\/radiorevelacionfm.cl\/index.php?rest_route=\/wp\/v2\/posts\/25979","targetHints":{"allow":["GET"]}}],"collection":[{"href":"https:\/\/radiorevelacionfm.cl\/index.php?rest_route=\/wp\/v2\/posts"}],"about":[{"href":"https:\/\/radiorevelacionfm.cl\/index.php?rest_route=\/wp\/v2\/types\/post"}],"author":[{"embeddable":true,"href":"https:\/\/radiorevelacionfm.cl\/index.php?rest_route=\/wp\/v2\/users\/1"}],"replies":[{"embeddable":true,"href":"https:\/\/radiorevelacionfm.cl\/index.php?rest_route=%2Fwp%2Fv2%2Fcomments&post=25979"}],"version-history":[{"count":2,"href":"https:\/\/radiorevelacionfm.cl\/index.php?rest_route=\/wp\/v2\/posts\/25979\/revisions"}],"predecessor-version":[{"id":25982,"href":"https:\/\/radiorevelacionfm.cl\/index.php?rest_route=\/wp\/v2\/posts\/25979\/revisions\/25982"}],"wp:featuredmedia":[{"embeddable":true,"href":"https:\/\/radiorevelacionfm.cl\/index.php?rest_route=\/wp\/v2\/media\/25980"}],"wp:attachment":[{"href":"https:\/\/radiorevelacionfm.cl\/index.php?rest_route=%2Fwp%2Fv2%2Fmedia&parent=25979"}],"wp:term":[{"taxonomy":"category","embeddable":true,"href":"https:\/\/radiorevelacionfm.cl\/index.php?rest_route=%2Fwp%2Fv2%2Fcategories&post=25979"},{"taxonomy":"post_tag","embeddable":true,"href":"https:\/\/radiorevelacionfm.cl\/index.php?rest_route=%2Fwp%2Fv2%2Ftags&post=25979"}],"curies":[{"name":"wp","href":"https:\/\/api.w.org\/{rel}","templated":true}]}}