{"id":25975,"date":"2022-12-28T12:19:43","date_gmt":"2022-12-28T15:19:43","guid":{"rendered":"https:\/\/radiorevelacionfm.cl\/?p=25975"},"modified":"2022-12-28T12:19:43","modified_gmt":"2022-12-28T15:19:43","slug":"seremi-de-culturas-aysen-cierra-el-2022-con-el-lanzamiento-de-patios-culturales","status":"publish","type":"post","link":"https:\/\/radiorevelacionfm.cl\/?p=25975","title":{"rendered":"Seremi de Culturas Ays\u00e9n cierra el 2022 con el lanzamiento de Patios Culturales"},"content":{"rendered":"<div class=\"flex_column av_one_full  flex_column_div av-zero-column-padding first  avia-builder-el-0  el_before_av_one_full  avia-builder-el-first  \" style='border-radius:0px; '><div  class='avia-image-container  av-styling-    avia-builder-el-1  avia-builder-el-no-sibling  avia-align-center '  itemprop=\"image\" itemscope=\"itemscope\" itemtype=\"https:\/\/schema.org\/ImageObject\"  ><div class='avia-image-container-inner'><div class='avia-image-overlay-wrap'><img decoding=\"async\" class='wp-image-25976 avia-img-lazy-loading-not-25976 avia_image' src=\"https:\/\/radiorevelacionfm.cl\/wp-content\/uploads\/2022\/12\/patios-3-1_optimized.jpg\" alt='' title='patios-3-(1)_optimized' height=\"600\" width=\"899\"  itemprop=\"thumbnailUrl\" srcset=\"https:\/\/radiorevelacionfm.cl\/wp-content\/uploads\/2022\/12\/patios-3-1_optimized.jpg 899w, https:\/\/radiorevelacionfm.cl\/wp-content\/uploads\/2022\/12\/patios-3-1_optimized-300x200.jpg 300w, https:\/\/radiorevelacionfm.cl\/wp-content\/uploads\/2022\/12\/patios-3-1_optimized-768x513.jpg 768w, https:\/\/radiorevelacionfm.cl\/wp-content\/uploads\/2022\/12\/patios-3-1_optimized-705x471.jpg 705w, https:\/\/radiorevelacionfm.cl\/wp-content\/uploads\/2022\/12\/patios-3-1_optimized-600x400.jpg 600w\" sizes=\"(max-width: 899px) 100vw, 899px\" \/><\/div><\/div><\/div><\/div><div class=\"flex_column av_one_full  flex_column_div av-zero-column-padding first  avia-builder-el-2  el_after_av_one_full  el_before_av_one_full  column-top-margin\" style='border-radius:0px; '><section class=\"av_textblock_section \"  itemscope=\"itemscope\" itemtype=\"https:\/\/schema.org\/BlogPosting\" itemprop=\"blogPost\" ><div class='avia_textblock  '   itemprop=\"text\" ><p style=\"text-align: center;\"><span style=\"font-size: 18pt;\"><b>Seremi de Culturas Ays\u00e9n cierra el 2022 con el lanzamiento de Patios Culturales<\/b><\/span><\/p>\n<div id=\"gtx-trans\" style=\"position: absolute; left: -50px; top: 4.31534px;\">\n<div class=\"gtx-trans-icon\"><\/div>\n<\/div>\n<\/div><\/section><\/div><div class=\"flex_column av_one_full  flex_column_div av-zero-column-padding first  avia-builder-el-4  el_after_av_one_full  el_before_av_hr  column-top-margin\" style='border-radius:0px; '><section class=\"av_textblock_section \"  itemscope=\"itemscope\" itemtype=\"https:\/\/schema.org\/BlogPosting\" itemprop=\"blogPost\" ><div class='avia_textblock  '   itemprop=\"text\" ><p style=\"text-align: justify;\">Usar y recuperar los espacios p\u00fablicos, promover el encuentro en los barrios y propiciar una convivencia sana y familiar son los objetivos de la iniciativa Patios Culturales, que lanz\u00f3 el seremi de Culturas Ays\u00e9n, Felipe Quiroz, junto al encargado de Seguridad de la Subsecretar\u00eda de Prevenci\u00f3n del Delito en la regi\u00f3n, Crist\u00f3bal Barcel\u00f3.<\/p>\n<p style=\"text-align: justify;\">Ni\u00f1os y ni\u00f1as de la poblaci\u00f3n El Bosque de Coyhaique disfrutaron junto a sus familias de una festiva jornada de juegos, t\u00edteres y actividad f\u00edsica, a cargo de la compa\u00f1\u00eda Vuelo Teatro, dando inicio a Patios Culturales, parte del programa Somos Barrio de la Subsecretar\u00eda de Prevenci\u00f3n de Delito, que tuvo su plan piloto en la Regi\u00f3n Metropolitana.<\/p>\n<p style=\"text-align: justify;\">Para el seremi de Culturas Ays\u00e9n, Felipe Quiroz, se trata de \u201cun esfuerzo conjunto de los ministerios de Culturas e Interior para generar un cruce virtuoso entre artes, culturas, comunidades y espacios p\u00fablicos, brindando las condiciones para proponer una cartelera de actividades que permita un uso continuo y una recuperaci\u00f3n de las plazas, parques y todos los sitios que son de los vecinos y vecinas de nuestra ciudad, que merecen sentirse seguros en sus barrios\u201d.<\/p>\n<p style=\"text-align: justify;\">Crist\u00f3bal Barcel\u00f3, encargado de Seguridad de la Subsecretar\u00eda de Prevenci\u00f3n del Delito en Ays\u00e9n, dijo que \u201cpara nosotros es fundamental el trabajo con las comunidades y poder contar con esta articulaci\u00f3n intersectorial, que finalmente nos permite generar una oferta para que los j\u00f3venes no est\u00e9n involucrados en situaciones delictuales y que finalmente tengan una oportunidad de poder ocupar los espacios de buena manera, trabajando en conjunto y, por supuesto, teniendo siempre el respaldo de las instituciones del Estado\u201d.<\/p>\n<p style=\"text-align: justify;\">De este modo, la seremi de Culturas Ays\u00e9n cierra un 2022 que estuvo marcado por la reapertura pospandemia, la normalizaci\u00f3n de los aforos en espacios culturales y el regreso de la vida cultural a los espacios p\u00fablicos.<\/p>\n<\/div><\/section><\/div><div  style='height:50px' class='hr hr-invisible   avia-builder-el-6  el_after_av_one_full  el_before_av_social_share '><span class='hr-inner ' ><span class='hr-inner-style'><\/span><\/span><\/div><\/p>\n<div  class='av-social-sharing-box  avia-builder-el-7  el_after_av_hr  el_before_av_hr  '><div class='av-share-box'><h5 class='av-share-link-description av-no-toc '>Compartir esta noticia<\/h5><ul class='av-share-box-list noLightbox'><li class='av-share-link av-social-link-facebook' ><a target=\"_blank\" aria-label=\"Compartir en Facebook\" href='https:\/\/www.facebook.com\/sharer.php?u=https:\/\/radiorevelacionfm.cl\/?p=25975&#038;t=Seremi%20de%20Culturas%20Ays%C3%A9n%20cierra%20el%202022%20con%20el%20lanzamiento%20de%20Patios%20Culturales' aria-hidden='false' data-av_icon='\ue8f3' data-av_iconfont='entypo-fontello' title='' data-avia-related-tooltip='Compartir en Facebook' rel=\"noopener\"><span class='avia_hidden_link_text'>Compartir en Facebook<\/span><\/a><\/li><li class='av-share-link av-social-link-twitter' ><a target=\"_blank\" aria-label=\"Compartir en Twitter\" href='https:\/\/twitter.com\/share?text=Seremi%20de%20Culturas%20Ays%C3%A9n%20cierra%20el%202022%20con%20el%20lanzamiento%20de%20Patios%20Culturales&#038;url=https:\/\/radiorevelacionfm.cl\/?p=25975' aria-hidden='false' data-av_icon='\ue8f1' data-av_iconfont='entypo-fontello' title='' data-avia-related-tooltip='Compartir en Twitter' rel=\"noopener\"><span class='avia_hidden_link_text'>Compartir en Twitter<\/span><\/a><\/li><li class='av-share-link av-social-link-whatsapp' ><a target=\"_blank\" aria-label=\"Compartir en Whatsapp\" href='https:\/\/api.whatsapp.com\/send?text=https:\/\/radiorevelacionfm.cl\/?p=25975' aria-hidden='false' data-av_icon='\uf232' data-av_iconfont='entypo-fontello' title='' data-avia-related-tooltip='Compartir en Whatsapp' rel=\"noopener\"><span class='avia_hidden_link_text'>Compartir en Whatsapp<\/span><\/a><\/li><li class='av-share-link av-social-link-linkedin' ><a target=\"_blank\" aria-label=\"Compartir en LinkedIn\" href='https:\/\/linkedin.com\/shareArticle?mini=true&#038;title=Seremi%20de%20Culturas%20Ays%C3%A9n%20cierra%20el%202022%20con%20el%20lanzamiento%20de%20Patios%20Culturales&#038;url=https:\/\/radiorevelacionfm.cl\/?p=25975' aria-hidden='false' data-av_icon='\ue8fc' data-av_iconfont='entypo-fontello' title='' data-avia-related-tooltip='Compartir en LinkedIn' rel=\"noopener\"><span class='avia_hidden_link_text'>Compartir en LinkedIn<\/span><\/a><\/li><li class='av-share-link av-social-link-mail' ><a  aria-label=\"Compartir por correo\" href='mailto:?subject=Seremi%20de%20Culturas%20Ays%C3%A9n%20cierra%20el%202022%20con%20el%20lanzamiento%20de%20Patios%20Culturales&#038;body=https:\/\/radiorevelacionfm.cl\/?p=25975' aria-hidden='false' data-av_icon='\ue805' data-av_iconfont='entypo-fontello' title='' data-avia-related-tooltip='Compartir por correo'><span class='avia_hidden_link_text'>Compartir por correo<\/span><\/a><\/li><\/ul><\/div><\/div>\n<div  style='height:50px' class='hr hr-invisible   avia-builder-el-8  el_after_av_social_share  el_before_av_comments_list '><span class='hr-inner ' ><span class='hr-inner-style'><\/span><\/span><\/div>\n<div  class='av-buildercomment  av-blog-meta-html-info-disabled av-blog-meta-tag-disabled  '><\/div>\n","protected":false},"excerpt":{"rendered":"","protected":false},"author":1,"featured_media":25976,"comment_status":"open","ping_status":"open","sticky":false,"template":"","format":"standard","meta":{"footnotes":""},"categories":[52],"tags":[],"class_list":["post-25975","post","type-post","status-publish","format-standard","has-post-thumbnail","hentry","category-cultura"],"jetpack_featured_media_url":"https:\/\/radiorevelacionfm.cl\/wp-content\/uploads\/2022\/12\/patios-3-1_optimized.jpg","_links":{"self":[{"href":"https:\/\/radiorevelacionfm.cl\/index.php?rest_route=\/wp\/v2\/posts\/25975","targetHints":{"allow":["GET"]}}],"collection":[{"href":"https:\/\/radiorevelacionfm.cl\/index.php?rest_route=\/wp\/v2\/posts"}],"about":[{"href":"https:\/\/radiorevelacionfm.cl\/index.php?rest_route=\/wp\/v2\/types\/post"}],"author":[{"embeddable":true,"href":"https:\/\/radiorevelacionfm.cl\/index.php?rest_route=\/wp\/v2\/users\/1"}],"replies":[{"embeddable":true,"href":"https:\/\/radiorevelacionfm.cl\/index.php?rest_route=%2Fwp%2Fv2%2Fcomments&post=25975"}],"version-history":[{"count":2,"href":"https:\/\/radiorevelacionfm.cl\/index.php?rest_route=\/wp\/v2\/posts\/25975\/revisions"}],"predecessor-version":[{"id":25978,"href":"https:\/\/radiorevelacionfm.cl\/index.php?rest_route=\/wp\/v2\/posts\/25975\/revisions\/25978"}],"wp:featuredmedia":[{"embeddable":true,"href":"https:\/\/radiorevelacionfm.cl\/index.php?rest_route=\/wp\/v2\/media\/25976"}],"wp:attachment":[{"href":"https:\/\/radiorevelacionfm.cl\/index.php?rest_route=%2Fwp%2Fv2%2Fmedia&parent=25975"}],"wp:term":[{"taxonomy":"category","embeddable":true,"href":"https:\/\/radiorevelacionfm.cl\/index.php?rest_route=%2Fwp%2Fv2%2Fcategories&post=25975"},{"taxonomy":"post_tag","embeddable":true,"href":"https:\/\/radiorevelacionfm.cl\/index.php?rest_route=%2Fwp%2Fv2%2Ftags&post=25975"}],"curies":[{"name":"wp","href":"https:\/\/api.w.org\/{rel}","templated":true}]}}