{"id":25963,"date":"2022-12-28T09:35:59","date_gmt":"2022-12-28T12:35:59","guid":{"rendered":"https:\/\/radiorevelacionfm.cl\/?p=25963"},"modified":"2022-12-28T09:35:59","modified_gmt":"2022-12-28T12:35:59","slug":"participantes-del-programa-mujeres-jefas-de-hogar-fueron-certificadas-tras-capacitarse-en-el-fortalecimiento-de-sus-iniciativas-productivas","status":"publish","type":"post","link":"https:\/\/radiorevelacionfm.cl\/?p=25963","title":{"rendered":"Participantes del programa Mujeres Jefas de Hogar fueron certificadas tras capacitarse en el fortalecimiento de sus iniciativas productivas"},"content":{"rendered":"<div class=\"flex_column av_one_full  flex_column_div av-zero-column-padding first  avia-builder-el-0  el_before_av_one_full  avia-builder-el-first  \" style='border-radius:0px; '><div  class='avia-image-container  av-styling-    avia-builder-el-1  avia-builder-el-no-sibling  avia-align-center '  itemprop=\"image\" itemscope=\"itemscope\" itemtype=\"https:\/\/schema.org\/ImageObject\"  ><div class='avia-image-container-inner'><div class='avia-image-overlay-wrap'><img decoding=\"async\" class='wp-image-25964 avia-img-lazy-loading-not-25964 avia_image' src=\"https:\/\/radiorevelacionfm.cl\/wp-content\/uploads\/2022\/12\/Certificacion-MJH-Aysen-8-1-1.jpg\" alt='' title='Certificaci\u00f3n MJH Ays\u00e9n (8) (1) (1)' height=\"600\" width=\"1067\"  itemprop=\"thumbnailUrl\" srcset=\"https:\/\/radiorevelacionfm.cl\/wp-content\/uploads\/2022\/12\/Certificacion-MJH-Aysen-8-1-1.jpg 1067w, https:\/\/radiorevelacionfm.cl\/wp-content\/uploads\/2022\/12\/Certificacion-MJH-Aysen-8-1-1-300x169.jpg 300w, https:\/\/radiorevelacionfm.cl\/wp-content\/uploads\/2022\/12\/Certificacion-MJH-Aysen-8-1-1-1030x579.jpg 1030w, https:\/\/radiorevelacionfm.cl\/wp-content\/uploads\/2022\/12\/Certificacion-MJH-Aysen-8-1-1-768x432.jpg 768w, https:\/\/radiorevelacionfm.cl\/wp-content\/uploads\/2022\/12\/Certificacion-MJH-Aysen-8-1-1-705x396.jpg 705w, https:\/\/radiorevelacionfm.cl\/wp-content\/uploads\/2022\/12\/Certificacion-MJH-Aysen-8-1-1-600x337.jpg 600w\" sizes=\"(max-width: 1067px) 100vw, 1067px\" \/><\/div><\/div><\/div><\/div><div class=\"flex_column av_one_full  flex_column_div av-zero-column-padding first  avia-builder-el-2  el_after_av_one_full  el_before_av_one_full  column-top-margin\" style='border-radius:0px; '><section class=\"av_textblock_section \"  itemscope=\"itemscope\" itemtype=\"https:\/\/schema.org\/BlogPosting\" itemprop=\"blogPost\" ><div class='avia_textblock  '   itemprop=\"text\" ><p style=\"text-align: center;\"><strong><span style=\"font-size: 18pt;\">Participantes del programa Mujeres Jefas de Hogar fueron certificadas tras capacitarse en el fortalecimiento de sus iniciativas\u00a0<span lang=\"ES\">productivas<\/span><\/span><\/strong><\/p>\n<div id=\"gtx-trans\" style=\"position: absolute; left: -50px; top: 4.31534px;\">\n<div class=\"gtx-trans-icon\"><\/div>\n<\/div>\n<\/div><\/section><\/div><div class=\"flex_column av_one_full  flex_column_div av-zero-column-padding first  avia-builder-el-4  el_after_av_one_full  el_before_av_hr  column-top-margin\" style='border-radius:0px; '><section class=\"av_textblock_section \"  itemscope=\"itemscope\" itemtype=\"https:\/\/schema.org\/BlogPosting\" itemprop=\"blogPost\" ><div class='avia_textblock  '   itemprop=\"text\" ><p style=\"font-weight: 400; text-align: justify;\">Tras finalizar la capacitaci\u00f3n en l\u00ednea denominada \u201cPlan de fortalecimiento a las iniciativas productivas de las participantes del programa Mujeres Jefas de Hogar de la comuna de Ays\u00e9n\u201d, se llev\u00f3 a cabo la ceremonia de certificaci\u00f3n telem\u00e1tica. La intervenci\u00f3n program\u00e1tica, del Servicio Nacional de la Mujer y la Equidad de G\u00e9nero, SernamEG, promueve la autonom\u00eda econ\u00f3mica de las mujeres y se ejecuta en convenio con la Municipalidad de Ays\u00e9n.<\/p>\n<p style=\"font-weight: 400; text-align: justify;\">La ejecuci\u00f3n de la capacitaci\u00f3n estuvo a cargo de la OTEC Gale\u00f3n, con un total de 12 horas de trabajo, la cual cont\u00f3 con el apoyo del equipo ejecutor comunal y de la direcci\u00f3n regional de SernamEG. Entre los principales objetivos de la iniciativa fue el de promover la adaptaci\u00f3n y mejoramiento de la gesti\u00f3n de los negocios de las participantes, en el marco de la crisis sanitaria por el COVID- 19. De la misma manera, se les prest\u00f3 asesor\u00eda y evaluaci\u00f3n en la formulaci\u00f3n de un plan de negocios para guiar la sustentabilidad de sus iniciativas productivas. De manera previa al inicio de la capacitaci\u00f3n, a cada participante se le hizo entrega de una tablet cargada con bolsas ilimitadas de datos y voz; elementos tecnol\u00f3gicos relevantes para apoyar la participaci\u00f3n y aprendizajes de las mujeres de manera remota.<\/p>\n<p style=\"font-weight: 400; text-align: justify;\">Durante su intervenci\u00f3n en la ceremonia, la Directora Regional (S) de SernamEG, Carla Arriagada Malague\u00f1o, dijo: \u201cla capacitaci\u00f3n continua permite darle cuerpo a estas iniciativas de negocios, as\u00ed lo pudimos apreciar en el material audiovisual que se proyect\u00f3 en esta ceremonia, el que da cuenta de c\u00f3mo, desde la idea principal que ustedes pudieron haber tenido sobre una idea de negocio o bien de un microemprendimiento, que hayan reci\u00e9n iniciado pudieron llevar estos nuevos conocimientos a la pr\u00e1ctica. Es tremendamente valioso tener estas instancias, pero lo es a\u00fan m\u00e1s, el terminar los procesos con todos los esfuerzos que eso conlleva, porque sabemos que culturalmente tenemos asociados roles como el del cuidado y el trabajo dom\u00e9stico; lo que hace m\u00e1s dif\u00edcil finalizar los procesos educativos. Por lo tanto, el esfuerzo y el tiempo tiene un triple m\u00e9rito\u201d.<\/p>\n<p style=\"font-weight: 400; text-align: justify;\">Por su parte, la Directora (S) de la Direcci\u00f3n de Desarrollo Comunitario de la Municipalidad de Ays\u00e9n, Daniela Mera Williams, sostuvo que \u201cquiero saludar a todas las mujeres que nos acompa\u00f1an y participaron en este plan de fortalecimiento de iniciativas productivas. Las felicito a nombre del se\u00f1or Alcalde de Ays\u00e9n, Julio Alvarado Uribe, y las incentivo a que puedan continuar trabajando y empoder\u00e1ndose en su autonom\u00eda econ\u00f3mica, para as\u00ed poder apoyar a su grupo familiar. Espero que esta capacitaci\u00f3n les haya servido a cada una de ustedes\u201d.<\/p>\n<p style=\"font-weight: 400; text-align: justify;\">Una de las participantes de la capacitaci\u00f3n, Natali Vidal Oyarzo, entreg\u00f3 su testimonio. \u201cAgradezco al se\u00f1or Alcalde por continuar ejecutando el programa Mujeres Jefas de Hogar y a la se\u00f1orita Natalia Vargas por estar siempre apoy\u00e1ndonos cuando lo necesitamos. A nombre de las 10 participantes que fuimos parte de esta capacitaci\u00f3n y que la finalizamos quiero expresar nuestra alegr\u00eda por este logro que nos permiti\u00f3 adquirir valiosos conocimientos\u201d, manifest\u00f3.<\/p>\n<p style=\"font-weight: 400; text-align: justify;\">En la comuna de Ays\u00e9n son 180 las mujeres que participan en el programa Mujeres Jefas de Hogar cada a\u00f1o, de ellas 90 vienen con su trayectoria del a\u00f1o anterior y las terminan este a\u00f1o, a las que se suman 90 nuevas participantes ingreso 2022 que culminar\u00e1n su Proyecto Laboral a mediados del 2023. Las mujeres que ingresan en el a\u00f1o inician su participaci\u00f3n con los \u201cTalleres de Formaci\u00f3n para el Trabajo\u201d; ejecutados por el equipo comunal del programa, con asesor\u00eda t\u00e9cnica del SernamEG Regional.<\/p>\n<p style=\"font-weight: 400; text-align: justify;\">Otra de las etapas del proceso es la elaboraci\u00f3n de los proyectos laborales individuales \u2013 ya sea de las l\u00edneas de trabajo dependiente o independiente- seg\u00fan sea la definici\u00f3n de cada persona; los que pueden incluir intermediaci\u00f3n y colocaci\u00f3n laboral, capacitaci\u00f3n en oficios, apoyo al emprendimiento. Adem\u00e1s, se incluyen componentes transversales para mejorar sus condiciones de empleabilidad, tales como acceso a educaci\u00f3n parvularia para ni\u00f1as y ni\u00f1os, quienes est\u00e1n a cargo de las usuarias, nivelaci\u00f3n de estudios, alfabetizaci\u00f3n digital y prestaciones de salud.<\/p>\n<p style=\"font-weight: 400; text-align: justify;\">A mediados del mes de enero del a\u00f1o 2023, se abrir\u00e1n las postulaciones del programa a nivel local, y las mujeres interesadas pueden acudir a la Oficina del programa Mujeres Jefas de Hogar, que funciona en la DIDECO de la Municipalidad de Ays\u00e9n, ubicada en calle Teniente Merino N\u00b0630 en Puerto Ays\u00e9n.<\/p>\n<\/div><\/section><\/div><div  style='height:50px' class='hr hr-invisible   avia-builder-el-6  el_after_av_one_full  el_before_av_social_share '><span class='hr-inner ' ><span class='hr-inner-style'><\/span><\/span><\/div><\/p>\n<div  class='av-social-sharing-box  avia-builder-el-7  el_after_av_hr  el_before_av_hr  '><div class='av-share-box'><h5 class='av-share-link-description av-no-toc '>Compartir esta noticia<\/h5><ul class='av-share-box-list noLightbox'><li class='av-share-link av-social-link-facebook' ><a target=\"_blank\" aria-label=\"Compartir en Facebook\" href='https:\/\/www.facebook.com\/sharer.php?u=https:\/\/radiorevelacionfm.cl\/?p=25963&#038;t=Participantes%20del%20programa%20Mujeres%20Jefas%20de%20Hogar%20fueron%20certificadas%20tras%20capacitarse%20en%20el%20fortalecimiento%20de%20sus%20iniciativas%20productivas' aria-hidden='false' data-av_icon='\ue8f3' data-av_iconfont='entypo-fontello' title='' data-avia-related-tooltip='Compartir en Facebook' rel=\"noopener\"><span class='avia_hidden_link_text'>Compartir en Facebook<\/span><\/a><\/li><li class='av-share-link av-social-link-twitter' ><a target=\"_blank\" aria-label=\"Compartir en Twitter\" href='https:\/\/twitter.com\/share?text=Participantes%20del%20programa%20Mujeres%20Jefas%20de%20Hogar%20fueron%20certificadas%20tras%20capacitarse%20en%20el%20fortalecimiento%20de%20sus%20iniciativas%20productivas&#038;url=https:\/\/radiorevelacionfm.cl\/?p=25963' aria-hidden='false' data-av_icon='\ue8f1' data-av_iconfont='entypo-fontello' title='' data-avia-related-tooltip='Compartir en Twitter' rel=\"noopener\"><span class='avia_hidden_link_text'>Compartir en Twitter<\/span><\/a><\/li><li class='av-share-link av-social-link-whatsapp' ><a target=\"_blank\" aria-label=\"Compartir en Whatsapp\" href='https:\/\/api.whatsapp.com\/send?text=https:\/\/radiorevelacionfm.cl\/?p=25963' aria-hidden='false' data-av_icon='\uf232' data-av_iconfont='entypo-fontello' title='' data-avia-related-tooltip='Compartir en Whatsapp' rel=\"noopener\"><span class='avia_hidden_link_text'>Compartir en Whatsapp<\/span><\/a><\/li><li class='av-share-link av-social-link-linkedin' ><a target=\"_blank\" aria-label=\"Compartir en LinkedIn\" href='https:\/\/linkedin.com\/shareArticle?mini=true&#038;title=Participantes%20del%20programa%20Mujeres%20Jefas%20de%20Hogar%20fueron%20certificadas%20tras%20capacitarse%20en%20el%20fortalecimiento%20de%20sus%20iniciativas%20productivas&#038;url=https:\/\/radiorevelacionfm.cl\/?p=25963' aria-hidden='false' data-av_icon='\ue8fc' data-av_iconfont='entypo-fontello' title='' data-avia-related-tooltip='Compartir en LinkedIn' rel=\"noopener\"><span class='avia_hidden_link_text'>Compartir en LinkedIn<\/span><\/a><\/li><li class='av-share-link av-social-link-mail' ><a  aria-label=\"Compartir por correo\" href='mailto:?subject=Participantes%20del%20programa%20Mujeres%20Jefas%20de%20Hogar%20fueron%20certificadas%20tras%20capacitarse%20en%20el%20fortalecimiento%20de%20sus%20iniciativas%20productivas&#038;body=https:\/\/radiorevelacionfm.cl\/?p=25963' aria-hidden='false' data-av_icon='\ue805' data-av_iconfont='entypo-fontello' title='' data-avia-related-tooltip='Compartir por correo'><span class='avia_hidden_link_text'>Compartir por correo<\/span><\/a><\/li><\/ul><\/div><\/div>\n<div  style='height:50px' class='hr hr-invisible   avia-builder-el-8  el_after_av_social_share  el_before_av_comments_list '><span class='hr-inner ' ><span class='hr-inner-style'><\/span><\/span><\/div>\n<div  class='av-buildercomment  av-blog-meta-html-info-disabled av-blog-meta-tag-disabled  '><\/div>\n","protected":false},"excerpt":{"rendered":"","protected":false},"author":1,"featured_media":25964,"comment_status":"open","ping_status":"open","sticky":false,"template":"","format":"standard","meta":{"footnotes":""},"categories":[38],"tags":[],"class_list":["post-25963","post","type-post","status-publish","format-standard","has-post-thumbnail","hentry","category-regional"],"jetpack_featured_media_url":"https:\/\/radiorevelacionfm.cl\/wp-content\/uploads\/2022\/12\/Certificacion-MJH-Aysen-8-1-1.jpg","_links":{"self":[{"href":"https:\/\/radiorevelacionfm.cl\/index.php?rest_route=\/wp\/v2\/posts\/25963","targetHints":{"allow":["GET"]}}],"collection":[{"href":"https:\/\/radiorevelacionfm.cl\/index.php?rest_route=\/wp\/v2\/posts"}],"about":[{"href":"https:\/\/radiorevelacionfm.cl\/index.php?rest_route=\/wp\/v2\/types\/post"}],"author":[{"embeddable":true,"href":"https:\/\/radiorevelacionfm.cl\/index.php?rest_route=\/wp\/v2\/users\/1"}],"replies":[{"embeddable":true,"href":"https:\/\/radiorevelacionfm.cl\/index.php?rest_route=%2Fwp%2Fv2%2Fcomments&post=25963"}],"version-history":[{"count":2,"href":"https:\/\/radiorevelacionfm.cl\/index.php?rest_route=\/wp\/v2\/posts\/25963\/revisions"}],"predecessor-version":[{"id":25966,"href":"https:\/\/radiorevelacionfm.cl\/index.php?rest_route=\/wp\/v2\/posts\/25963\/revisions\/25966"}],"wp:featuredmedia":[{"embeddable":true,"href":"https:\/\/radiorevelacionfm.cl\/index.php?rest_route=\/wp\/v2\/media\/25964"}],"wp:attachment":[{"href":"https:\/\/radiorevelacionfm.cl\/index.php?rest_route=%2Fwp%2Fv2%2Fmedia&parent=25963"}],"wp:term":[{"taxonomy":"category","embeddable":true,"href":"https:\/\/radiorevelacionfm.cl\/index.php?rest_route=%2Fwp%2Fv2%2Fcategories&post=25963"},{"taxonomy":"post_tag","embeddable":true,"href":"https:\/\/radiorevelacionfm.cl\/index.php?rest_route=%2Fwp%2Fv2%2Ftags&post=25963"}],"curies":[{"name":"wp","href":"https:\/\/api.w.org\/{rel}","templated":true}]}}