{"id":2596,"date":"2021-02-14T18:41:13","date_gmt":"2021-02-14T21:41:13","guid":{"rendered":"https:\/\/radiorevelacionfm.cl\/?p=2596"},"modified":"2021-02-14T18:41:13","modified_gmt":"2021-02-14T21:41:13","slug":"atenciones-a-vecinos-marcaron-la-visita-al-norte-de-la-region-por-parte-de-bienes-nacionales","status":"publish","type":"post","link":"https:\/\/radiorevelacionfm.cl\/?p=2596","title":{"rendered":"Atenciones a vecinos marcaron la visita al norte de la regi\u00f3n por parte de Bienes Nacionales"},"content":{"rendered":"<div class=\"flex_column av_one_full  flex_column_div av-zero-column-padding first  avia-builder-el-0  el_before_av_one_full  avia-builder-el-first  \" style='border-radius:0px; '><div  class='avia-image-container  av-styling-    avia-builder-el-1  avia-builder-el-no-sibling  avia-align-center '  itemprop=\"image\" itemscope=\"itemscope\" itemtype=\"https:\/\/schema.org\/ImageObject\"  ><div class='avia-image-container-inner'><div class='avia-image-overlay-wrap'><img decoding=\"async\" class='wp-image-0 avia-img-lazy-loading-not-0 avia_image' src=\"https:\/\/radiorevelacionfm.cl\/wp-content\/uploads\/2021\/02\/bbnn_img_1375_optimized.jpg\" alt='' title=''   itemprop=\"thumbnailUrl\"  \/><\/div><\/div><\/div><\/div><div class=\"flex_column av_one_full  flex_column_div av-zero-column-padding first  avia-builder-el-2  el_after_av_one_full  el_before_av_one_full  column-top-margin\" style='border-radius:0px; '><section class=\"av_textblock_section \"  itemscope=\"itemscope\" itemtype=\"https:\/\/schema.org\/BlogPosting\" itemprop=\"blogPost\" ><div class='avia_textblock  '   itemprop=\"text\" ><p style=\"text-align: center;\"><span style=\"font-size: 18pt;\"><strong>Atenciones a vecinos marcaron la visita al norte de la regi\u00f3n por parte de Bienes Nacionales<\/strong><\/span><\/p>\n<div id=\"gtx-trans\" style=\"position: absolute; left: -50px; top: 4.31534px;\">\n<div class=\"gtx-trans-icon\"><\/div>\n<\/div>\n<\/div><\/section><\/div><div class=\"flex_column av_one_full  flex_column_div av-zero-column-padding first  avia-builder-el-4  el_after_av_one_full  el_before_av_hr  column-top-margin\" style='border-radius:0px; '><section class=\"av_textblock_section \"  itemscope=\"itemscope\" itemtype=\"https:\/\/schema.org\/BlogPosting\" itemprop=\"blogPost\" ><div class='avia_textblock  '   itemprop=\"text\" ><p style=\"text-align: justify;\"><em>El extenso recorrido permiti\u00f3 ejercer acciones en las localidades de Puerto Cisnes, Puyuhuapi, La Junta y Lago Verde. <\/em><\/p>\n<p style=\"text-align: justify;\">Sabido es que muchos de los servicios y trabajos que comprenden desplazarse por la Carretera Austral se concentran en la temporada estival, dado lo complejo que se torna recorrerla en condiciones clim\u00e1ticas adversas, y Bienes Nacionales que debe desarrollar muchas de sus labores en terreno, no es la excepci\u00f3n. Es as\u00ed, que la Seremi de la cartera que administra el territorio fiscal, Ana Mar\u00eda Mora y un equipo t\u00e9cnico, se desplegaron por la parte norte de la regi\u00f3n, para llegar con informaci\u00f3n; realizar atenciones de p\u00fablico; reunirse con autoridades locales, ciudadanos y dirigentes sociales.<\/p>\n<p style=\"text-align: justify;\">El itinerario se inici\u00f3 en Cisnes donde el equipo pudo reunirse con el alcalde y funcionarios municipales de la Direcci\u00f3n de Obras, oportunidad para conocer sobre las principales proyecciones urbanas en Puerto Cisnes, fiscalizar el uso que actualmente se hace de los inmuebles fiscales, identificar situaciones de ocupaci\u00f3n y sus posibles soluciones.<\/p>\n<p style=\"text-align: justify;\">El trabajo continu\u00f3 en la localidad de Puyuhuapi lugar en el que se realizaron atenciones de p\u00fablico en la delegaci\u00f3n municipal y se pudo hacer la entrega de la esperada carpeta con su t\u00edtulo de propiedad a don Santos D\u00edaz, vecino nacido en el tur\u00edstico poblado. \u201cYo comenc\u00e9 hace harto tiempo atr\u00e1s con la regularizaci\u00f3n de mi terreno, plante\u00e9 mi caso en distintas partes a quienes le hice conocer lo que yo quer\u00eda, hasta que sali\u00f3, esto me deja muy feliz\u201d.<\/p>\n<p style=\"text-align: justify;\">\u00a0\u201cCada una de estos cometidos y como me lo pidi\u00f3 el ministro Isamit al momento de asumir en el cargo, fue dar prioridad al trabajo en terreno, atender todas las solicitudes sin distingo, tanto de las instituciones dedicadas al servicio p\u00fablico, como lo son los municipios; de cada uno de nuestros usuarios; o de quien nos requiera. Nuestra presencia en los territorios se hace cada vez m\u00e1s urgente ya que son las personas quienes est\u00e1n levantando nuevas iniciativas que apuntan a revitalizar nuestras econom\u00edas, mejorar ingresos para el sustento de sus familias, por eso seguiremos programando nuevas salidas, escuchando y dialogando en cada lugar al que lleguemos manteniendo siempre el compromiso de apurar el tranco para responder a los casos que se arrastran por a\u00f1os en nuestra regi\u00f3n, en eso concentraremos nuestras energ\u00edas\u201d, expuso la Seremi Ana Mar\u00eda Mora Araneda.<\/p>\n<p style=\"text-align: justify;\"><u>Ganaderos de La Junta<\/u><\/p>\n<p style=\"text-align: justify;\">En la escuela Eusebio Ibar de La Junta la Seremi de Bienes, junto a su par de Agricultura Felipe Henr\u00edquez Raglianti, se reunieron con un grupo de 10 productores ganaderos, quienes plantearon a las autoridades la necesidad de conocer en detalle los l\u00edmites del Parque Nacional Corcovado, con el cual colindan sus predios.<\/p>\n<p style=\"text-align: justify;\">De esta manera, la necesidad de informaci\u00f3n por parte de los productos fue explicada por el Seremi de Agricultura Ays\u00e9n. \u201cQuiero agradecer a todo el equipo de Bienes Nacionales, encabezado por Ana Mar\u00eda, quienes de manera muy diligente vinieron hasta La Junta a atender un tema que tiene que ver con el accionar del Ministerio de Tierras,\u00a0 desde hace ya varios meses venimos trabajando con distintos productores y habitantes del sector Palena norte, que ven en los l\u00edmites del Parque Nacional Corcovado algunas discrepancias, algo que le hice ver a la Seremi e inmediatamente ella me solicit\u00f3 que coordin\u00e1ramos esta reuni\u00f3n para poder atender cara a cara a los productores. Creo que esto habla muy bien del trabajo que estamos realizando desde la administraci\u00f3n del presidente Pi\u00f1era, en lo que tiene que ver con la pol\u00edtica nacional de desarrollo rural, donde los distintos ministerios y servicios, nos coordinamos y nos ponemos a disposici\u00f3n para poder enfrentar y solucionar las problem\u00e1ticas que enfrenta la gente del mundo rural\u201d.<\/p>\n<p style=\"text-align: justify;\">Complementando lo expuesto por el Seremi Henr\u00edquez el productor ganadero Yuri Arre agreg\u00f3 que, \u201centendemos que hay diferencias en los l\u00edmites y eso lo queremos aclarar en el proceso que iniciamos hoy d\u00eda y que se har\u00e1 en la Conaf local, cada propietario revisar\u00e1 sus l\u00edmites respecto al Parque. Nos parece muy bien que se hagan este tipo de actividades, lamentablemente la pandemia nos ha limitado a realizar m\u00e1s reuniones. Es importante que la autoridad entienda que cada vez que se haga un plan grande se priorice la participaci\u00f3n ciudadana, as\u00ed evitamos cualquier tipo de discrepancias o dudas que puedan surgir con el tiempo\u201d.<\/p>\n<p style=\"text-align: justify;\">El cometido de los funcionarios finaliz\u00f3 en la comuna de Lago Verde, lugar en el que se evalu\u00f3 la disposici\u00f3n de inmuebles fiscales para el desarrollo comunal en \u00e1reas: productivas, recreacional y de servicios b\u00e1sicos.<\/p>\n<\/div><\/section><\/div><div  style='height:50px' class='hr hr-invisible   avia-builder-el-6  el_after_av_one_full  el_before_av_social_share '><span class='hr-inner ' ><span class='hr-inner-style'><\/span><\/span><\/div><\/p>\n<div  class='av-social-sharing-box  avia-builder-el-7  el_after_av_hr  el_before_av_hr  '><div class='av-share-box'><h5 class='av-share-link-description av-no-toc '>Compartir esta noticia<\/h5><ul class='av-share-box-list noLightbox'><li class='av-share-link av-social-link-facebook' ><a target=\"_blank\" aria-label=\"Compartir en Facebook\" href='https:\/\/www.facebook.com\/sharer.php?u=https:\/\/radiorevelacionfm.cl\/?p=2596&#038;t=Atenciones%20a%20vecinos%20marcaron%20la%20visita%20al%20norte%20de%20la%20regi%C3%B3n%20por%20parte%20de%20Bienes%20Nacionales' aria-hidden='false' data-av_icon='\ue8f3' data-av_iconfont='entypo-fontello' title='' data-avia-related-tooltip='Compartir en Facebook' rel=\"noopener\"><span class='avia_hidden_link_text'>Compartir en Facebook<\/span><\/a><\/li><li class='av-share-link av-social-link-twitter' ><a target=\"_blank\" aria-label=\"Compartir en Twitter\" href='https:\/\/twitter.com\/share?text=Atenciones%20a%20vecinos%20marcaron%20la%20visita%20al%20norte%20de%20la%20regi%C3%B3n%20por%20parte%20de%20Bienes%20Nacionales&#038;url=https:\/\/radiorevelacionfm.cl\/?p=2596' aria-hidden='false' data-av_icon='\ue8f1' data-av_iconfont='entypo-fontello' title='' data-avia-related-tooltip='Compartir en Twitter' rel=\"noopener\"><span class='avia_hidden_link_text'>Compartir en Twitter<\/span><\/a><\/li><li class='av-share-link av-social-link-whatsapp' ><a target=\"_blank\" aria-label=\"Compartir en Whatsapp\" href='https:\/\/api.whatsapp.com\/send?text=https:\/\/radiorevelacionfm.cl\/?p=2596' aria-hidden='false' data-av_icon='\uf232' data-av_iconfont='entypo-fontello' title='' data-avia-related-tooltip='Compartir en Whatsapp' rel=\"noopener\"><span class='avia_hidden_link_text'>Compartir en Whatsapp<\/span><\/a><\/li><li class='av-share-link av-social-link-linkedin' ><a target=\"_blank\" aria-label=\"Compartir en LinkedIn\" href='https:\/\/linkedin.com\/shareArticle?mini=true&#038;title=Atenciones%20a%20vecinos%20marcaron%20la%20visita%20al%20norte%20de%20la%20regi%C3%B3n%20por%20parte%20de%20Bienes%20Nacionales&#038;url=https:\/\/radiorevelacionfm.cl\/?p=2596' aria-hidden='false' data-av_icon='\ue8fc' data-av_iconfont='entypo-fontello' title='' data-avia-related-tooltip='Compartir en LinkedIn' rel=\"noopener\"><span class='avia_hidden_link_text'>Compartir en LinkedIn<\/span><\/a><\/li><li class='av-share-link av-social-link-mail' ><a  aria-label=\"Compartir por correo\" href='mailto:?subject=Atenciones%20a%20vecinos%20marcaron%20la%20visita%20al%20norte%20de%20la%20regi%C3%B3n%20por%20parte%20de%20Bienes%20Nacionales&#038;body=https:\/\/radiorevelacionfm.cl\/?p=2596' aria-hidden='false' data-av_icon='\ue805' data-av_iconfont='entypo-fontello' title='' data-avia-related-tooltip='Compartir por correo'><span class='avia_hidden_link_text'>Compartir por correo<\/span><\/a><\/li><\/ul><\/div><\/div>\n<div  style='height:50px' class='hr hr-invisible   avia-builder-el-8  el_after_av_social_share  el_before_av_comments_list '><span class='hr-inner ' ><span class='hr-inner-style'><\/span><\/span><\/div>\n<div  class='av-buildercomment  av-blog-meta-html-info-disabled av-blog-meta-tag-disabled  '><\/div>\n<div  style='height:50px' class='hr hr-invisible   avia-builder-el-10  el_after_av_comments_list  avia-builder-el-last '><span class='hr-inner ' ><span class='hr-inner-style'><\/span><\/span><\/div>\n","protected":false},"excerpt":{"rendered":"","protected":false},"author":1,"featured_media":0,"comment_status":"open","ping_status":"open","sticky":false,"template":"","format":"standard","meta":{"footnotes":""},"categories":[38],"tags":[],"class_list":["post-2596","post","type-post","status-publish","format-standard","hentry","category-regional"],"jetpack_featured_media_url":"","_links":{"self":[{"href":"https:\/\/radiorevelacionfm.cl\/index.php?rest_route=\/wp\/v2\/posts\/2596","targetHints":{"allow":["GET"]}}],"collection":[{"href":"https:\/\/radiorevelacionfm.cl\/index.php?rest_route=\/wp\/v2\/posts"}],"about":[{"href":"https:\/\/radiorevelacionfm.cl\/index.php?rest_route=\/wp\/v2\/types\/post"}],"author":[{"embeddable":true,"href":"https:\/\/radiorevelacionfm.cl\/index.php?rest_route=\/wp\/v2\/users\/1"}],"replies":[{"embeddable":true,"href":"https:\/\/radiorevelacionfm.cl\/index.php?rest_route=%2Fwp%2Fv2%2Fcomments&post=2596"}],"version-history":[{"count":1,"href":"https:\/\/radiorevelacionfm.cl\/index.php?rest_route=\/wp\/v2\/posts\/2596\/revisions"}],"predecessor-version":[{"id":2599,"href":"https:\/\/radiorevelacionfm.cl\/index.php?rest_route=\/wp\/v2\/posts\/2596\/revisions\/2599"}],"wp:attachment":[{"href":"https:\/\/radiorevelacionfm.cl\/index.php?rest_route=%2Fwp%2Fv2%2Fmedia&parent=2596"}],"wp:term":[{"taxonomy":"category","embeddable":true,"href":"https:\/\/radiorevelacionfm.cl\/index.php?rest_route=%2Fwp%2Fv2%2Fcategories&post=2596"},{"taxonomy":"post_tag","embeddable":true,"href":"https:\/\/radiorevelacionfm.cl\/index.php?rest_route=%2Fwp%2Fv2%2Ftags&post=2596"}],"curies":[{"name":"wp","href":"https:\/\/api.w.org\/{rel}","templated":true}]}}