{"id":25956,"date":"2022-12-27T19:27:54","date_gmt":"2022-12-27T22:27:54","guid":{"rendered":"https:\/\/radiorevelacionfm.cl\/?p=25956"},"modified":"2022-12-27T19:27:54","modified_gmt":"2022-12-27T22:27:54","slug":"confirman-servicio-de-buses-entre-coyhaique-y-comodoro-rivadavia","status":"publish","type":"post","link":"https:\/\/radiorevelacionfm.cl\/?p=25956","title":{"rendered":"Confirman servicio de buses entre Coyhaique y Comodoro Rivadavia"},"content":{"rendered":"<div class=\"flex_column av_one_full  flex_column_div av-zero-column-padding first  avia-builder-el-0  el_before_av_one_full  avia-builder-el-first  \" style='border-radius:0px; '><div  class='avia-image-container  av-styling-    avia-builder-el-1  avia-builder-el-no-sibling  avia-align-center '  itemprop=\"image\" itemscope=\"itemscope\" itemtype=\"https:\/\/schema.org\/ImageObject\"  ><div class='avia-image-container-inner'><div class='avia-image-overlay-wrap'><img decoding=\"async\" class='wp-image-25957 avia-img-lazy-loading-not-25957 avia_image' src=\"https:\/\/radiorevelacionfm.cl\/wp-content\/uploads\/2022\/12\/322319934_667620801509148_3385642721402686295_n-1-1.jpg\" alt='' title='322319934_667620801509148_3385642721402686295_n (1) (1)' height=\"600\" width=\"856\"  itemprop=\"thumbnailUrl\" srcset=\"https:\/\/radiorevelacionfm.cl\/wp-content\/uploads\/2022\/12\/322319934_667620801509148_3385642721402686295_n-1-1.jpg 856w, https:\/\/radiorevelacionfm.cl\/wp-content\/uploads\/2022\/12\/322319934_667620801509148_3385642721402686295_n-1-1-300x210.jpg 300w, https:\/\/radiorevelacionfm.cl\/wp-content\/uploads\/2022\/12\/322319934_667620801509148_3385642721402686295_n-1-1-768x538.jpg 768w, https:\/\/radiorevelacionfm.cl\/wp-content\/uploads\/2022\/12\/322319934_667620801509148_3385642721402686295_n-1-1-705x494.jpg 705w, https:\/\/radiorevelacionfm.cl\/wp-content\/uploads\/2022\/12\/322319934_667620801509148_3385642721402686295_n-1-1-600x421.jpg 600w\" sizes=\"(max-width: 856px) 100vw, 856px\" \/><\/div><\/div><\/div><\/div><div class=\"flex_column av_one_full  flex_column_div av-zero-column-padding first  avia-builder-el-2  el_after_av_one_full  el_before_av_one_full  column-top-margin\" style='border-radius:0px; '><section class=\"av_textblock_section \"  itemscope=\"itemscope\" itemtype=\"https:\/\/schema.org\/BlogPosting\" itemprop=\"blogPost\" ><div class='avia_textblock  '   itemprop=\"text\" ><p style=\"text-align: center;\"><strong><span style=\"font-size: 18pt;\">Confirman servicio de buses entre Coyhaique y Comodoro Rivadavia<\/span><\/strong><\/p>\n<div id=\"gtx-trans\" style=\"position: absolute; left: -50px; top: 4.31534px;\">\n<div class=\"gtx-trans-icon\"><\/div>\n<\/div>\n<\/div><\/section><\/div><div class=\"flex_column av_one_full  flex_column_div av-zero-column-padding first  avia-builder-el-4  el_after_av_one_full  el_before_av_hr  column-top-margin\" style='border-radius:0px; '><section class=\"av_textblock_section \"  itemscope=\"itemscope\" itemtype=\"https:\/\/schema.org\/BlogPosting\" itemprop=\"blogPost\" ><div class='avia_textblock  '   itemprop=\"text\" ><p style=\"font-weight: 400; text-align: justify;\">La C\u00f3nsul de Chile en Comodoro Rivadavia, Valentina Mora P\u00e9rez, confirm\u00f3 el restablecimiento del servicio de buses entre Coyhaique y Comodoro Rivadavia, a cargo de la empresa Etap\/Transaustral.<\/p>\n<p style=\"font-weight: 400; text-align: justify;\">\u201cPor fin se retoma la ruta de buses que une Comodoro Rivadavia con Coyhaique. El servicio va a estar habilitado desde el 30 de diciembre a las 08:00 de la ma\u00f1ana desde Coyhaique hacia Comodoro Rivadavia y el d\u00eda 04 de enero sale el bus de vuelta desde Comodoro hacia Coyhaique. Espero que esto sea una gran noticia para ustedes que lo disfruten, que sea un momento para reencontrarse con sus familias, que no se han podido visitar en casi tres a\u00f1os, porque las fronteras estuvieron cerradas por la pandemia, as\u00ed que espero que esta noticia sea bienvenida y un buen servicio a toda la comunidad\u201d, inform\u00f3.<\/p>\n<p style=\"font-weight: 400; text-align: justify;\">El servicio se restablece como parte de las gestiones de Gobierno para fortalecer la conectividad tras el per\u00edodo de pandemia, facilitando el tr\u00e1nsito por razones familiares, laborales, tur\u00edsticas y comerciales, entre otras.<\/p>\n<p style=\"font-weight: 400; text-align: justify;\">\u201cLa comunidad de chilenos en Comodoro demanda m\u00e1s cercan\u00eda con el Estado chileno. En Comodoro est\u00e1n haciendo esfuerzos por acercar a la ciudadan\u00eda, a los residentes chilenos, los beneficios de nuestro Estado y nosotros queremos participar en ello activamente. Hablamos de c\u00f3mo podemos mejorar nuestras relaciones comerciales, culturales, lo educativo, el transporte, los medios de contacto para los pr\u00f3ximos a\u00f1os del gobierno de nuestro Presidente Gabriel Boric\u201d, destac\u00f3.<\/p>\n<p style=\"font-weight: 400; text-align: justify;\">Desde la segunda semana de enero el servicio considera salidas lunes y viernes a las 08:30 horas desde Coyhaique hacia Comodoro, mientras que desde Comodoro hacia Coyhaique, los d\u00edas mi\u00e9rcoles y s\u00e1bados a las 08:00 horas.<\/p>\n<p style=\"font-weight: 400; text-align: justify;\">En Coyhaique la empresa est\u00e1 ubicada en el Terminal de Buses, oficina N\u00b08.<\/p>\n<\/div><\/section><\/div><div  style='height:50px' class='hr hr-invisible   avia-builder-el-6  el_after_av_one_full  el_before_av_social_share '><span class='hr-inner ' ><span class='hr-inner-style'><\/span><\/span><\/div><\/p>\n<div  class='av-social-sharing-box  avia-builder-el-7  el_after_av_hr  el_before_av_hr  '><div class='av-share-box'><h5 class='av-share-link-description av-no-toc '>Compartir esta noticia<\/h5><ul class='av-share-box-list noLightbox'><li class='av-share-link av-social-link-facebook' ><a target=\"_blank\" aria-label=\"Compartir en Facebook\" href='https:\/\/www.facebook.com\/sharer.php?u=https:\/\/radiorevelacionfm.cl\/?p=25956&#038;t=Confirman%20servicio%20de%20buses%20entre%20Coyhaique%20y%20Comodoro%20Rivadavia' aria-hidden='false' data-av_icon='\ue8f3' data-av_iconfont='entypo-fontello' title='' data-avia-related-tooltip='Compartir en Facebook' rel=\"noopener\"><span class='avia_hidden_link_text'>Compartir en Facebook<\/span><\/a><\/li><li class='av-share-link av-social-link-twitter' ><a target=\"_blank\" aria-label=\"Compartir en Twitter\" href='https:\/\/twitter.com\/share?text=Confirman%20servicio%20de%20buses%20entre%20Coyhaique%20y%20Comodoro%20Rivadavia&#038;url=https:\/\/radiorevelacionfm.cl\/?p=25956' aria-hidden='false' data-av_icon='\ue8f1' data-av_iconfont='entypo-fontello' title='' data-avia-related-tooltip='Compartir en Twitter' rel=\"noopener\"><span class='avia_hidden_link_text'>Compartir en Twitter<\/span><\/a><\/li><li class='av-share-link av-social-link-whatsapp' ><a target=\"_blank\" aria-label=\"Compartir en Whatsapp\" href='https:\/\/api.whatsapp.com\/send?text=https:\/\/radiorevelacionfm.cl\/?p=25956' aria-hidden='false' data-av_icon='\uf232' data-av_iconfont='entypo-fontello' title='' data-avia-related-tooltip='Compartir en Whatsapp' rel=\"noopener\"><span class='avia_hidden_link_text'>Compartir en Whatsapp<\/span><\/a><\/li><li class='av-share-link av-social-link-linkedin' ><a target=\"_blank\" aria-label=\"Compartir en LinkedIn\" href='https:\/\/linkedin.com\/shareArticle?mini=true&#038;title=Confirman%20servicio%20de%20buses%20entre%20Coyhaique%20y%20Comodoro%20Rivadavia&#038;url=https:\/\/radiorevelacionfm.cl\/?p=25956' aria-hidden='false' data-av_icon='\ue8fc' data-av_iconfont='entypo-fontello' title='' data-avia-related-tooltip='Compartir en LinkedIn' rel=\"noopener\"><span class='avia_hidden_link_text'>Compartir en LinkedIn<\/span><\/a><\/li><li class='av-share-link av-social-link-mail' ><a  aria-label=\"Compartir por correo\" href='mailto:?subject=Confirman%20servicio%20de%20buses%20entre%20Coyhaique%20y%20Comodoro%20Rivadavia&#038;body=https:\/\/radiorevelacionfm.cl\/?p=25956' aria-hidden='false' data-av_icon='\ue805' data-av_iconfont='entypo-fontello' title='' data-avia-related-tooltip='Compartir por correo'><span class='avia_hidden_link_text'>Compartir por correo<\/span><\/a><\/li><\/ul><\/div><\/div>\n<div  style='height:50px' class='hr hr-invisible   avia-builder-el-8  el_after_av_social_share  el_before_av_comments_list '><span class='hr-inner ' ><span class='hr-inner-style'><\/span><\/span><\/div>\n<div  class='av-buildercomment  av-blog-meta-html-info-disabled av-blog-meta-tag-disabled  '><\/div>\n","protected":false},"excerpt":{"rendered":"","protected":false},"author":1,"featured_media":25957,"comment_status":"open","ping_status":"open","sticky":false,"template":"","format":"standard","meta":{"footnotes":""},"categories":[38],"tags":[],"class_list":["post-25956","post","type-post","status-publish","format-standard","has-post-thumbnail","hentry","category-regional"],"jetpack_featured_media_url":"https:\/\/radiorevelacionfm.cl\/wp-content\/uploads\/2022\/12\/322319934_667620801509148_3385642721402686295_n-1-1.jpg","_links":{"self":[{"href":"https:\/\/radiorevelacionfm.cl\/index.php?rest_route=\/wp\/v2\/posts\/25956","targetHints":{"allow":["GET"]}}],"collection":[{"href":"https:\/\/radiorevelacionfm.cl\/index.php?rest_route=\/wp\/v2\/posts"}],"about":[{"href":"https:\/\/radiorevelacionfm.cl\/index.php?rest_route=\/wp\/v2\/types\/post"}],"author":[{"embeddable":true,"href":"https:\/\/radiorevelacionfm.cl\/index.php?rest_route=\/wp\/v2\/users\/1"}],"replies":[{"embeddable":true,"href":"https:\/\/radiorevelacionfm.cl\/index.php?rest_route=%2Fwp%2Fv2%2Fcomments&post=25956"}],"version-history":[{"count":2,"href":"https:\/\/radiorevelacionfm.cl\/index.php?rest_route=\/wp\/v2\/posts\/25956\/revisions"}],"predecessor-version":[{"id":25959,"href":"https:\/\/radiorevelacionfm.cl\/index.php?rest_route=\/wp\/v2\/posts\/25956\/revisions\/25959"}],"wp:featuredmedia":[{"embeddable":true,"href":"https:\/\/radiorevelacionfm.cl\/index.php?rest_route=\/wp\/v2\/media\/25957"}],"wp:attachment":[{"href":"https:\/\/radiorevelacionfm.cl\/index.php?rest_route=%2Fwp%2Fv2%2Fmedia&parent=25956"}],"wp:term":[{"taxonomy":"category","embeddable":true,"href":"https:\/\/radiorevelacionfm.cl\/index.php?rest_route=%2Fwp%2Fv2%2Fcategories&post=25956"},{"taxonomy":"post_tag","embeddable":true,"href":"https:\/\/radiorevelacionfm.cl\/index.php?rest_route=%2Fwp%2Fv2%2Ftags&post=25956"}],"curies":[{"name":"wp","href":"https:\/\/api.w.org\/{rel}","templated":true}]}}