{"id":25951,"date":"2022-12-27T19:17:30","date_gmt":"2022-12-27T22:17:30","guid":{"rendered":"https:\/\/radiorevelacionfm.cl\/?p=25951"},"modified":"2022-12-27T19:53:43","modified_gmt":"2022-12-27T22:53:43","slug":"continua-investigacion-para-esclarecer-muerte-de-joven-en-puerto-aysen","status":"publish","type":"post","link":"https:\/\/radiorevelacionfm.cl\/?p=25951","title":{"rendered":"Contin\u00faa investigaci\u00f3n para esclarecer muerte de joven en Puerto Ays\u00e9n"},"content":{"rendered":"<div class=\"flex_column av_one_full  flex_column_div av-zero-column-padding first  avia-builder-el-0  el_before_av_one_full  avia-builder-el-first  \" style='border-radius:0px; '><div  class='avia-image-container  av-styling-    avia-builder-el-1  avia-builder-el-no-sibling  avia-align-center '  itemprop=\"image\" itemscope=\"itemscope\" itemtype=\"https:\/\/schema.org\/ImageObject\"  ><div class='avia-image-container-inner'><div class='avia-image-overlay-wrap'><img decoding=\"async\" class='wp-image-12617 avia-img-lazy-loading-not-12617 avia_image' src=\"https:\/\/radiorevelacionfm.cl\/wp-content\/uploads\/2022\/01\/Carabineros-Aysen.jpg\" alt='' title='Carabineros Aysen' height=\"600\" width=\"1057\"  itemprop=\"thumbnailUrl\" srcset=\"https:\/\/radiorevelacionfm.cl\/wp-content\/uploads\/2022\/01\/Carabineros-Aysen.jpg 1057w, https:\/\/radiorevelacionfm.cl\/wp-content\/uploads\/2022\/01\/Carabineros-Aysen-300x170.jpg 300w, https:\/\/radiorevelacionfm.cl\/wp-content\/uploads\/2022\/01\/Carabineros-Aysen-1030x585.jpg 1030w, https:\/\/radiorevelacionfm.cl\/wp-content\/uploads\/2022\/01\/Carabineros-Aysen-768x436.jpg 768w, https:\/\/radiorevelacionfm.cl\/wp-content\/uploads\/2022\/01\/Carabineros-Aysen-705x400.jpg 705w, https:\/\/radiorevelacionfm.cl\/wp-content\/uploads\/2022\/01\/Carabineros-Aysen-600x341.jpg 600w\" sizes=\"(max-width: 1057px) 100vw, 1057px\" \/><\/div><\/div><\/div><\/div>\n<div class=\"flex_column av_one_full  flex_column_div av-zero-column-padding first  avia-builder-el-2  el_after_av_one_full  el_before_av_one_full  column-top-margin\" style='border-radius:0px; '><section class=\"av_textblock_section \"  itemscope=\"itemscope\" itemtype=\"https:\/\/schema.org\/BlogPosting\" itemprop=\"blogPost\" ><div class='avia_textblock  '   itemprop=\"text\" ><p style=\"text-align: center;\"><strong><span style=\"font-size: 18pt;\">Contin\u00faa investigaci\u00f3n para esclarecer muerte de joven en Puerto Ays\u00e9n<\/span><\/strong><\/p>\n<div id=\"gtx-trans\" style=\"position: absolute; left: -50px; top: 4.31534px;\">\n<div class=\"gtx-trans-icon\"><\/div>\n<\/div>\n<\/div><\/section><\/div>\n<div class=\"flex_column av_one_full  flex_column_div av-zero-column-padding first  avia-builder-el-4  el_after_av_one_full  el_before_av_hr  column-top-margin\" style='border-radius:0px; '><section class=\"av_textblock_section \"  itemscope=\"itemscope\" itemtype=\"https:\/\/schema.org\/BlogPosting\" itemprop=\"blogPost\" ><div class='avia_textblock  '   itemprop=\"text\" ><p style=\"text-align: justify;\">La madrugada del d\u00eda 22 de diciembre reci\u00e9n pasado, un llamado al nivel 133 de Carabineros alert\u00f3 de un delito de robo en lugar habitado en Puerto Ays\u00e9n. Hecho que se habr\u00eda registrado en el sector sur de la ciudad y que deriv\u00f3 en una persecuci\u00f3n en contra de dos individuos, uno de ellos y por circunstancias que se investigan result\u00f3 fallecido a orillas del r\u00edo Ays\u00e9n.<\/p>\n<p style=\"text-align: justify;\">El General de la XI Zona de Carabineros Ays\u00e9n, Patricio Santos, se refiri\u00f3 al caso, detallando que \u00abuna pareja de carabineros concurri\u00f3 a ese procedimiento cerca de las 01:30 de la ma\u00f1ana, observan a unas personas a unos 70 mts distante u 80 del lugar, de acuerdo al parte policial y\u00a0 concurren a fiscalizarlos pensando que son las personas que momentos antes cometieron el delito, momento en que las personas escapan, huyen, los Carabineros en el recorrido bajan hacia la orilla del r\u00edo, y detectan a una persona que esta lesionada, muriendo, por lo que llaman a los servicios de emergencias y se constata la muerte de la persona, los antecedentes fueron informados al Ministerio P\u00fablico, junto con los elementos de grabaci\u00f3n corporal, registro de c\u00e1maras cercanas, el tribunal dispuso que la investigaci\u00f3n quedara a cargo de la Polic\u00eda de Investigaciones, PDI\u00bb.<\/p>\n<p style=\"text-align: justify;\">Tras ser consultado si los funcionarios involucrados en el incidente est\u00e1n siendo investigados por la instituci\u00f3n o si fueron separados de sus funciones, el General Santos se\u00f1al\u00f3 que no, dado que existen protocolos y en este caso las personas no estaban al resguardo de Carabineros, y no tomaron contacto con estas personas, porque huyeron, hubo un procedimiento policial y al bajar al r\u00edo detectan a la persona que posteriormente falleci\u00f3.<\/p>\n<p style=\"text-align: justify;\">Por su parte, desde el Ministerio P\u00fablico indicaron que se est\u00e1n realizando diversas diligencias investigativas con peritos, para esclarecer la participaci\u00f3n o no de terceras personas en este caso.<\/p>\n<p style=\"text-align: justify;\">El fiscal, Pedro Poblete, detall\u00f3 que \u00abconcurren peritos de la PDI que van fijando fotogr\u00e1ficamente todo el procedimiento que se realiza y tambi\u00e9n peritos del SML que realizan el peritaje estableciendo que efectivamente estaba esta lesi\u00f3n en la zona craneal pero no es la causa de muerte propiamente tal en este caso, sino que el fallecimiento se deber\u00eda a asfixia por sumersi\u00f3n, no encontr\u00e1ndose lesiones de apremio o maltrato en los ex\u00e1menes realizados. Complementando adem\u00e1s que hab\u00eda ingesta de alcohol importante\u00bb.<\/p>\n<p style=\"text-align: justify;\">Finalmente, el Fiscal Poblete indic\u00f3 que el procedimiento contin\u00faa en investigaci\u00f3n, dado que es un delito grave, un delito de robo, circunstancia que es denunciada, la otra persona involucrada se encuentra individualizada. Por lo que las pericias permitir\u00e1n determinar lo sucedido con este joven en Puerto Ays\u00e9n.<\/p>\n<\/div><\/section><\/div><div  style='height:50px' class='hr hr-invisible   avia-builder-el-6  el_after_av_one_full  el_before_av_social_share '><span class='hr-inner ' ><span class='hr-inner-style'><\/span><\/span><\/div><\/p>\n<div  class='av-social-sharing-box  avia-builder-el-7  el_after_av_hr  el_before_av_hr  '><div class='av-share-box'><h5 class='av-share-link-description av-no-toc '>Compartir esta noticia<\/h5><ul class='av-share-box-list noLightbox'><li class='av-share-link av-social-link-facebook' ><a target=\"_blank\" aria-label=\"Compartir en Facebook\" href='https:\/\/www.facebook.com\/sharer.php?u=https:\/\/radiorevelacionfm.cl\/?p=25951&#038;t=Contin%C3%BAa%20investigaci%C3%B3n%20para%20esclarecer%20muerte%20de%20joven%20en%20Puerto%20Ays%C3%A9n' aria-hidden='false' data-av_icon='\ue8f3' data-av_iconfont='entypo-fontello' title='' data-avia-related-tooltip='Compartir en Facebook' rel=\"noopener\"><span class='avia_hidden_link_text'>Compartir en Facebook<\/span><\/a><\/li><li class='av-share-link av-social-link-twitter' ><a target=\"_blank\" aria-label=\"Compartir en Twitter\" href='https:\/\/twitter.com\/share?text=Contin%C3%BAa%20investigaci%C3%B3n%20para%20esclarecer%20muerte%20de%20joven%20en%20Puerto%20Ays%C3%A9n&#038;url=https:\/\/radiorevelacionfm.cl\/?p=25951' aria-hidden='false' data-av_icon='\ue8f1' data-av_iconfont='entypo-fontello' title='' data-avia-related-tooltip='Compartir en Twitter' rel=\"noopener\"><span class='avia_hidden_link_text'>Compartir en Twitter<\/span><\/a><\/li><li class='av-share-link av-social-link-whatsapp' ><a target=\"_blank\" aria-label=\"Compartir en Whatsapp\" href='https:\/\/api.whatsapp.com\/send?text=https:\/\/radiorevelacionfm.cl\/?p=25951' aria-hidden='false' data-av_icon='\uf232' data-av_iconfont='entypo-fontello' title='' data-avia-related-tooltip='Compartir en Whatsapp' rel=\"noopener\"><span class='avia_hidden_link_text'>Compartir en Whatsapp<\/span><\/a><\/li><li class='av-share-link av-social-link-linkedin' ><a target=\"_blank\" aria-label=\"Compartir en LinkedIn\" href='https:\/\/linkedin.com\/shareArticle?mini=true&#038;title=Contin%C3%BAa%20investigaci%C3%B3n%20para%20esclarecer%20muerte%20de%20joven%20en%20Puerto%20Ays%C3%A9n&#038;url=https:\/\/radiorevelacionfm.cl\/?p=25951' aria-hidden='false' data-av_icon='\ue8fc' data-av_iconfont='entypo-fontello' title='' data-avia-related-tooltip='Compartir en LinkedIn' rel=\"noopener\"><span class='avia_hidden_link_text'>Compartir en LinkedIn<\/span><\/a><\/li><li class='av-share-link av-social-link-mail' ><a  aria-label=\"Compartir por correo\" href='mailto:?subject=Contin%C3%BAa%20investigaci%C3%B3n%20para%20esclarecer%20muerte%20de%20joven%20en%20Puerto%20Ays%C3%A9n&#038;body=https:\/\/radiorevelacionfm.cl\/?p=25951' aria-hidden='false' data-av_icon='\ue805' data-av_iconfont='entypo-fontello' title='' data-avia-related-tooltip='Compartir por correo'><span class='avia_hidden_link_text'>Compartir por correo<\/span><\/a><\/li><\/ul><\/div><\/div>\n<div  style='height:50px' class='hr hr-invisible   avia-builder-el-8  el_after_av_social_share  el_before_av_comments_list '><span class='hr-inner ' ><span class='hr-inner-style'><\/span><\/span><\/div>\n<div  class='av-buildercomment  av-blog-meta-html-info-disabled av-blog-meta-tag-disabled  '><\/div>\n","protected":false},"excerpt":{"rendered":"","protected":false},"author":1,"featured_media":12617,"comment_status":"open","ping_status":"open","sticky":false,"template":"","format":"standard","meta":{"footnotes":""},"categories":[36],"tags":[],"class_list":["post-25951","post","type-post","status-publish","format-standard","has-post-thumbnail","hentry","category-policial"],"jetpack_featured_media_url":"https:\/\/radiorevelacionfm.cl\/wp-content\/uploads\/2022\/01\/Carabineros-Aysen.jpg","_links":{"self":[{"href":"https:\/\/radiorevelacionfm.cl\/index.php?rest_route=\/wp\/v2\/posts\/25951","targetHints":{"allow":["GET"]}}],"collection":[{"href":"https:\/\/radiorevelacionfm.cl\/index.php?rest_route=\/wp\/v2\/posts"}],"about":[{"href":"https:\/\/radiorevelacionfm.cl\/index.php?rest_route=\/wp\/v2\/types\/post"}],"author":[{"embeddable":true,"href":"https:\/\/radiorevelacionfm.cl\/index.php?rest_route=\/wp\/v2\/users\/1"}],"replies":[{"embeddable":true,"href":"https:\/\/radiorevelacionfm.cl\/index.php?rest_route=%2Fwp%2Fv2%2Fcomments&post=25951"}],"version-history":[{"count":5,"href":"https:\/\/radiorevelacionfm.cl\/index.php?rest_route=\/wp\/v2\/posts\/25951\/revisions"}],"predecessor-version":[{"id":25960,"href":"https:\/\/radiorevelacionfm.cl\/index.php?rest_route=\/wp\/v2\/posts\/25951\/revisions\/25960"}],"wp:featuredmedia":[{"embeddable":true,"href":"https:\/\/radiorevelacionfm.cl\/index.php?rest_route=\/wp\/v2\/media\/12617"}],"wp:attachment":[{"href":"https:\/\/radiorevelacionfm.cl\/index.php?rest_route=%2Fwp%2Fv2%2Fmedia&parent=25951"}],"wp:term":[{"taxonomy":"category","embeddable":true,"href":"https:\/\/radiorevelacionfm.cl\/index.php?rest_route=%2Fwp%2Fv2%2Fcategories&post=25951"},{"taxonomy":"post_tag","embeddable":true,"href":"https:\/\/radiorevelacionfm.cl\/index.php?rest_route=%2Fwp%2Fv2%2Ftags&post=25951"}],"curies":[{"name":"wp","href":"https:\/\/api.w.org\/{rel}","templated":true}]}}