{"id":25948,"date":"2022-12-27T18:33:55","date_gmt":"2022-12-27T21:33:55","guid":{"rendered":"https:\/\/radiorevelacionfm.cl\/?p=25948"},"modified":"2022-12-27T18:33:55","modified_gmt":"2022-12-27T21:33:55","slug":"gobierno-destaca-gestion-mancomunada-para-seguridad-ciudadana-en-aysen","status":"publish","type":"post","link":"https:\/\/radiorevelacionfm.cl\/?p=25948","title":{"rendered":"Gobierno destaca gesti\u00f3n mancomunada para seguridad ciudadana en Ays\u00e9n"},"content":{"rendered":"<div class=\"flex_column av_one_full  flex_column_div av-zero-column-padding first  avia-builder-el-0  el_before_av_one_full  avia-builder-el-first  \" style='border-radius:0px; '><div  class='avia-image-container  av-styling-    avia-builder-el-1  avia-builder-el-no-sibling  avia-align-center '  itemprop=\"image\" itemscope=\"itemscope\" itemtype=\"https:\/\/schema.org\/ImageObject\"  ><div class='avia-image-container-inner'><div class='avia-image-overlay-wrap'><img decoding=\"async\" class='wp-image-25949 avia-img-lazy-loading-not-25949 avia_image' src=\"https:\/\/radiorevelacionfm.cl\/wp-content\/uploads\/2022\/12\/IMG_0564-1-1-1.jpg\" alt='' title='IMG_0564 (1) (1) (1)' height=\"600\" width=\"1007\"  itemprop=\"thumbnailUrl\" srcset=\"https:\/\/radiorevelacionfm.cl\/wp-content\/uploads\/2022\/12\/IMG_0564-1-1-1.jpg 1007w, https:\/\/radiorevelacionfm.cl\/wp-content\/uploads\/2022\/12\/IMG_0564-1-1-1-300x179.jpg 300w, https:\/\/radiorevelacionfm.cl\/wp-content\/uploads\/2022\/12\/IMG_0564-1-1-1-768x458.jpg 768w, https:\/\/radiorevelacionfm.cl\/wp-content\/uploads\/2022\/12\/IMG_0564-1-1-1-705x420.jpg 705w, https:\/\/radiorevelacionfm.cl\/wp-content\/uploads\/2022\/12\/IMG_0564-1-1-1-600x357.jpg 600w\" sizes=\"(max-width: 1007px) 100vw, 1007px\" \/><\/div><\/div><\/div><\/div><div class=\"flex_column av_one_full  flex_column_div av-zero-column-padding first  avia-builder-el-2  el_after_av_one_full  el_before_av_one_full  column-top-margin\" style='border-radius:0px; '><section class=\"av_textblock_section \"  itemscope=\"itemscope\" itemtype=\"https:\/\/schema.org\/BlogPosting\" itemprop=\"blogPost\" ><div class='avia_textblock  '   itemprop=\"text\" ><p style=\"text-align: center;\"><strong><span style=\"font-size: 18pt;\">Gobierno destaca gesti\u00f3n mancomunada para seguridad ciudadana en Ays\u00e9n<\/span><\/strong><\/p>\n<div id=\"gtx-trans\" style=\"position: absolute; left: -50px; top: 4.31534px;\">\n<div class=\"gtx-trans-icon\"><\/div>\n<\/div>\n<\/div><\/section><\/div><div class=\"flex_column av_one_full  flex_column_div av-zero-column-padding first  avia-builder-el-4  el_after_av_one_full  el_before_av_hr  column-top-margin\" style='border-radius:0px; '><section class=\"av_textblock_section \"  itemscope=\"itemscope\" itemtype=\"https:\/\/schema.org\/BlogPosting\" itemprop=\"blogPost\" ><div class='avia_textblock  '   itemprop=\"text\" ><p style=\"font-weight: 400; text-align: justify;\">El \u00e9nfasis en la articulaci\u00f3n de instituciones y comunidad, reafirmaron el Delegado Presidencial Regional, Rodrigo Araya, junto al Coordinador de Seguridad P\u00fablica, Crist\u00f3bal Barcelo, Jefe XI Zona de Carabineros, General Patricio Santos, y Prefecta de la Polic\u00eda de Investigaciones (PDI), Carolina Namor, en materia de seguridad ciudadana en Ays\u00e9n.<\/p>\n<p style=\"font-weight: 400; text-align: justify;\">Lo anterior como parte de las acciones del Plan Tranquila Navidad y A\u00f1o Nuevo Seguro del Ministerio del Interior y Seguridad P\u00fablica, que implica acciones que abordan la prevenci\u00f3n y persecuci\u00f3n de los delitos, un mayor control del comercio ilegal y aumento de fiscalizaciones.<\/p>\n<p style=\"font-weight: 400; text-align: justify;\">\u201cUna Tranquila Navidad, A\u00f1o Nuevo Seguro, que implementamos desde la semana pasada con un aumento de acciones por parte del personal de Carabineros y de la Polic\u00eda de Investigaciones y de la interacci\u00f3n entre los servicios p\u00fablicos, con respecto a la seguridad en estas fechas. Esto va en la l\u00ednea de aumentar las actividades de prevenci\u00f3n y fiscalizaci\u00f3n para la detecci\u00f3n oportuna de delitos en estas fechas en t\u00e9rminos de seguridad p\u00fablica, de comercio ilegal y que las personas puedan tener tranquilidad y disfrutar en familia y comunidad\u201d, se\u00f1al\u00f3 Rodrigo Araya.<\/p>\n<p style=\"font-weight: 400; text-align: justify;\">En la articulaci\u00f3n con la comunidad, Crist\u00f3bal Barcel\u00f3 resalt\u00f3 que \u201ceste a\u00f1o se lograron cerca de mil millones de pesos para generar proyectos en la l\u00ednea de seguridad, que va a permitir que los municipios hoy en d\u00eda tengan implementaci\u00f3n en mejores y nuevas c\u00e1maras, recuperar espacios como plazas y tener iluminaci\u00f3n en lugares p\u00fablicos. Paralelo a eso se inyect\u00f3 a siete municipios de la regi\u00f3n un fondo especial, una inversi\u00f3n directa con que cada municipio adquiera un veh\u00edculo de patrullaje ciudadano, para prevenci\u00f3n en materia de incivilidades y, por supuesto, permitir que Carabineros en la l\u00ednea preventiva se enfoque en los delitos de mayor connotaci\u00f3n social\u201d, detall\u00f3.<\/p>\n<p style=\"font-weight: 400; text-align: justify;\"><strong>Gesti\u00f3n de fuerzas de orden y seguridad<\/strong><\/p>\n<p style=\"font-weight: 400; text-align: justify;\">El Plan Regional de Seguridad P\u00fablica de Ays\u00e9n estable como delitos prioritarios la violencia intrafamiliar, abigeato y lesiones a personas; una incivilidad dada por el consumo de alcohol en la v\u00eda p\u00fablica y un problema emergente por infracciones a la Ley de Drogas.<\/p>\n<p style=\"font-weight: 400; text-align: justify;\">En este contexto, Carabineros aument\u00f3 las actividades de prevenci\u00f3n y fiscalizaci\u00f3n para la detecci\u00f3n oportuna de delitos.<\/p>\n<p style=\"font-weight: 400; text-align: justify;\">\u201cLa idea es ir avanzando en bloque para construir una sociedad mejor. Los delitos que realmente nos aprobleman, son los problemas que marcan la convivencia entre las personas, me refiero a la violencia intrafamiliar, las amenazas, los da\u00f1os y las lesiones. Esos delitos registran cerca del 70% del registro delictual y esos elementos marcan efectivamente la forma en que resolvemos nuestro problemas como comunidad, o sea, el llamado es a evitar la violencia, a resolver los problemas en funci\u00f3n de lo que establece la normativa que nos rige el derecho, el derecho penal y la sana convivencia\u201d, expres\u00f3 el General Patricio Santos.<\/p>\n<p style=\"font-weight: 400; text-align: justify;\">La Prefecta Carolina Namor agreg\u00f3 que \u201cdurante el a\u00f1o 2022 la PDI ha detenido a 489 personas, hemos cursado 1.095 denuncias y hemos recibido un total de \u00f3rdenes judiciales y de \u00f3rdenes del Ministerio P\u00fablico de 7.037 decretos, todos enfocados principalmente a la investigaci\u00f3n profesional de los delitos. Dentro de la investigaci\u00f3n profesional de los delitos hay un hecho muy relevante que es el control migratorio. Desde ah\u00ed nosotros sacamos mucha informaci\u00f3n para nuestra investigaci\u00f3n y en lo que va del a\u00f1o puntualmente, tanto personas, entradas como salidas del territorio o puntualmente desde nuestra regi\u00f3n van 165.030 controles de personas en los controles fronterizos Jeinimeni y Huemules\u201d.<\/p>\n<p style=\"font-weight: 400; text-align: justify;\"><strong>A\u00f1o Nuevo Seguro<\/strong><\/p>\n<p style=\"font-weight: 400; text-align: justify;\">La estrategia est\u00e1 orientada en reforzar la seguridad con una visi\u00f3n transversal, que implica m\u00e1s seguridad a las personas que realizan actividades de fin de a\u00f1o, reforzando los controles y despliegues en las inmediaciones de centros comerciales, puntos tur\u00edsticos y terminales de buses.<\/p>\n<p style=\"font-weight: 400; text-align: justify;\">Las medidas no s\u00f3lo buscan reforzar la seguridad de las personas en los sectores comerciales, sino que tambi\u00e9n permitir la reactivaci\u00f3n econ\u00f3mica y recuperaci\u00f3n de espacios p\u00fablicos mediante fiscalizaciones a cargo de equipos de la secretar\u00eda regional ministerial de Transportes y de Salud, m\u00e1s actividades comunitarias a cargo de la Seremi de Culturas gestionar\u00e1 actividades comunitarias en el marco de la celebraci\u00f3n de Navidad.<\/p>\n<p style=\"font-weight: 400; text-align: justify;\">Po \u00faltimo, est\u00e1 disponible el tel\u00e9fono del programa Denuncia Seguro *4242, para denunciar de forma directa, segura y an\u00f3nima.<\/p>\n<\/div><\/section><\/div><div  style='height:50px' class='hr hr-invisible   avia-builder-el-6  el_after_av_one_full  el_before_av_social_share '><span class='hr-inner ' ><span class='hr-inner-style'><\/span><\/span><\/div><\/p>\n<div  class='av-social-sharing-box  avia-builder-el-7  el_after_av_hr  el_before_av_hr  '><div class='av-share-box'><h5 class='av-share-link-description av-no-toc '>Compartir esta noticia<\/h5><ul class='av-share-box-list noLightbox'><li class='av-share-link av-social-link-facebook' ><a target=\"_blank\" aria-label=\"Compartir en Facebook\" href='https:\/\/www.facebook.com\/sharer.php?u=https:\/\/radiorevelacionfm.cl\/?p=25948&#038;t=Gobierno%20destaca%20gesti%C3%B3n%20mancomunada%20para%20seguridad%20ciudadana%20en%20Ays%C3%A9n' aria-hidden='false' data-av_icon='\ue8f3' data-av_iconfont='entypo-fontello' title='' data-avia-related-tooltip='Compartir en Facebook' rel=\"noopener\"><span class='avia_hidden_link_text'>Compartir en Facebook<\/span><\/a><\/li><li class='av-share-link av-social-link-twitter' ><a target=\"_blank\" aria-label=\"Compartir en Twitter\" href='https:\/\/twitter.com\/share?text=Gobierno%20destaca%20gesti%C3%B3n%20mancomunada%20para%20seguridad%20ciudadana%20en%20Ays%C3%A9n&#038;url=https:\/\/radiorevelacionfm.cl\/?p=25948' aria-hidden='false' data-av_icon='\ue8f1' data-av_iconfont='entypo-fontello' title='' data-avia-related-tooltip='Compartir en Twitter' rel=\"noopener\"><span class='avia_hidden_link_text'>Compartir en Twitter<\/span><\/a><\/li><li class='av-share-link av-social-link-whatsapp' ><a target=\"_blank\" aria-label=\"Compartir en Whatsapp\" href='https:\/\/api.whatsapp.com\/send?text=https:\/\/radiorevelacionfm.cl\/?p=25948' aria-hidden='false' data-av_icon='\uf232' data-av_iconfont='entypo-fontello' title='' data-avia-related-tooltip='Compartir en Whatsapp' rel=\"noopener\"><span class='avia_hidden_link_text'>Compartir en Whatsapp<\/span><\/a><\/li><li class='av-share-link av-social-link-linkedin' ><a target=\"_blank\" aria-label=\"Compartir en LinkedIn\" href='https:\/\/linkedin.com\/shareArticle?mini=true&#038;title=Gobierno%20destaca%20gesti%C3%B3n%20mancomunada%20para%20seguridad%20ciudadana%20en%20Ays%C3%A9n&#038;url=https:\/\/radiorevelacionfm.cl\/?p=25948' aria-hidden='false' data-av_icon='\ue8fc' data-av_iconfont='entypo-fontello' title='' data-avia-related-tooltip='Compartir en LinkedIn' rel=\"noopener\"><span class='avia_hidden_link_text'>Compartir en LinkedIn<\/span><\/a><\/li><li class='av-share-link av-social-link-mail' ><a  aria-label=\"Compartir por correo\" href='mailto:?subject=Gobierno%20destaca%20gesti%C3%B3n%20mancomunada%20para%20seguridad%20ciudadana%20en%20Ays%C3%A9n&#038;body=https:\/\/radiorevelacionfm.cl\/?p=25948' aria-hidden='false' data-av_icon='\ue805' data-av_iconfont='entypo-fontello' title='' data-avia-related-tooltip='Compartir por correo'><span class='avia_hidden_link_text'>Compartir por correo<\/span><\/a><\/li><\/ul><\/div><\/div>\n<div  style='height:50px' class='hr hr-invisible   avia-builder-el-8  el_after_av_social_share  el_before_av_comments_list '><span class='hr-inner ' ><span class='hr-inner-style'><\/span><\/span><\/div>\n<div  class='av-buildercomment  av-blog-meta-html-info-disabled av-blog-meta-tag-disabled  '><\/div>\n","protected":false},"excerpt":{"rendered":"","protected":false},"author":1,"featured_media":25949,"comment_status":"open","ping_status":"open","sticky":false,"template":"","format":"standard","meta":{"footnotes":""},"categories":[38],"tags":[],"class_list":["post-25948","post","type-post","status-publish","format-standard","has-post-thumbnail","hentry","category-regional"],"jetpack_featured_media_url":"https:\/\/radiorevelacionfm.cl\/wp-content\/uploads\/2022\/12\/IMG_0564-1-1-1.jpg","_links":{"self":[{"href":"https:\/\/radiorevelacionfm.cl\/index.php?rest_route=\/wp\/v2\/posts\/25948","targetHints":{"allow":["GET"]}}],"collection":[{"href":"https:\/\/radiorevelacionfm.cl\/index.php?rest_route=\/wp\/v2\/posts"}],"about":[{"href":"https:\/\/radiorevelacionfm.cl\/index.php?rest_route=\/wp\/v2\/types\/post"}],"author":[{"embeddable":true,"href":"https:\/\/radiorevelacionfm.cl\/index.php?rest_route=\/wp\/v2\/users\/1"}],"replies":[{"embeddable":true,"href":"https:\/\/radiorevelacionfm.cl\/index.php?rest_route=%2Fwp%2Fv2%2Fcomments&post=25948"}],"version-history":[{"count":2,"href":"https:\/\/radiorevelacionfm.cl\/index.php?rest_route=\/wp\/v2\/posts\/25948\/revisions"}],"predecessor-version":[{"id":25953,"href":"https:\/\/radiorevelacionfm.cl\/index.php?rest_route=\/wp\/v2\/posts\/25948\/revisions\/25953"}],"wp:featuredmedia":[{"embeddable":true,"href":"https:\/\/radiorevelacionfm.cl\/index.php?rest_route=\/wp\/v2\/media\/25949"}],"wp:attachment":[{"href":"https:\/\/radiorevelacionfm.cl\/index.php?rest_route=%2Fwp%2Fv2%2Fmedia&parent=25948"}],"wp:term":[{"taxonomy":"category","embeddable":true,"href":"https:\/\/radiorevelacionfm.cl\/index.php?rest_route=%2Fwp%2Fv2%2Fcategories&post=25948"},{"taxonomy":"post_tag","embeddable":true,"href":"https:\/\/radiorevelacionfm.cl\/index.php?rest_route=%2Fwp%2Fv2%2Ftags&post=25948"}],"curies":[{"name":"wp","href":"https:\/\/api.w.org\/{rel}","templated":true}]}}