{"id":25945,"date":"2022-12-29T10:05:59","date_gmt":"2022-12-29T13:05:59","guid":{"rendered":"https:\/\/radiorevelacionfm.cl\/?p=25945"},"modified":"2022-12-29T10:12:02","modified_gmt":"2022-12-29T13:12:02","slug":"fiordo-austral-avanza-en-acuerdo-de-produccion-limpia-con-foco-en-economia-circular","status":"publish","type":"post","link":"https:\/\/radiorevelacionfm.cl\/?p=25945","title":{"rendered":"Fiordo Austral avanza en Acuerdo de Producci\u00f3n Limpia con foco en econom\u00eda circular"},"content":{"rendered":"<div class=\"flex_column av_one_full  flex_column_div av-zero-column-padding first  avia-builder-el-0  el_before_av_one_full  avia-builder-el-first  \" style='border-radius:0px; '><div  class='avia-image-container  av-styling-    avia-builder-el-1  avia-builder-el-no-sibling  avia-align-center '  itemprop=\"image\" itemscope=\"itemscope\" itemtype=\"https:\/\/schema.org\/ImageObject\"  ><div class='avia-image-container-inner'><div class='avia-image-overlay-wrap'><img decoding=\"async\" class='wp-image-25946 avia-img-lazy-loading-not-25946 avia_image' src=\"https:\/\/radiorevelacionfm.cl\/wp-content\/uploads\/2022\/12\/maxi_sacos_fiordo_austral_03_optimized.jpg\" alt='' title='maxi_sacos_fiordo_austral_03_optimized' height=\"614\" width=\"1037\"  itemprop=\"thumbnailUrl\" srcset=\"https:\/\/radiorevelacionfm.cl\/wp-content\/uploads\/2022\/12\/maxi_sacos_fiordo_austral_03_optimized.jpg 1037w, https:\/\/radiorevelacionfm.cl\/wp-content\/uploads\/2022\/12\/maxi_sacos_fiordo_austral_03_optimized-300x178.jpg 300w, https:\/\/radiorevelacionfm.cl\/wp-content\/uploads\/2022\/12\/maxi_sacos_fiordo_austral_03_optimized-1030x610.jpg 1030w, https:\/\/radiorevelacionfm.cl\/wp-content\/uploads\/2022\/12\/maxi_sacos_fiordo_austral_03_optimized-768x455.jpg 768w, https:\/\/radiorevelacionfm.cl\/wp-content\/uploads\/2022\/12\/maxi_sacos_fiordo_austral_03_optimized-705x417.jpg 705w, https:\/\/radiorevelacionfm.cl\/wp-content\/uploads\/2022\/12\/maxi_sacos_fiordo_austral_03_optimized-600x355.jpg 600w\" sizes=\"(max-width: 1037px) 100vw, 1037px\" \/><\/div><\/div><\/div><\/div><div class=\"flex_column av_one_full  flex_column_div av-zero-column-padding first  avia-builder-el-2  el_after_av_one_full  el_before_av_one_full  column-top-margin\" style='border-radius:0px; '><section class=\"av_textblock_section \"  itemscope=\"itemscope\" itemtype=\"https:\/\/schema.org\/BlogPosting\" itemprop=\"blogPost\" ><div class='avia_textblock  '   itemprop=\"text\" ><p style=\"text-align: center;\"><span style=\"font-size: 18pt;\"><strong>Fiordo Austral avanza en Acuerdo de Producci\u00f3n Limpia con foco en econom\u00eda circular<\/strong><\/span><\/p>\n<div id=\"gtx-trans\" style=\"position: absolute; left: -50px; top: 4.31534px;\">\n<div class=\"gtx-trans-icon\"><\/div>\n<\/div>\n<\/div><\/section><\/div><div class=\"flex_column av_one_full  flex_column_div av-zero-column-padding first  avia-builder-el-4  el_after_av_one_full  el_before_av_hr  column-top-margin\" style='border-radius:0px; '><section class=\"av_textblock_section \"  itemscope=\"itemscope\" itemtype=\"https:\/\/schema.org\/BlogPosting\" itemprop=\"blogPost\" ><div class='avia_textblock  '   itemprop=\"text\" ><p style=\"text-align: justify;\">Un arduo trabajo para dar cabal cumplimiento a los compromisos establecidos en el Acuerdo de Producci\u00f3n Limpia (APL), es el que est\u00e1 realizando Fiordo Austral. Esto, en el marco del convenio suscrito con la Agencia de Sustentabilidad y Cambio Clim\u00e1tico, y en el cual la empresa dedicada al desarrollo de la econom\u00eda circular, se compromete a disminuir su huella de carbono y contribuir a la crisis del cambio clim\u00e1tico en un plazo establecido de dos a\u00f1os.<\/p>\n<p style=\"text-align: justify;\">Entre las acciones que est\u00e1 desarrollando la compa\u00f1\u00eda, m\u00e1s all\u00e1 de reducir los excedentes del salm\u00f3n para luego convertirlos en productos con valor agregado, est\u00e1n dos que destacan por el trabajo que viene desarrollando en conjunto con la comunidad en la cual se desenvuelve.<\/p>\n<p style=\"text-align: justify;\">La primera de ellas es el proyecto \u201cMaxi Sacos\u201d, cuyas protagonistas son 11 mujeres de Calbuco, quienes luego de participar de una serie de talleres textiles, destinados a fomentar el emprendimiento femenino, est\u00e1n trabajando en la reutilizaci\u00f3n de estos productos, ocupados para almacenar y transportar harina de salm\u00f3n. \u00bfC\u00f3mo? Junto a FUE (Fomento Upcycling Empresarial), a trav\u00e9s del dise\u00f1o y fabricaci\u00f3n de estuches, fundas para notebooks y mochilas, en busca de promover el desarrollo con base en econom\u00eda circular.<\/p>\n<p style=\"text-align: justify;\">La segunda es la iniciativa que est\u00e1n llevando a cabo la Escuela Diferencial Aspadep, Envuelbee y Fiordo Austral, para reutilizar retazos de telas de algod\u00f3n del proceso productivo de la empresa puertovarina, y &#8211; a trav\u00e9s de la utilizaci\u00f3n de aceite de salm\u00f3n y otros componentes &#8211; fabricar iniciadores de fuego, que luego se comercializar\u00e1n en supermercados, negocios y almacenes.<\/p>\n<p style=\"text-align: justify;\">\u201cConsideramos que impulsar la econom\u00eda circular y la sostenibilidad es un trabajo que debe ser asociativo &#8211; se\u00f1al\u00f3 el gerente general de Fiordo Austral, Antonio Turner &#8211; y por eso, el APL que tiene a toda la industria acu\u00edcola avanzando en una misma direcci\u00f3n es una iniciativa clave para detectar nuevas oportunidades de colaboraci\u00f3n\u201d.<\/p>\n<p style=\"text-align: justify;\">En tal sentido, Turner resumi\u00f3 en tres los aspectos que Fiordo Austral abordar\u00e1 como los desaf\u00edos m\u00e1s importantes: \u201cMantener el desarrollo de diferentes proyectos de econom\u00eda circular, disminuir nuestra huella de carbono y seguir difundiendo este conocimiento con nuestro equipo, las comunidades y todos quienes nos vinculamos\u201d.<\/p>\n<\/div><\/section><\/div><div  style='height:50px' class='hr hr-invisible   avia-builder-el-6  el_after_av_one_full  el_before_av_social_share '><span class='hr-inner ' ><span class='hr-inner-style'><\/span><\/span><\/div><\/p>\n<div  class='av-social-sharing-box  avia-builder-el-7  el_after_av_hr  el_before_av_hr  '><div class='av-share-box'><h5 class='av-share-link-description av-no-toc '>Compartir esta noticia<\/h5><ul class='av-share-box-list noLightbox'><li class='av-share-link av-social-link-facebook' ><a target=\"_blank\" aria-label=\"Compartir en Facebook\" href='https:\/\/www.facebook.com\/sharer.php?u=https:\/\/radiorevelacionfm.cl\/?p=25945&#038;t=Fiordo%20Austral%20avanza%20en%20Acuerdo%20de%20Producci%C3%B3n%20Limpia%20con%20foco%20en%20econom%C3%ADa%20circular' aria-hidden='false' data-av_icon='\ue8f3' data-av_iconfont='entypo-fontello' title='' data-avia-related-tooltip='Compartir en Facebook' rel=\"noopener\"><span class='avia_hidden_link_text'>Compartir en Facebook<\/span><\/a><\/li><li class='av-share-link av-social-link-twitter' ><a target=\"_blank\" aria-label=\"Compartir en Twitter\" href='https:\/\/twitter.com\/share?text=Fiordo%20Austral%20avanza%20en%20Acuerdo%20de%20Producci%C3%B3n%20Limpia%20con%20foco%20en%20econom%C3%ADa%20circular&#038;url=https:\/\/radiorevelacionfm.cl\/?p=25945' aria-hidden='false' data-av_icon='\ue8f1' data-av_iconfont='entypo-fontello' title='' data-avia-related-tooltip='Compartir en Twitter' rel=\"noopener\"><span class='avia_hidden_link_text'>Compartir en Twitter<\/span><\/a><\/li><li class='av-share-link av-social-link-whatsapp' ><a target=\"_blank\" aria-label=\"Compartir en Whatsapp\" href='https:\/\/api.whatsapp.com\/send?text=https:\/\/radiorevelacionfm.cl\/?p=25945' aria-hidden='false' data-av_icon='\uf232' data-av_iconfont='entypo-fontello' title='' data-avia-related-tooltip='Compartir en Whatsapp' rel=\"noopener\"><span class='avia_hidden_link_text'>Compartir en Whatsapp<\/span><\/a><\/li><li class='av-share-link av-social-link-linkedin' ><a target=\"_blank\" aria-label=\"Compartir en LinkedIn\" href='https:\/\/linkedin.com\/shareArticle?mini=true&#038;title=Fiordo%20Austral%20avanza%20en%20Acuerdo%20de%20Producci%C3%B3n%20Limpia%20con%20foco%20en%20econom%C3%ADa%20circular&#038;url=https:\/\/radiorevelacionfm.cl\/?p=25945' aria-hidden='false' data-av_icon='\ue8fc' data-av_iconfont='entypo-fontello' title='' data-avia-related-tooltip='Compartir en LinkedIn' rel=\"noopener\"><span class='avia_hidden_link_text'>Compartir en LinkedIn<\/span><\/a><\/li><li class='av-share-link av-social-link-mail' ><a  aria-label=\"Compartir por correo\" href='mailto:?subject=Fiordo%20Austral%20avanza%20en%20Acuerdo%20de%20Producci%C3%B3n%20Limpia%20con%20foco%20en%20econom%C3%ADa%20circular&#038;body=https:\/\/radiorevelacionfm.cl\/?p=25945' aria-hidden='false' data-av_icon='\ue805' data-av_iconfont='entypo-fontello' title='' data-avia-related-tooltip='Compartir por correo'><span class='avia_hidden_link_text'>Compartir por correo<\/span><\/a><\/li><\/ul><\/div><\/div>\n<div  style='height:50px' class='hr hr-invisible   avia-builder-el-8  el_after_av_social_share  el_before_av_comments_list '><span class='hr-inner ' ><span class='hr-inner-style'><\/span><\/span><\/div>\n<div  class='av-buildercomment  av-blog-meta-html-info-disabled av-blog-meta-tag-disabled  '><\/div>\n","protected":false},"excerpt":{"rendered":"","protected":false},"author":1,"featured_media":25946,"comment_status":"open","ping_status":"open","sticky":false,"template":"","format":"standard","meta":{"footnotes":""},"categories":[60],"tags":[],"class_list":["post-25945","post","type-post","status-publish","format-standard","has-post-thumbnail","hentry","category-pesca"],"jetpack_featured_media_url":"https:\/\/radiorevelacionfm.cl\/wp-content\/uploads\/2022\/12\/maxi_sacos_fiordo_austral_03_optimized.jpg","_links":{"self":[{"href":"https:\/\/radiorevelacionfm.cl\/index.php?rest_route=\/wp\/v2\/posts\/25945","targetHints":{"allow":["GET"]}}],"collection":[{"href":"https:\/\/radiorevelacionfm.cl\/index.php?rest_route=\/wp\/v2\/posts"}],"about":[{"href":"https:\/\/radiorevelacionfm.cl\/index.php?rest_route=\/wp\/v2\/types\/post"}],"author":[{"embeddable":true,"href":"https:\/\/radiorevelacionfm.cl\/index.php?rest_route=\/wp\/v2\/users\/1"}],"replies":[{"embeddable":true,"href":"https:\/\/radiorevelacionfm.cl\/index.php?rest_route=%2Fwp%2Fv2%2Fcomments&post=25945"}],"version-history":[{"count":2,"href":"https:\/\/radiorevelacionfm.cl\/index.php?rest_route=\/wp\/v2\/posts\/25945\/revisions"}],"predecessor-version":[{"id":26015,"href":"https:\/\/radiorevelacionfm.cl\/index.php?rest_route=\/wp\/v2\/posts\/25945\/revisions\/26015"}],"wp:featuredmedia":[{"embeddable":true,"href":"https:\/\/radiorevelacionfm.cl\/index.php?rest_route=\/wp\/v2\/media\/25946"}],"wp:attachment":[{"href":"https:\/\/radiorevelacionfm.cl\/index.php?rest_route=%2Fwp%2Fv2%2Fmedia&parent=25945"}],"wp:term":[{"taxonomy":"category","embeddable":true,"href":"https:\/\/radiorevelacionfm.cl\/index.php?rest_route=%2Fwp%2Fv2%2Fcategories&post=25945"},{"taxonomy":"post_tag","embeddable":true,"href":"https:\/\/radiorevelacionfm.cl\/index.php?rest_route=%2Fwp%2Fv2%2Ftags&post=25945"}],"curies":[{"name":"wp","href":"https:\/\/api.w.org\/{rel}","templated":true}]}}