{"id":25941,"date":"2022-12-27T17:21:57","date_gmt":"2022-12-27T20:21:57","guid":{"rendered":"https:\/\/radiorevelacionfm.cl\/?p=25941"},"modified":"2022-12-27T17:21:57","modified_gmt":"2022-12-27T20:21:57","slug":"creaciones-nanay-cuando-la-maternidad-se-vuelve-una-oportunidad-para-emprender","status":"publish","type":"post","link":"https:\/\/radiorevelacionfm.cl\/?p=25941","title":{"rendered":"Creaciones Nanay: Cuando la maternidad se vuelve una oportunidad para emprender"},"content":{"rendered":"<div class=\"flex_column av_one_full  flex_column_div av-zero-column-padding first  avia-builder-el-0  el_before_av_one_full  avia-builder-el-first  \" style='border-radius:0px; '><div  class='avia-image-container  av-styling-    avia-builder-el-1  avia-builder-el-no-sibling  avia-align-center '  itemprop=\"image\" itemscope=\"itemscope\" itemtype=\"https:\/\/schema.org\/ImageObject\"  ><div class='avia-image-container-inner'><div class='avia-image-overlay-wrap'><img decoding=\"async\" class='wp-image-25942 avia-img-lazy-loading-not-25942 avia_image' src=\"https:\/\/radiorevelacionfm.cl\/wp-content\/uploads\/2022\/12\/Nanay-1-1.jpg\" alt='' title='Nanay (1) (1)' height=\"600\" width=\"750\"  itemprop=\"thumbnailUrl\" srcset=\"https:\/\/radiorevelacionfm.cl\/wp-content\/uploads\/2022\/12\/Nanay-1-1.jpg 750w, https:\/\/radiorevelacionfm.cl\/wp-content\/uploads\/2022\/12\/Nanay-1-1-300x240.jpg 300w, https:\/\/radiorevelacionfm.cl\/wp-content\/uploads\/2022\/12\/Nanay-1-1-705x564.jpg 705w, https:\/\/radiorevelacionfm.cl\/wp-content\/uploads\/2022\/12\/Nanay-1-1-600x480.jpg 600w\" sizes=\"(max-width: 750px) 100vw, 750px\" \/><\/div><\/div><\/div><\/div><div class=\"flex_column av_one_full  flex_column_div av-zero-column-padding first  avia-builder-el-2  el_after_av_one_full  el_before_av_one_full  column-top-margin\" style='border-radius:0px; '><section class=\"av_textblock_section \"  itemscope=\"itemscope\" itemtype=\"https:\/\/schema.org\/BlogPosting\" itemprop=\"blogPost\" ><div class='avia_textblock  '   itemprop=\"text\" ><p style=\"text-align: center;\"><strong><span style=\"font-size: 18pt;\">Creaciones Nanay: Cuando la maternidad se vuelve una oportunidad para emprender<\/span><\/strong><\/p>\n<div id=\"gtx-trans\" style=\"position: absolute; left: -50px; top: 4.31534px;\">\n<div class=\"gtx-trans-icon\"><\/div>\n<\/div>\n<\/div><\/section><\/div><div class=\"flex_column av_one_full  flex_column_div av-zero-column-padding first  avia-builder-el-4  el_after_av_one_full  el_before_av_hr  column-top-margin\" style='border-radius:0px; '><section class=\"av_textblock_section \"  itemscope=\"itemscope\" itemtype=\"https:\/\/schema.org\/BlogPosting\" itemprop=\"blogPost\" ><div class='avia_textblock  '   itemprop=\"text\" ><p style=\"text-align: justify;\">Paulina Figueroa y Camila Rivas son dos madres que, buscando desarrollar un proyecto en com\u00fan que les posibilitara trabajar de manera independiente y compatibilizar su tiempo laboral con la crianza de sus hijos e hijas, hace casi cinco a\u00f1os dieron vida a\u00a0<a href=\"https:\/\/creacionesnanay.cl\/\" data-saferedirecturl=\"https:\/\/www.google.com\/url?q=https:\/\/creacionesnanay.cl\/&amp;source=gmail&amp;ust=1672258517986000&amp;usg=AOvVaw3nnFmgmnlBLPwPwOuxtKnf\">Creaciones Nanay<\/a>, un emprendimiento que ofrece productos hechos a mano para beb\u00e9s, ni\u00f1os\/as y proceso de crianza, desde el nacimiento y hasta aproximadamente los 6 u 8 a\u00f1os.<\/p>\n<p style=\"text-align: justify;\">\u201cLos productos son elaborados por nosotras y tambi\u00e9n algunos complementarios que hemos ido adquiriendo. Cada uno de ellos son elaborados con telas nobles, de buena calidad, algodones ideales para los ni\u00f1os y tambi\u00e9n contamos con muchos accesorios y varias cosas que son s\u00faper \u00fatiles\u201d, indica Paulina, cofundadora de\u00a0<a href=\"https:\/\/www.instagram.com\/nanaycoyhaique\/\" data-saferedirecturl=\"https:\/\/www.google.com\/url?q=https:\/\/www.instagram.com\/nanaycoyhaique\/&amp;source=gmail&amp;ust=1672258517986000&amp;usg=AOvVaw1V7ejseEJAPQNgm89AxXOx\">Creaciones Nanay<\/a>, agregando que \u201ccada producto est\u00e1 directamente relacionado con nuestro rol de madres, siendo nuestra fuente de inspiraci\u00f3n la maternidad y la crianza de nuestros hijos. Detr\u00e1s de cada producto hay un proceso de dedicaci\u00f3n, donde creamos y modificamos dise\u00f1os, seleccionamos materias primas originales y de calidad, y unimos con cari\u00f1o cada pieza para dar vida a los productos Nanay\u201d, detall\u00f3.<\/p>\n<p style=\"text-align: justify;\">Entre los productos que ofrece, se encuentran mudadores port\u00e1tiles, mantas impermeables, cojines de lactancia, absorbentes reutilizables de lactancia, porta pa\u00f1ales y toallitas, bandanas, gorros, zapatos ergon\u00f3micos de tela, juguetes sensoriales de estimulaci\u00f3n, y productos decorativos, entre otros. Tambi\u00e9n, cuentan con servicio de asesoramiento para orientar a quienes buscan hacer un regalo para beb\u00e9s\/madres\/padres y no tienen tiempo para buscar opciones de regalos.<\/p>\n<p style=\"text-align: justify;\"><strong>TIENDA F\u00cdSICA Y VIRTUAL<\/strong><\/p>\n<p style=\"text-align: justify;\">A trav\u00e9s del programa PAR de Corfo Ays\u00e9n, con foco en emprendimientos liderados por mujeres, pudieron adquirir nuevas m\u00e1quinas y ampliar sus canales de venta y difusi\u00f3n. \u201cEl programa PAR de Corfo fue un tremendo apoyo porque nosotros trabaj\u00e1bamos con m\u00e1quinas caseras y con el financiamiento pudimos industrializar nuestras m\u00e1quinas, lo que nos ha permitido hacer los procesos de producci\u00f3n un poco m\u00e1s r\u00e1pido, mejores, de mucho mejor calidad\u201d.<\/p>\n<p style=\"text-align: justify;\">Asimismo, en el \u00e1rea digital, les permiti\u00f3 abrir una p\u00e1gina web. \u201cA trav\u00e9s de nuestro sitio podemos mostrar nuestros productos, no solo a quienes viven en la regi\u00f3n, si no que tambi\u00e9n poder llegar a otras regiones del pa\u00eds. Y lo otro s\u00faper importante es que nos dio un tremendo impulso para poder abrir otro canal que es una tienda f\u00edsica. Nosotros partimos vendiendo en redes sociales, a trav\u00e9s del boca a boca, por WhatsApp, etc. Y hoy tenemos una tienda f\u00edsica donde podemos mostrar nuestros productos, la gente nos puede venir a ver, puede venir a verificar c\u00f3mo es la calidad y los productos que tenemos y eso ha sido tremendamente bueno para nosotras y para la empresa\u201d, explic\u00f3.<\/p>\n<p style=\"text-align: justify;\">Humberto Mar\u00edn Leiva, director de Corfo Ays\u00e9n, valor\u00f3 el trabajo que realizan Paulina y Camila. \u201cUno de los ejes transversales para la actual administraci\u00f3n es visibilizar el rol de las mujeres en diferentes rubros productivos y ofrecer instrumentos que respondan a sus necesidades, teniendo a la vista las inequidades, brechas y barreras que no les permiten el desarrollo en igualdad de oportunidades. Camila y Paulina forman parte de un grupo importante de mujeres que buscan equilibrar su vida familiar y laboral, ofreciendo productos que nacen de su propia experiencia en la crianza de sus hijos e hijas. Ellas han dado importantes pasos y sabemos que en carpeta tienen m\u00e1s ideas. Emprendimientos como\u00a0<a href=\"https:\/\/www.facebook.com\/NanayCoyhaique2018\" data-saferedirecturl=\"https:\/\/www.google.com\/url?q=https:\/\/www.facebook.com\/NanayCoyhaique2018&amp;source=gmail&amp;ust=1672258517986000&amp;usg=AOvVaw24NZjQv9YV9R77b6aWnMs-\">Creaciones Nanay<\/a>\u00a0nos permite tener m\u00e1s argumentos que sustentan nuestro inter\u00e9s en trabajar por abrir los espacios para que m\u00e1s mujeres se sumen al ecosistema emprendedor regional\u201d.<\/p>\n<p style=\"text-align: justify;\">Finalmente, Paulina hizo una invitaci\u00f3n para que m\u00e1s mujeres postulen a las iniciativas de Corfo en el territorio. \u201cSi bien, no todos sabemos c\u00f3mo generar un proyecto, c\u00f3mo elaborarlo o c\u00f3mo escribirlo, las ideas son nuestras y nosotros podemos pedir ayuda. La ayuda existe en todos lados para que t\u00fa puedas adquirir estos fondos, porque \u00bfla verdad? son un tremendo impulso para nosotros. No siempre es f\u00e1cil emprender, es s\u00faper complejo, pero si nos ofrecen las herramientas, yo les invito a que las tomen, porque eso tambi\u00e9n es s\u00faper gratificante y es un impulso para seguir creciendo\u201d, concluy\u00f3.<\/p>\n<\/div><\/section><\/div><div  style='height:50px' class='hr hr-invisible   avia-builder-el-6  el_after_av_one_full  el_before_av_social_share '><span class='hr-inner ' ><span class='hr-inner-style'><\/span><\/span><\/div><\/p>\n<div  class='av-social-sharing-box  avia-builder-el-7  el_after_av_hr  el_before_av_hr  '><div class='av-share-box'><h5 class='av-share-link-description av-no-toc '>Compartir esta noticia<\/h5><ul class='av-share-box-list noLightbox'><li class='av-share-link av-social-link-facebook' ><a target=\"_blank\" aria-label=\"Compartir en Facebook\" href='https:\/\/www.facebook.com\/sharer.php?u=https:\/\/radiorevelacionfm.cl\/?p=25941&#038;t=Creaciones%20Nanay%3A%20Cuando%20la%20maternidad%20se%20vuelve%20una%20oportunidad%20para%20emprender' aria-hidden='false' data-av_icon='\ue8f3' data-av_iconfont='entypo-fontello' title='' data-avia-related-tooltip='Compartir en Facebook' rel=\"noopener\"><span class='avia_hidden_link_text'>Compartir en Facebook<\/span><\/a><\/li><li class='av-share-link av-social-link-twitter' ><a target=\"_blank\" aria-label=\"Compartir en Twitter\" href='https:\/\/twitter.com\/share?text=Creaciones%20Nanay%3A%20Cuando%20la%20maternidad%20se%20vuelve%20una%20oportunidad%20para%20emprender&#038;url=https:\/\/radiorevelacionfm.cl\/?p=25941' aria-hidden='false' data-av_icon='\ue8f1' data-av_iconfont='entypo-fontello' title='' data-avia-related-tooltip='Compartir en Twitter' rel=\"noopener\"><span class='avia_hidden_link_text'>Compartir en Twitter<\/span><\/a><\/li><li class='av-share-link av-social-link-whatsapp' ><a target=\"_blank\" aria-label=\"Compartir en Whatsapp\" href='https:\/\/api.whatsapp.com\/send?text=https:\/\/radiorevelacionfm.cl\/?p=25941' aria-hidden='false' data-av_icon='\uf232' data-av_iconfont='entypo-fontello' title='' data-avia-related-tooltip='Compartir en Whatsapp' rel=\"noopener\"><span class='avia_hidden_link_text'>Compartir en Whatsapp<\/span><\/a><\/li><li class='av-share-link av-social-link-linkedin' ><a target=\"_blank\" aria-label=\"Compartir en LinkedIn\" href='https:\/\/linkedin.com\/shareArticle?mini=true&#038;title=Creaciones%20Nanay%3A%20Cuando%20la%20maternidad%20se%20vuelve%20una%20oportunidad%20para%20emprender&#038;url=https:\/\/radiorevelacionfm.cl\/?p=25941' aria-hidden='false' data-av_icon='\ue8fc' data-av_iconfont='entypo-fontello' title='' data-avia-related-tooltip='Compartir en LinkedIn' rel=\"noopener\"><span class='avia_hidden_link_text'>Compartir en LinkedIn<\/span><\/a><\/li><li class='av-share-link av-social-link-mail' ><a  aria-label=\"Compartir por correo\" href='mailto:?subject=Creaciones%20Nanay%3A%20Cuando%20la%20maternidad%20se%20vuelve%20una%20oportunidad%20para%20emprender&#038;body=https:\/\/radiorevelacionfm.cl\/?p=25941' aria-hidden='false' data-av_icon='\ue805' data-av_iconfont='entypo-fontello' title='' data-avia-related-tooltip='Compartir por correo'><span class='avia_hidden_link_text'>Compartir por correo<\/span><\/a><\/li><\/ul><\/div><\/div>\n<div  style='height:50px' class='hr hr-invisible   avia-builder-el-8  el_after_av_social_share  el_before_av_comments_list '><span class='hr-inner ' ><span class='hr-inner-style'><\/span><\/span><\/div>\n<div  class='av-buildercomment  av-blog-meta-html-info-disabled av-blog-meta-tag-disabled  '><\/div>\n","protected":false},"excerpt":{"rendered":"","protected":false},"author":1,"featured_media":25942,"comment_status":"open","ping_status":"open","sticky":false,"template":"","format":"standard","meta":{"footnotes":""},"categories":[38],"tags":[],"class_list":["post-25941","post","type-post","status-publish","format-standard","has-post-thumbnail","hentry","category-regional"],"jetpack_featured_media_url":"https:\/\/radiorevelacionfm.cl\/wp-content\/uploads\/2022\/12\/Nanay-1-1.jpg","_links":{"self":[{"href":"https:\/\/radiorevelacionfm.cl\/index.php?rest_route=\/wp\/v2\/posts\/25941","targetHints":{"allow":["GET"]}}],"collection":[{"href":"https:\/\/radiorevelacionfm.cl\/index.php?rest_route=\/wp\/v2\/posts"}],"about":[{"href":"https:\/\/radiorevelacionfm.cl\/index.php?rest_route=\/wp\/v2\/types\/post"}],"author":[{"embeddable":true,"href":"https:\/\/radiorevelacionfm.cl\/index.php?rest_route=\/wp\/v2\/users\/1"}],"replies":[{"embeddable":true,"href":"https:\/\/radiorevelacionfm.cl\/index.php?rest_route=%2Fwp%2Fv2%2Fcomments&post=25941"}],"version-history":[{"count":2,"href":"https:\/\/radiorevelacionfm.cl\/index.php?rest_route=\/wp\/v2\/posts\/25941\/revisions"}],"predecessor-version":[{"id":25944,"href":"https:\/\/radiorevelacionfm.cl\/index.php?rest_route=\/wp\/v2\/posts\/25941\/revisions\/25944"}],"wp:featuredmedia":[{"embeddable":true,"href":"https:\/\/radiorevelacionfm.cl\/index.php?rest_route=\/wp\/v2\/media\/25942"}],"wp:attachment":[{"href":"https:\/\/radiorevelacionfm.cl\/index.php?rest_route=%2Fwp%2Fv2%2Fmedia&parent=25941"}],"wp:term":[{"taxonomy":"category","embeddable":true,"href":"https:\/\/radiorevelacionfm.cl\/index.php?rest_route=%2Fwp%2Fv2%2Fcategories&post=25941"},{"taxonomy":"post_tag","embeddable":true,"href":"https:\/\/radiorevelacionfm.cl\/index.php?rest_route=%2Fwp%2Fv2%2Ftags&post=25941"}],"curies":[{"name":"wp","href":"https:\/\/api.w.org\/{rel}","templated":true}]}}