{"id":25937,"date":"2022-12-27T15:42:30","date_gmt":"2022-12-27T18:42:30","guid":{"rendered":"https:\/\/radiorevelacionfm.cl\/?p=25937"},"modified":"2022-12-27T15:42:30","modified_gmt":"2022-12-27T18:42:30","slug":"gobierno-logra-mejora-de-un-18-en-sueldos-para-brigadistas","status":"publish","type":"post","link":"https:\/\/radiorevelacionfm.cl\/?p=25937","title":{"rendered":"Gobierno logra mejora de un 18% en sueldos para brigadistas"},"content":{"rendered":"<div class=\"flex_column av_one_full  flex_column_div av-zero-column-padding first  avia-builder-el-0  el_before_av_one_full  avia-builder-el-first  \" style='border-radius:0px; '><div  class='avia-image-container  av-styling-    avia-builder-el-1  avia-builder-el-no-sibling  avia-align-center '  itemprop=\"image\" itemscope=\"itemscope\" itemtype=\"https:\/\/schema.org\/ImageObject\"  ><div class='avia-image-container-inner'><div class='avia-image-overlay-wrap'><img decoding=\"async\" class='wp-image-25938 avia-img-lazy-loading-not-25938 avia_image' src=\"https:\/\/radiorevelacionfm.cl\/wp-content\/uploads\/2022\/12\/brigadistas-09_optimized.24.20-1-1.jpeg\" alt='' title='brigadistas-09_optimized.24.20-(1)-(1)' height=\"600\" width=\"800\"  itemprop=\"thumbnailUrl\" srcset=\"https:\/\/radiorevelacionfm.cl\/wp-content\/uploads\/2022\/12\/brigadistas-09_optimized.24.20-1-1.jpeg 800w, https:\/\/radiorevelacionfm.cl\/wp-content\/uploads\/2022\/12\/brigadistas-09_optimized.24.20-1-1-300x225.jpeg 300w, https:\/\/radiorevelacionfm.cl\/wp-content\/uploads\/2022\/12\/brigadistas-09_optimized.24.20-1-1-768x576.jpeg 768w, https:\/\/radiorevelacionfm.cl\/wp-content\/uploads\/2022\/12\/brigadistas-09_optimized.24.20-1-1-705x529.jpeg 705w, https:\/\/radiorevelacionfm.cl\/wp-content\/uploads\/2022\/12\/brigadistas-09_optimized.24.20-1-1-600x450.jpeg 600w\" sizes=\"(max-width: 800px) 100vw, 800px\" \/><\/div><\/div><\/div><\/div><div class=\"flex_column av_one_full  flex_column_div av-zero-column-padding first  avia-builder-el-2  el_after_av_one_full  el_before_av_one_full  column-top-margin\" style='border-radius:0px; '><section class=\"av_textblock_section \"  itemscope=\"itemscope\" itemtype=\"https:\/\/schema.org\/BlogPosting\" itemprop=\"blogPost\" ><div class='avia_textblock  '   itemprop=\"text\" ><p style=\"text-align: center;\"><span style=\"font-size: 18pt;\"><b><span class=\"v1ContentPasted0\" lang=\"ES\">Gobierno logra mejora de un 18% en sueldos para brigadistas\u00a0<\/span><\/b><\/span><\/p>\n<div id=\"gtx-trans\" style=\"position: absolute; left: -50px; top: 4.31534px;\">\n<div class=\"gtx-trans-icon\"><\/div>\n<\/div>\n<\/div><\/section><\/div><div class=\"flex_column av_one_full  flex_column_div av-zero-column-padding first  avia-builder-el-4  el_after_av_one_full  el_before_av_hr  column-top-margin\" style='border-radius:0px; '><section class=\"av_textblock_section \"  itemscope=\"itemscope\" itemtype=\"https:\/\/schema.org\/BlogPosting\" itemprop=\"blogPost\" ><div class='avia_textblock  '   itemprop=\"text\" ><p class=\"v1MsoNormal v1FluidPluginCopy\" style=\"text-align: justify;\"><span class=\"v1ContentPasted0\" lang=\"ES\">Un reajuste de un 18% para los trabajadores\/as transitorios que realizan labores en combate de incendios forestales a trav\u00e9s de la Corporaci\u00f3n Nacional Forestal (CONAF) del Ministerio de Agricultura, fue anunciado este viernes.\u00a0<\/span><\/p>\n<p class=\"v1MsoNormal v1FluidPluginCopy\" style=\"text-align: justify;\"><span class=\"v1ContentPasted0\" lang=\"ES\">Medida que impacta en los sueldos a pagar este mes a los 74 trabajadores\/as transitorios y nueve t\u00e9cnicos que realizan labores en las 14 brigadas existentes en la regi\u00f3n, desde La Junta hasta Cochrane.\u00a0<\/span><\/p>\n<p class=\"v1MsoNormal v1FluidPluginCopy v1ContentPasted0\" style=\"text-align: justify;\"><span class=\"v1ContentPasted0\" lang=\"ES\">Lo anterior, se da luego de la presentaci\u00f3n de una propuesta de mejoramiento salarial, integrada al\u00a0<\/span>Plan Nacional de Protecci\u00f3n Contra Incendios Forestales del per\u00edodo 2022-2023\u00a0impulsada por el Gobierno. La cual con un presupuesto de 83 mil millones de pesos implic\u00f3 un aumento del 22% para el presupuesto de la CONAF.\u00a0<span lang=\"ES\">\u00a0<\/span><\/p>\n<p class=\"v1MsoNormal v1FluidPluginCopy v1ContentPasted0\" style=\"text-align: justify;\"><span class=\"v1ContentPasted0\" lang=\"ES\">El anuncio fue realizado este viernes 23 de diciembre por la directora (I) de CONAF, Andrea Bahamonde Valenzuela, en reuni\u00f3n presencial y online con los trabajadores, tras la confirmaci\u00f3n de la aceptaci\u00f3n de la propuesta desde\u00a0<\/span>Direcci\u00f3n de Presupuestos del Ministerio de Hacienda.<span lang=\"ES\">\u00a0<\/span><\/p>\n<p class=\"v1MsoNormal v1FluidPluginCopy\" style=\"text-align: justify;\"><span class=\"v1ContentPasted0\" lang=\"ES\">\u00abEstamos muy contentos de poder avanzar y concretar esta mejora para los y las trabajadoras que realizan una labor tan importante como es el trabajo de prevenci\u00f3n, contenci\u00f3n y control de los incendios forestales. Nuestro compromiso como CONAF y Ministerio 8fue avanzar hacia un reajuste que bordeaba del 12% el cual fue actualizado al 18% y que llegar\u00e1 de forma efectiva a todos quienes realizan esta importante labor\u00bb, se\u00f1al\u00f3 Andrea Bahamonde.\u00a0<\/span><\/p>\n<p class=\"v1MsoNormal v1FluidPluginCopy v1ContentPasted0\" style=\"text-align: justify;\">Por su parte, el Jefe de Brigada (T) \u00d1ire 41 de Coyhaique, Pedro Ruiz Barr\u00eda, resalt\u00f3 la importancia de este reajuste salarial.<\/p>\n<p class=\"v1MsoNormal v1FluidPluginCopy\" style=\"text-align: justify;\"><span class=\"v1ContentPasted0\" lang=\"ES\">\u00abM\u00e1s que nada se ha beneficiado a los brigadistas, que tienen sueldos m\u00e1s bajos y cuya tarea es super peligrosa, se arriesga harto. As\u00ed que lo dado a conocer fue una gran noticia\u00bb, se\u00f1al\u00f3.\u00a0<\/span><\/p>\n<p class=\"v1MsoNormal v1FluidPluginCopy\" style=\"text-align: justify;\"><span class=\"v1ContentPasted0\" lang=\"ES\">Asimismo, Manuel Valdevenito Chaura, recalc\u00f3 que el reajuste es una noticia que respalda el trabajo que realizan los y las brigadistas en Ays\u00e9n.\u00a0<\/span><\/p>\n<p class=\"v1MsoNormal v1FluidPluginCopy\" style=\"text-align: justify;\"><span class=\"v1ContentPasted0\" lang=\"ES\">\u00abNosotros hemos trabajado en otras temporadas y ahora que se nos de esta noticia es mejor para nosotros. Aparte, la mayor\u00eda, estamos ac\u00e1 porque nos gustan esta pega. Al haber recibido eso, te dan m\u00e1s ganas de seguir trabajando\u00bb, indic\u00f3.\u00a0<\/span><\/p>\n<p class=\"v1MsoNormal v1FluidPluginCopy v1ContentPasted0\" style=\"text-align: justify;\"><span class=\"v1ContentPasted0\" lang=\"ES\">Por su parte el Seremi (S) de Agricultura, Ricardo\u00a0<\/span>K\u00f6nig\u00a0<span class=\"v1ContentPasted0\" lang=\"ES\">Parada, destac\u00f3 el esfuerzo mancomunado del Gobierno para poder lograr acuerdos en este tipo de materia.\u00a0<\/span><\/p>\n<p class=\"v1MsoNormal v1FluidPluginCopy v1ContentPasted0\" style=\"text-align: justify;\"><span class=\"v1ContentPasted0\" lang=\"ES\">\u00abUn plan de prevenci\u00f3n y control de incendios forestales necesita recursos a\u00e9reos, veh\u00edculos especializados y equipamiento tecnol\u00f3gico.\u00a0<\/span>Y sobre todo un mejoramiento a quienes realizan labores de control y combate de incendios. As\u00ed los esfuerzos en esta materia son integrales y responden a enfrentar de mejor manera los eventuales siniestros\u00bb, se\u00f1al\u00f3.<\/p>\n<p class=\"v1MsoNormal v1FluidPluginCopy\" style=\"text-align: justify;\"><span class=\"v1ContentPasted0\" lang=\"ES\">El reajuste salarial, aplicable a partir de este mes, implican un aumento sustancial de las remuneraciones a los y las trabajadores transitorios, entendiendo las dificultades y peligros a lo que est\u00e1n expuesto durante los incendios forestales.\u00a0<\/span><\/p>\n<\/div><\/section><\/div><div  style='height:50px' class='hr hr-invisible   avia-builder-el-6  el_after_av_one_full  el_before_av_social_share '><span class='hr-inner ' ><span class='hr-inner-style'><\/span><\/span><\/div><\/p>\n<div  class='av-social-sharing-box  avia-builder-el-7  el_after_av_hr  el_before_av_hr  '><div class='av-share-box'><h5 class='av-share-link-description av-no-toc '>Compartir esta noticia<\/h5><ul class='av-share-box-list noLightbox'><li class='av-share-link av-social-link-facebook' ><a target=\"_blank\" aria-label=\"Compartir en Facebook\" href='https:\/\/www.facebook.com\/sharer.php?u=https:\/\/radiorevelacionfm.cl\/?p=25937&#038;t=Gobierno%20logra%20mejora%20de%20un%2018%25%20en%20sueldos%20para%20brigadistas' aria-hidden='false' data-av_icon='\ue8f3' data-av_iconfont='entypo-fontello' title='' data-avia-related-tooltip='Compartir en Facebook' rel=\"noopener\"><span class='avia_hidden_link_text'>Compartir en Facebook<\/span><\/a><\/li><li class='av-share-link av-social-link-twitter' ><a target=\"_blank\" aria-label=\"Compartir en Twitter\" href='https:\/\/twitter.com\/share?text=Gobierno%20logra%20mejora%20de%20un%2018%25%20en%20sueldos%20para%20brigadistas&#038;url=https:\/\/radiorevelacionfm.cl\/?p=25937' aria-hidden='false' data-av_icon='\ue8f1' data-av_iconfont='entypo-fontello' title='' data-avia-related-tooltip='Compartir en Twitter' rel=\"noopener\"><span class='avia_hidden_link_text'>Compartir en Twitter<\/span><\/a><\/li><li class='av-share-link av-social-link-whatsapp' ><a target=\"_blank\" aria-label=\"Compartir en Whatsapp\" href='https:\/\/api.whatsapp.com\/send?text=https:\/\/radiorevelacionfm.cl\/?p=25937' aria-hidden='false' data-av_icon='\uf232' data-av_iconfont='entypo-fontello' title='' data-avia-related-tooltip='Compartir en Whatsapp' rel=\"noopener\"><span class='avia_hidden_link_text'>Compartir en Whatsapp<\/span><\/a><\/li><li class='av-share-link av-social-link-linkedin' ><a target=\"_blank\" aria-label=\"Compartir en LinkedIn\" href='https:\/\/linkedin.com\/shareArticle?mini=true&#038;title=Gobierno%20logra%20mejora%20de%20un%2018%25%20en%20sueldos%20para%20brigadistas&#038;url=https:\/\/radiorevelacionfm.cl\/?p=25937' aria-hidden='false' data-av_icon='\ue8fc' data-av_iconfont='entypo-fontello' title='' data-avia-related-tooltip='Compartir en LinkedIn' rel=\"noopener\"><span class='avia_hidden_link_text'>Compartir en LinkedIn<\/span><\/a><\/li><li class='av-share-link av-social-link-mail' ><a  aria-label=\"Compartir por correo\" href='mailto:?subject=Gobierno%20logra%20mejora%20de%20un%2018%25%20en%20sueldos%20para%20brigadistas&#038;body=https:\/\/radiorevelacionfm.cl\/?p=25937' aria-hidden='false' data-av_icon='\ue805' data-av_iconfont='entypo-fontello' title='' data-avia-related-tooltip='Compartir por correo'><span class='avia_hidden_link_text'>Compartir por correo<\/span><\/a><\/li><\/ul><\/div><\/div>\n<div  style='height:50px' class='hr hr-invisible   avia-builder-el-8  el_after_av_social_share  el_before_av_comments_list '><span class='hr-inner ' ><span class='hr-inner-style'><\/span><\/span><\/div>\n<div  class='av-buildercomment  av-blog-meta-html-info-disabled av-blog-meta-tag-disabled  '><\/div>\n","protected":false},"excerpt":{"rendered":"","protected":false},"author":1,"featured_media":25938,"comment_status":"open","ping_status":"open","sticky":false,"template":"","format":"standard","meta":{"footnotes":""},"categories":[38],"tags":[],"class_list":["post-25937","post","type-post","status-publish","format-standard","has-post-thumbnail","hentry","category-regional"],"jetpack_featured_media_url":"https:\/\/radiorevelacionfm.cl\/wp-content\/uploads\/2022\/12\/brigadistas-09_optimized.24.20-1-1.jpeg","_links":{"self":[{"href":"https:\/\/radiorevelacionfm.cl\/index.php?rest_route=\/wp\/v2\/posts\/25937","targetHints":{"allow":["GET"]}}],"collection":[{"href":"https:\/\/radiorevelacionfm.cl\/index.php?rest_route=\/wp\/v2\/posts"}],"about":[{"href":"https:\/\/radiorevelacionfm.cl\/index.php?rest_route=\/wp\/v2\/types\/post"}],"author":[{"embeddable":true,"href":"https:\/\/radiorevelacionfm.cl\/index.php?rest_route=\/wp\/v2\/users\/1"}],"replies":[{"embeddable":true,"href":"https:\/\/radiorevelacionfm.cl\/index.php?rest_route=%2Fwp%2Fv2%2Fcomments&post=25937"}],"version-history":[{"count":2,"href":"https:\/\/radiorevelacionfm.cl\/index.php?rest_route=\/wp\/v2\/posts\/25937\/revisions"}],"predecessor-version":[{"id":25940,"href":"https:\/\/radiorevelacionfm.cl\/index.php?rest_route=\/wp\/v2\/posts\/25937\/revisions\/25940"}],"wp:featuredmedia":[{"embeddable":true,"href":"https:\/\/radiorevelacionfm.cl\/index.php?rest_route=\/wp\/v2\/media\/25938"}],"wp:attachment":[{"href":"https:\/\/radiorevelacionfm.cl\/index.php?rest_route=%2Fwp%2Fv2%2Fmedia&parent=25937"}],"wp:term":[{"taxonomy":"category","embeddable":true,"href":"https:\/\/radiorevelacionfm.cl\/index.php?rest_route=%2Fwp%2Fv2%2Fcategories&post=25937"},{"taxonomy":"post_tag","embeddable":true,"href":"https:\/\/radiorevelacionfm.cl\/index.php?rest_route=%2Fwp%2Fv2%2Ftags&post=25937"}],"curies":[{"name":"wp","href":"https:\/\/api.w.org\/{rel}","templated":true}]}}