{"id":25934,"date":"2022-12-29T10:17:07","date_gmt":"2022-12-29T13:17:07","guid":{"rendered":"https:\/\/radiorevelacionfm.cl\/?p=25934"},"modified":"2022-12-29T10:17:07","modified_gmt":"2022-12-29T13:17:07","slug":"crecimiento-y-produccion-de-semillas-de-los-arboles-patagonicos","status":"publish","type":"post","link":"https:\/\/radiorevelacionfm.cl\/?p=25934","title":{"rendered":"Crecimiento y producci\u00f3n de semillas de los \u00c1rboles Patag\u00f3nicos"},"content":{"rendered":"<div class=\"flex_column av_one_full  flex_column_div av-zero-column-padding first  avia-builder-el-0  el_before_av_one_full  avia-builder-el-first  \" style='border-radius:0px; '><div  class='avia-image-container  av-styling-    avia-builder-el-1  avia-builder-el-no-sibling  avia-align-center '  itemprop=\"image\" itemscope=\"itemscope\" itemtype=\"https:\/\/schema.org\/ImageObject\"  ><div class='avia-image-container-inner'><div class='avia-image-overlay-wrap'><img decoding=\"async\" class='wp-image-25935 avia-img-lazy-loading-not-25935 avia_image' src=\"https:\/\/radiorevelacionfm.cl\/wp-content\/uploads\/2022\/12\/bosques-mixtos-1-1_optimized-1.jpg\" alt='' title='bosques-mixtos-(1)-(1)_optimized (1)' height=\"600\" width=\"1067\"  itemprop=\"thumbnailUrl\" srcset=\"https:\/\/radiorevelacionfm.cl\/wp-content\/uploads\/2022\/12\/bosques-mixtos-1-1_optimized-1.jpg 1067w, https:\/\/radiorevelacionfm.cl\/wp-content\/uploads\/2022\/12\/bosques-mixtos-1-1_optimized-1-300x169.jpg 300w, https:\/\/radiorevelacionfm.cl\/wp-content\/uploads\/2022\/12\/bosques-mixtos-1-1_optimized-1-1030x579.jpg 1030w, https:\/\/radiorevelacionfm.cl\/wp-content\/uploads\/2022\/12\/bosques-mixtos-1-1_optimized-1-768x432.jpg 768w, https:\/\/radiorevelacionfm.cl\/wp-content\/uploads\/2022\/12\/bosques-mixtos-1-1_optimized-1-705x396.jpg 705w, https:\/\/radiorevelacionfm.cl\/wp-content\/uploads\/2022\/12\/bosques-mixtos-1-1_optimized-1-600x337.jpg 600w\" sizes=\"(max-width: 1067px) 100vw, 1067px\" \/><\/div><\/div><\/div><\/div><div class=\"flex_column av_one_full  flex_column_div av-zero-column-padding first  avia-builder-el-2  el_after_av_one_full  el_before_av_one_full  column-top-margin\" style='border-radius:0px; '><section class=\"av_textblock_section \"  itemscope=\"itemscope\" itemtype=\"https:\/\/schema.org\/BlogPosting\" itemprop=\"blogPost\" ><div class='avia_textblock  '   itemprop=\"text\" ><p style=\"text-align: center;\"><span style=\"font-size: 18pt;\"><b><span class=\"v1ContentPasted0\">Crecimiento y producci\u00f3n de semillas de los\u00a0<\/span><\/b><b><span class=\"v1ContentPasted0\">\u00c1rboles Patag\u00f3nicos<\/span><\/b><b>\u00a0<\/b><\/span><\/p>\n<div id=\"gtx-trans\" style=\"position: absolute; left: -50px; top: 4.31534px;\">\n<div class=\"gtx-trans-icon\"><\/div>\n<\/div>\n<\/div><\/section><\/div><div class=\"flex_column av_one_full  flex_column_div av-zero-column-padding first  avia-builder-el-4  el_after_av_one_full  el_before_av_hr  column-top-margin\" style='border-radius:0px; '><section class=\"av_textblock_section \"  itemscope=\"itemscope\" itemtype=\"https:\/\/schema.org\/BlogPosting\" itemprop=\"blogPost\" ><div class='avia_textblock  '   itemprop=\"text\" ><p class=\"v1ContentPasted1\" style=\"text-align: justify;\">Los \u00e1rboles presentan diversos mecanismos naturales que aseguran su continuidad, como, por ejemplo, la formaci\u00f3n de flores, la dispersi\u00f3n de polen y la formaci\u00f3n de semillas, pero se sabe poco sobre los factores que podr\u00edan influenciar en procesos ecol\u00f3gicos indispensables para su conservaci\u00f3n, restauraci\u00f3n y manejo sostenible de los bosques, como las cantidades de semillas que producen cada a\u00f1o los \u00e1rboles de<span class=\"v1ContentPasted1\">\u00a0<\/span><em class=\"v1ContentPasted1\">Nothofagus<\/em>, de tipo lenga y el coihue por ejemplo.<\/p>\n<p class=\"v1ContentPasted1\" style=\"text-align: justify;\">Para ello, es imprescindible conocer de cerca c\u00f3mo se comportan los bosques, puesto que son mucho m\u00e1s que un simple n\u00famero de \u00e1rboles. Una forma de saber m\u00e1s sobre nuestra naturaleza es estudiarla en el largo plazo, ya que, por ejemplo, en t\u00e9rminos clim\u00e1ticos y productivos, hay a\u00f1os \u00abbuenos\u00bb y a\u00f1os no tan \u00abbuenos\u00bb, o a\u00f1os donde ocurren explosiones naturales que hemos vivido en la regi\u00f3n, como la proliferaci\u00f3n repentina de ciertas especies en un a\u00f1o, pero que en otros no pasa nada.\u00a0 Pero \u00bfQu\u00e9 mecanismos generan esto? \u00bfSer\u00e1 porque el invierno fue lluvioso? El seguimiento en el tiempo y de las estaciones del a\u00f1o, y la cantidad de semillas que se producen en un bosque puede ayudarnos a entender estas preguntas, porque entrega datos concretos para poder decir: \u00abEste fue un verano cortito\u00bb.<\/p>\n<p class=\"v1ContentPasted1\" style=\"text-align: justify;\">En el estudio titulado \u00abEfectos combinados de la composici\u00f3n de la copa de los \u00e1rboles, la ubicaci\u00f3n del paisaje y la temporada de crecimiento en la semillaz\u00f3n de bosques de<span class=\"v1ContentPasted1\">\u00a0<\/span><em class=\"v1ContentPasted1\">Nothofagus<\/em><span class=\"v1ContentPasted1\">\u00a0<\/span>en la Patagonia Austral\u00bb \u00a0(en ingl\u00e9s \u00abCombined effects of tree canopy composition, landscape location, and growing season on<span class=\"v1ContentPasted1\">\u00a0<\/span><em class=\"v1ContentPasted1\">Nothofagus<\/em><span class=\"v1ContentPasted1\">\u00a0<\/span>forest seeding in Southern Patagonia\u00bb) recientemente publicado en la revista cient\u00edfica Forest Ecology and Management (<a class=\"v1ContentPasted1\" href=\"https:\/\/doi.org\/10.1016\/j.foreco.2022.120708\" target=\"_blank\" rel=\"noopener noreferrer\">https:\/\/doi.org\/10.1016\/j.foreco.2022.120708<\/a>), los ec\u00f3logos forestales del Centro de Investigaci\u00f3n en Ecosistemas de la Patagonia (CIEP), Dra. M\u00f3nica Toro Manr\u00edquez y Dr. Alejandro Huertas Herrera, junto a la Dra. Rosina Soler, la Dra. Mar\u00eda Vanessa Lencinas y el Dr. Guillermo Mart\u00ednez Pastur (investigadores del CADIC-CONICET, Argentina) publicaron los resultados sobre sus estudios sobre c\u00f3mo el tipo de bosque (bosques puros de<span class=\"v1ContentPasted1\">\u00a0<\/span><em class=\"v1ContentPasted1\">Nothofagus pumilio<\/em><span class=\"v1ContentPasted1\">\u00a0<\/span>o lenga, bosques puros de<span class=\"v1ContentPasted1\">\u00a0<\/span><em class=\"v1ContentPasted1\">N. betuloides<\/em><span class=\"v1ContentPasted1\">\u00a0<\/span>o coihue de magallanes y bosques mixtos de ambas especies), la localizaci\u00f3n en el paisaje (costeros y monta\u00f1osos), la duraci\u00f3n de la estaci\u00f3n de crecimiento y la variabilidad clim\u00e1tica pueden relacionarse con las diferencias en la cantidad de semillas disponibles para cada a\u00f1o.<\/p>\n<p style=\"text-align: justify;\"><strong class=\"v1ContentPasted2\">\u00bfA qu\u00e9 nos referimos con estaci\u00f3n de crecimiento?<\/strong><\/p>\n<p class=\"v1ContentPasted2\" style=\"text-align: justify;\">\u00a0La estaci\u00f3n de crecimiento es el per\u00edodo del a\u00f1o en el que tanto las condiciones de humedad y temperatura son favorables para el desarrollo de la vegetaci\u00f3n. Dicho per\u00edodo est\u00e1 muy relacionado con el comienzo de la primavera en septiembre, hasta principios del oto\u00f1o en abril. En nuestro estudio, pudimos identificar que la estaci\u00f3n de crecimiento var\u00eda a\u00f1o a a\u00f1o, hay unas m\u00e1s cortas y otras m\u00e1s largas, o unas empiezan temprano y otras m\u00e1s tarde, y, a trav\u00e9s del an\u00e1lisis del \u00cdndice de Vegetaci\u00f3n de Diferencia Normalizada (NDVI), observamos que existen a\u00f1os que comienzan antes de lo esperado, como por ejemplo en agosto y finaliza tarde, como podr\u00eda ser en mayo. A su vez, la variabilidad clim\u00e1tica puede ayudar a explicar fen\u00f3menos de mayor producci\u00f3n de semillas, como pueden ser per\u00edodos de mayores temperaturas y precipitaciones durante la estaci\u00f3n de crecimiento.<\/p>\n<p style=\"text-align: justify;\"><strong class=\"v1ContentPasted2\">\u00bfA qu\u00e9 conclusi\u00f3n llegamos?<\/strong><\/p>\n<p class=\"v1ContentPasted2\" style=\"text-align: justify;\">Para comprender la ecolog\u00eda de los bosques no basta con analizar solo gradientes de precipitaci\u00f3n o temperatura, ya que existe un comportamiento diferencial para ambas especies creciendo en bosques puros y mixtos en cada a\u00f1o, dependiendo las caracter\u00edsticas de estaci\u00f3n de crecimiento. Adem\u00e1s, la temporada de crecimiento influye en la producci\u00f3n de semillas y est\u00e1 determinada por la variabilidad clim\u00e1tica como la temperatura, precipitaci\u00f3n y la localizaci\u00f3n en el paisaje. Por ejemplo, para<span class=\"v1ContentPasted2\">\u00a0<\/span><em class=\"v1ContentPasted2\">Nothofagus pumilio<\/em><span class=\"v1ContentPasted2\">\u00a0<\/span>(lenga) la mayor producci\u00f3n de semillas fue favorecida por bajas temperaturas y alta precipitaci\u00f3n durante los meses de la estaci\u00f3n de crecimiento. En cambio,<span class=\"v1ContentPasted2\">\u00a0<\/span><em class=\"v1ContentPasted2\">N. betuloides<\/em><span class=\"v1ContentPasted2\">\u00a0<\/span>(coihue de Magallanes) fue favorecido por temperaturas altas durante el invierno y a\u00f1os lluviosos. Para un mismo a\u00f1o, la producci\u00f3n de semillas fue diferente entre costa y monta\u00f1a. De acuerdo con el \u00edndice de NDVI, mientras m\u00e1s alta (mayor vigorosidad de la vegetaci\u00f3n), mayor es la producci\u00f3n de semillas para<span class=\"v1ContentPasted2\">\u00a0<\/span><em class=\"v1ContentPasted2\">N. pumilio<\/em>, mientras que cuando la estaci\u00f3n de crecimiento finaliza tarde, favorece la producci\u00f3n de semillas en<span class=\"v1ContentPasted2\">\u00a0<\/span><em class=\"v1ContentPasted2\">N. betuloides<\/em>.<\/p>\n<p style=\"text-align: justify;\"><strong class=\"v1ContentPasted3\">\u00bfC\u00f3mo podemos aplicar estos resultados?<\/strong><\/p>\n<p class=\"v1ContentPasted3\" style=\"text-align: justify;\">Las recomendaciones para aplicar estos resultados en el manejo de los bosques para estimular la regeneraci\u00f3n natural, debe considerar las caracter\u00edsticas de la estaci\u00f3n de crecimiento y su variabilidad clim\u00e1tica, como por ejemplo, pron\u00f3stico de a\u00f1os lluviosos que puede anunciar alta producci\u00f3n de semillas y favorecer el reclutamiento de nuevas pl\u00e1ntulas, tanto en bosques manejados, degradados o con fines de restauraci\u00f3n, entre otros.<\/p>\n<p style=\"text-align: justify;\"><strong class=\"v1ContentPasted3\">Bosques de<span class=\"v1ContentPasted3\">\u00a0<\/span><em class=\"v1ContentPasted3\">N. pumilio<\/em><span class=\"v1ContentPasted3\">\u00a0<\/span>en la Regi\u00f3n de Ays\u00e9n \u00bfQu\u00e9 nos dicen las semillas?<\/strong><\/p>\n<p class=\"v1ContentPasted3\" style=\"text-align: justify;\">Desde el grupo Ecolog\u00eda Forestal de CIEP comenzamos este 2022 con la cuantificaci\u00f3n de la producci\u00f3n de semillas en distintos sectores de la Regi\u00f3n y as\u00ed monitorear en el largo plazo. Este a\u00f1o, para los bosques de<span class=\"v1ContentPasted3\">\u00a0<\/span><em class=\"v1ContentPasted3\">N. pumilio<\/em><span class=\"v1ContentPasted3\">\u00a0<\/span>en la Reserva Nacional Lago Carlota, encontramos en promedio 0,81 millones de semillas por hect\u00e1rea de las cuales el 19% de estas semillas son viables, es decir, semillas sanas capaces de germinar.<\/p>\n<\/div><\/section><\/div><div  style='height:50px' class='hr hr-invisible   avia-builder-el-6  el_after_av_one_full  el_before_av_social_share '><span class='hr-inner ' ><span class='hr-inner-style'><\/span><\/span><\/div><\/p>\n<div  class='av-social-sharing-box  avia-builder-el-7  el_after_av_hr  el_before_av_hr  '><div class='av-share-box'><h5 class='av-share-link-description av-no-toc '>Compartir esta noticia<\/h5><ul class='av-share-box-list noLightbox'><li class='av-share-link av-social-link-facebook' ><a target=\"_blank\" aria-label=\"Compartir en Facebook\" href='https:\/\/www.facebook.com\/sharer.php?u=https:\/\/radiorevelacionfm.cl\/?p=25934&#038;t=Crecimiento%20y%20producci%C3%B3n%20de%20semillas%20de%20los%20%C3%81rboles%20Patag%C3%B3nicos' aria-hidden='false' data-av_icon='\ue8f3' data-av_iconfont='entypo-fontello' title='' data-avia-related-tooltip='Compartir en Facebook' rel=\"noopener\"><span class='avia_hidden_link_text'>Compartir en Facebook<\/span><\/a><\/li><li class='av-share-link av-social-link-twitter' ><a target=\"_blank\" aria-label=\"Compartir en Twitter\" href='https:\/\/twitter.com\/share?text=Crecimiento%20y%20producci%C3%B3n%20de%20semillas%20de%20los%20%C3%81rboles%20Patag%C3%B3nicos&#038;url=https:\/\/radiorevelacionfm.cl\/?p=25934' aria-hidden='false' data-av_icon='\ue8f1' data-av_iconfont='entypo-fontello' title='' data-avia-related-tooltip='Compartir en Twitter' rel=\"noopener\"><span class='avia_hidden_link_text'>Compartir en Twitter<\/span><\/a><\/li><li class='av-share-link av-social-link-whatsapp' ><a target=\"_blank\" aria-label=\"Compartir en Whatsapp\" href='https:\/\/api.whatsapp.com\/send?text=https:\/\/radiorevelacionfm.cl\/?p=25934' aria-hidden='false' data-av_icon='\uf232' data-av_iconfont='entypo-fontello' title='' data-avia-related-tooltip='Compartir en Whatsapp' rel=\"noopener\"><span class='avia_hidden_link_text'>Compartir en Whatsapp<\/span><\/a><\/li><li class='av-share-link av-social-link-linkedin' ><a target=\"_blank\" aria-label=\"Compartir en LinkedIn\" href='https:\/\/linkedin.com\/shareArticle?mini=true&#038;title=Crecimiento%20y%20producci%C3%B3n%20de%20semillas%20de%20los%20%C3%81rboles%20Patag%C3%B3nicos&#038;url=https:\/\/radiorevelacionfm.cl\/?p=25934' aria-hidden='false' data-av_icon='\ue8fc' data-av_iconfont='entypo-fontello' title='' data-avia-related-tooltip='Compartir en LinkedIn' rel=\"noopener\"><span class='avia_hidden_link_text'>Compartir en LinkedIn<\/span><\/a><\/li><li class='av-share-link av-social-link-mail' ><a  aria-label=\"Compartir por correo\" href='mailto:?subject=Crecimiento%20y%20producci%C3%B3n%20de%20semillas%20de%20los%20%C3%81rboles%20Patag%C3%B3nicos&#038;body=https:\/\/radiorevelacionfm.cl\/?p=25934' aria-hidden='false' data-av_icon='\ue805' data-av_iconfont='entypo-fontello' title='' data-avia-related-tooltip='Compartir por correo'><span class='avia_hidden_link_text'>Compartir por correo<\/span><\/a><\/li><\/ul><\/div><\/div>\n<div  style='height:50px' class='hr hr-invisible   avia-builder-el-8  el_after_av_social_share  el_before_av_comments_list '><span class='hr-inner ' ><span class='hr-inner-style'><\/span><\/span><\/div>\n<div  class='av-buildercomment  av-blog-meta-html-info-disabled av-blog-meta-tag-disabled  '><\/div>\n","protected":false},"excerpt":{"rendered":"","protected":false},"author":1,"featured_media":25935,"comment_status":"open","ping_status":"open","sticky":false,"template":"","format":"standard","meta":{"footnotes":""},"categories":[39],"tags":[],"class_list":["post-25934","post","type-post","status-publish","format-standard","has-post-thumbnail","hentry","category-medio-ambiente"],"jetpack_featured_media_url":"https:\/\/radiorevelacionfm.cl\/wp-content\/uploads\/2022\/12\/bosques-mixtos-1-1_optimized-1.jpg","_links":{"self":[{"href":"https:\/\/radiorevelacionfm.cl\/index.php?rest_route=\/wp\/v2\/posts\/25934","targetHints":{"allow":["GET"]}}],"collection":[{"href":"https:\/\/radiorevelacionfm.cl\/index.php?rest_route=\/wp\/v2\/posts"}],"about":[{"href":"https:\/\/radiorevelacionfm.cl\/index.php?rest_route=\/wp\/v2\/types\/post"}],"author":[{"embeddable":true,"href":"https:\/\/radiorevelacionfm.cl\/index.php?rest_route=\/wp\/v2\/users\/1"}],"replies":[{"embeddable":true,"href":"https:\/\/radiorevelacionfm.cl\/index.php?rest_route=%2Fwp%2Fv2%2Fcomments&post=25934"}],"version-history":[{"count":2,"href":"https:\/\/radiorevelacionfm.cl\/index.php?rest_route=\/wp\/v2\/posts\/25934\/revisions"}],"predecessor-version":[{"id":26016,"href":"https:\/\/radiorevelacionfm.cl\/index.php?rest_route=\/wp\/v2\/posts\/25934\/revisions\/26016"}],"wp:featuredmedia":[{"embeddable":true,"href":"https:\/\/radiorevelacionfm.cl\/index.php?rest_route=\/wp\/v2\/media\/25935"}],"wp:attachment":[{"href":"https:\/\/radiorevelacionfm.cl\/index.php?rest_route=%2Fwp%2Fv2%2Fmedia&parent=25934"}],"wp:term":[{"taxonomy":"category","embeddable":true,"href":"https:\/\/radiorevelacionfm.cl\/index.php?rest_route=%2Fwp%2Fv2%2Fcategories&post=25934"},{"taxonomy":"post_tag","embeddable":true,"href":"https:\/\/radiorevelacionfm.cl\/index.php?rest_route=%2Fwp%2Fv2%2Ftags&post=25934"}],"curies":[{"name":"wp","href":"https:\/\/api.w.org\/{rel}","templated":true}]}}