{"id":25928,"date":"2022-12-27T12:41:20","date_gmt":"2022-12-27T15:41:20","guid":{"rendered":"https:\/\/radiorevelacionfm.cl\/?p=25928"},"modified":"2022-12-27T13:31:32","modified_gmt":"2022-12-27T16:31:32","slug":"fondo-extraordinario-transitorio-permite-reducir-listas-de-espera-quirurgica-y-otras-prestaciones-medicas-en-aysen","status":"publish","type":"post","link":"https:\/\/radiorevelacionfm.cl\/?p=25928","title":{"rendered":"Fondo Extraordinario Transitorio permite reducir listas de espera quir\u00fargica y otras prestaciones m\u00e9dicas en la regi\u00f3n de Ays\u00e9n"},"content":{"rendered":"<div class=\"flex_column av_one_full  flex_column_div av-zero-column-padding first  avia-builder-el-0  el_before_av_one_full  avia-builder-el-first  \" style='border-radius:0px; '><div  class='avia-image-container  av-styling-    avia-builder-el-1  avia-builder-el-no-sibling  avia-align-center '  itemprop=\"image\" itemscope=\"itemscope\" itemtype=\"https:\/\/schema.org\/ImageObject\"  ><div class='avia-image-container-inner'><div class='avia-image-overlay-wrap'><img decoding=\"async\" class='wp-image-25929 avia-img-lazy-loading-not-25929 avia_image' src=\"https:\/\/radiorevelacionfm.cl\/wp-content\/uploads\/2022\/12\/intervenciones-01-1_optimized.jpg\" alt='' title='intervenciones-01-(1)_optimized' height=\"600\" width=\"869\"  itemprop=\"thumbnailUrl\" srcset=\"https:\/\/radiorevelacionfm.cl\/wp-content\/uploads\/2022\/12\/intervenciones-01-1_optimized.jpg 869w, https:\/\/radiorevelacionfm.cl\/wp-content\/uploads\/2022\/12\/intervenciones-01-1_optimized-300x207.jpg 300w, https:\/\/radiorevelacionfm.cl\/wp-content\/uploads\/2022\/12\/intervenciones-01-1_optimized-768x530.jpg 768w, https:\/\/radiorevelacionfm.cl\/wp-content\/uploads\/2022\/12\/intervenciones-01-1_optimized-705x487.jpg 705w, https:\/\/radiorevelacionfm.cl\/wp-content\/uploads\/2022\/12\/intervenciones-01-1_optimized-600x414.jpg 600w\" sizes=\"(max-width: 869px) 100vw, 869px\" \/><\/div><\/div><\/div><\/div>\n<div class=\"flex_column av_one_full  flex_column_div av-zero-column-padding first  avia-builder-el-2  el_after_av_one_full  el_before_av_one_full  column-top-margin\" style='border-radius:0px; '><section class=\"av_textblock_section \"  itemscope=\"itemscope\" itemtype=\"https:\/\/schema.org\/BlogPosting\" itemprop=\"blogPost\" ><div class='avia_textblock  '   itemprop=\"text\" ><p style=\"text-align: center;\"><strong><span style=\"font-size: 18pt;\">Fondo Extraordinario Transitorio permite reducir listas de espera quir\u00fargica y otras prestaciones m\u00e9dicas en la regi\u00f3n de Ays\u00e9n<\/span><\/strong><\/p>\n<div id=\"gtx-trans\" style=\"position: absolute; left: -50px; top: 4.31534px;\">\n<div class=\"gtx-trans-icon\"><\/div>\n<\/div>\n<\/div><\/section><\/div><div class=\"flex_column av_one_full  flex_column_div av-zero-column-padding first  avia-builder-el-4  el_after_av_one_full  el_before_av_hr  column-top-margin\" style='border-radius:0px; '><section class=\"av_textblock_section \"  itemscope=\"itemscope\" itemtype=\"https:\/\/schema.org\/BlogPosting\" itemprop=\"blogPost\" ><div class='avia_textblock  '   itemprop=\"text\" ><p style=\"text-align: justify;\">Un escenario complejo para resolver la Lista de Espera Quir\u00fargica dej\u00f3 la pandemia por Covid-19 que por m\u00e1s de dos a\u00f1os mantuvo en vilo al pa\u00eds. Es en ese contexto, que para su resoluci\u00f3n y avance, se cre\u00f3 el Fondo Extraordinario Transitorio (FET), con el que se pretende, v\u00eda Fonasa, resolver esa carga asistencial en los 29 Servicios de Salud del pa\u00eds, incluyendo, por cierto, al Servicio de Salud Ays\u00e9n (SSA).<\/p>\n<p style=\"text-align: justify;\">Respecto a su implementaci\u00f3n, Hern\u00e1n Barrientos, subdirector de Gesti\u00f3n Asistencial del Servicio de Salud Ays\u00e9n se\u00f1al\u00f3 que \u201cuna de las grandes secuelas que ha dejado la pandemia y que tenemos que ir superando con rapidez es la lista de espera quir\u00fargica, la que lamentablemente se prolong\u00f3 m\u00e1s de la cuenta. Hoy d\u00eda, es prioridad ministerial y tambi\u00e9n de nuestro Presidente Gabriel Boric sacar adelante la lista de espera, y por ese motivo junto al Hospital Regional Coyhaique y tambi\u00e9n con el Hospital de Puerto Ays\u00e9n estamos redoblando los esfuerzos en una estrategia para aumentar la productividad de los pabellones lo que rendir\u00e1 frutos para nuestra poblaci\u00f3n y as\u00ed ir disminuyendo esta brecha quir\u00fargica y de lista de espera en la regi\u00f3n de Ays\u00e9n\u201d.<\/p>\n<p style=\"text-align: justify;\">En concreto, la estrategia tiene por objetivo la priorizaci\u00f3n de los casos con mayor retraso o tiempo de espera, incluyendo garant\u00edas retrasadas GES y lista de espera No GES en Cirug\u00eda Mayor Ambulatoria y Hospitalaria, Cirug\u00eda Menor, Salud Mental, de pacientes oncol\u00f3gicos, consultas de especialidad y procedimientos.<\/p>\n<p style=\"text-align: justify;\">Para Hern\u00e1n Barrientos, la generaci\u00f3n de esta estrategia, que contempla el uso de pabellones fuera del horario h\u00e1bil supone una gran ventaja para la comunidad \u201clo bueno de esta estrategia, es que tiene cierta flexibilidad, a fin de propiciar planes de acci\u00f3n adecuados a la realidad local, en la que podemos concentrarnos en la efectiva demanda de cada uno de nuestros territorios y dar respuesta a esa asistencialidad espec\u00edfica que tiene nuestra gente, siempre con pertinencia, que es uno de nuestros grandes objetivos como Servicio de Salud\u201d.<\/p>\n<p style=\"text-align: justify;\">Por otra parte, Daniela Mansilla, referente de la Gesti\u00f3n de Lista de Espera de la Subdirecci\u00f3n de Gesti\u00f3n Asistencial del Servicio de Salud Ays\u00e9n, se\u00f1al\u00f3 que el gran objetivo \u201cprimero es ir avanzando en la resoluci\u00f3n del aumento de los tiempos de espera de la demanda de intervenciones que se vio incrementada por la pandemia por Covid-19, en el que se tuvo que restringir el uso de pabellones. En segundo lugar, avanzar en la mediana complejidad del Hospital de Puerto Ays\u00e9n con la resoluci\u00f3n de la cirug\u00eda mayor ambulatoria y de otras prestaciones. En definitiva, optimizar y usar eficientemente los recursos con los que disponemos en los principales establecimientos de nuestra Red Asistencial\u201d, remat\u00f3.<\/p>\n<\/div><\/section><\/div><\/p>\n<div  style='height:50px' class='hr hr-invisible   avia-builder-el-6  el_after_av_one_full  el_before_av_social_share '><span class='hr-inner ' ><span class='hr-inner-style'><\/span><\/span><\/div>\n<div  class='av-social-sharing-box  avia-builder-el-7  el_after_av_hr  el_before_av_hr  '><div class='av-share-box'><h5 class='av-share-link-description av-no-toc '>Compartir esta noticia<\/h5><ul class='av-share-box-list noLightbox'><li class='av-share-link av-social-link-facebook' ><a target=\"_blank\" aria-label=\"Compartir en Facebook\" href='https:\/\/www.facebook.com\/sharer.php?u=https:\/\/radiorevelacionfm.cl\/?p=25928&#038;t=Fondo%20Extraordinario%20Transitorio%20permite%20reducir%20listas%20de%20espera%20quir%C3%BArgica%20y%20otras%20prestaciones%20m%C3%A9dicas%20en%20la%20regi%C3%B3n%20de%20Ays%C3%A9n' aria-hidden='false' data-av_icon='\ue8f3' data-av_iconfont='entypo-fontello' title='' data-avia-related-tooltip='Compartir en Facebook' rel=\"noopener\"><span class='avia_hidden_link_text'>Compartir en Facebook<\/span><\/a><\/li><li class='av-share-link av-social-link-twitter' ><a target=\"_blank\" aria-label=\"Compartir en Twitter\" href='https:\/\/twitter.com\/share?text=Fondo%20Extraordinario%20Transitorio%20permite%20reducir%20listas%20de%20espera%20quir%C3%BArgica%20y%20otras%20prestaciones%20m%C3%A9dicas%20en%20la%20regi%C3%B3n%20de%20Ays%C3%A9n&#038;url=https:\/\/radiorevelacionfm.cl\/?p=25928' aria-hidden='false' data-av_icon='\ue8f1' data-av_iconfont='entypo-fontello' title='' data-avia-related-tooltip='Compartir en Twitter' rel=\"noopener\"><span class='avia_hidden_link_text'>Compartir en Twitter<\/span><\/a><\/li><li class='av-share-link av-social-link-whatsapp' ><a target=\"_blank\" aria-label=\"Compartir en Whatsapp\" href='https:\/\/api.whatsapp.com\/send?text=https:\/\/radiorevelacionfm.cl\/?p=25928' aria-hidden='false' data-av_icon='\uf232' data-av_iconfont='entypo-fontello' title='' data-avia-related-tooltip='Compartir en Whatsapp' rel=\"noopener\"><span class='avia_hidden_link_text'>Compartir en Whatsapp<\/span><\/a><\/li><li class='av-share-link av-social-link-linkedin' ><a target=\"_blank\" aria-label=\"Compartir en LinkedIn\" href='https:\/\/linkedin.com\/shareArticle?mini=true&#038;title=Fondo%20Extraordinario%20Transitorio%20permite%20reducir%20listas%20de%20espera%20quir%C3%BArgica%20y%20otras%20prestaciones%20m%C3%A9dicas%20en%20la%20regi%C3%B3n%20de%20Ays%C3%A9n&#038;url=https:\/\/radiorevelacionfm.cl\/?p=25928' aria-hidden='false' data-av_icon='\ue8fc' data-av_iconfont='entypo-fontello' title='' data-avia-related-tooltip='Compartir en LinkedIn' rel=\"noopener\"><span class='avia_hidden_link_text'>Compartir en LinkedIn<\/span><\/a><\/li><li class='av-share-link av-social-link-mail' ><a  aria-label=\"Compartir por correo\" href='mailto:?subject=Fondo%20Extraordinario%20Transitorio%20permite%20reducir%20listas%20de%20espera%20quir%C3%BArgica%20y%20otras%20prestaciones%20m%C3%A9dicas%20en%20la%20regi%C3%B3n%20de%20Ays%C3%A9n&#038;body=https:\/\/radiorevelacionfm.cl\/?p=25928' aria-hidden='false' data-av_icon='\ue805' data-av_iconfont='entypo-fontello' title='' data-avia-related-tooltip='Compartir por correo'><span class='avia_hidden_link_text'>Compartir por correo<\/span><\/a><\/li><\/ul><\/div><\/div>\n<div  style='height:50px' class='hr hr-invisible   avia-builder-el-8  el_after_av_social_share  el_before_av_comments_list '><span class='hr-inner ' ><span class='hr-inner-style'><\/span><\/span><\/div>\n<div  class='av-buildercomment  av-blog-meta-html-info-disabled av-blog-meta-tag-disabled  '><\/div>\n","protected":false},"excerpt":{"rendered":"","protected":false},"author":1,"featured_media":25929,"comment_status":"open","ping_status":"open","sticky":false,"template":"","format":"standard","meta":{"footnotes":""},"categories":[46],"tags":[],"class_list":["post-25928","post","type-post","status-publish","format-standard","has-post-thumbnail","hentry","category-salud"],"jetpack_featured_media_url":"https:\/\/radiorevelacionfm.cl\/wp-content\/uploads\/2022\/12\/intervenciones-01-1_optimized.jpg","_links":{"self":[{"href":"https:\/\/radiorevelacionfm.cl\/index.php?rest_route=\/wp\/v2\/posts\/25928","targetHints":{"allow":["GET"]}}],"collection":[{"href":"https:\/\/radiorevelacionfm.cl\/index.php?rest_route=\/wp\/v2\/posts"}],"about":[{"href":"https:\/\/radiorevelacionfm.cl\/index.php?rest_route=\/wp\/v2\/types\/post"}],"author":[{"embeddable":true,"href":"https:\/\/radiorevelacionfm.cl\/index.php?rest_route=\/wp\/v2\/users\/1"}],"replies":[{"embeddable":true,"href":"https:\/\/radiorevelacionfm.cl\/index.php?rest_route=%2Fwp%2Fv2%2Fcomments&post=25928"}],"version-history":[{"count":3,"href":"https:\/\/radiorevelacionfm.cl\/index.php?rest_route=\/wp\/v2\/posts\/25928\/revisions"}],"predecessor-version":[{"id":25932,"href":"https:\/\/radiorevelacionfm.cl\/index.php?rest_route=\/wp\/v2\/posts\/25928\/revisions\/25932"}],"wp:featuredmedia":[{"embeddable":true,"href":"https:\/\/radiorevelacionfm.cl\/index.php?rest_route=\/wp\/v2\/media\/25929"}],"wp:attachment":[{"href":"https:\/\/radiorevelacionfm.cl\/index.php?rest_route=%2Fwp%2Fv2%2Fmedia&parent=25928"}],"wp:term":[{"taxonomy":"category","embeddable":true,"href":"https:\/\/radiorevelacionfm.cl\/index.php?rest_route=%2Fwp%2Fv2%2Fcategories&post=25928"},{"taxonomy":"post_tag","embeddable":true,"href":"https:\/\/radiorevelacionfm.cl\/index.php?rest_route=%2Fwp%2Fv2%2Ftags&post=25928"}],"curies":[{"name":"wp","href":"https:\/\/api.w.org\/{rel}","templated":true}]}}