{"id":25924,"date":"2022-12-27T11:39:05","date_gmt":"2022-12-27T14:39:05","guid":{"rendered":"https:\/\/radiorevelacionfm.cl\/?p=25924"},"modified":"2022-12-27T11:39:05","modified_gmt":"2022-12-27T14:39:05","slug":"jovenes-de-coyhaique-y-chile-chico-participan-en-talleres-de-arte-y-diseno-desarrollados-con-tecnologia-3d","status":"publish","type":"post","link":"https:\/\/radiorevelacionfm.cl\/?p=25924","title":{"rendered":"J\u00f3venes de Coyhaique y Chile Chico participan en talleres de arte y dise\u00f1o desarrollados con tecnolog\u00eda 3D"},"content":{"rendered":"<div class=\"flex_column av_one_full  flex_column_div av-zero-column-padding first  avia-builder-el-0  el_before_av_one_full  avia-builder-el-first  \" style='border-radius:0px; '><div  class='avia-image-container  av-styling-    avia-builder-el-1  avia-builder-el-no-sibling  avia-align-center '  itemprop=\"image\" itemscope=\"itemscope\" itemtype=\"https:\/\/schema.org\/ImageObject\"  ><div class='avia-image-container-inner'><div class='avia-image-overlay-wrap'><img decoding=\"async\" class='wp-image-25925 avia-img-lazy-loading-not-25925 avia_image' src=\"https:\/\/radiorevelacionfm.cl\/wp-content\/uploads\/2022\/12\/IMG_1133-1-1.jpg\" alt='' title='IMG_1133 (1) (1)' height=\"600\" width=\"800\"  itemprop=\"thumbnailUrl\" srcset=\"https:\/\/radiorevelacionfm.cl\/wp-content\/uploads\/2022\/12\/IMG_1133-1-1.jpg 800w, https:\/\/radiorevelacionfm.cl\/wp-content\/uploads\/2022\/12\/IMG_1133-1-1-300x225.jpg 300w, https:\/\/radiorevelacionfm.cl\/wp-content\/uploads\/2022\/12\/IMG_1133-1-1-768x576.jpg 768w, https:\/\/radiorevelacionfm.cl\/wp-content\/uploads\/2022\/12\/IMG_1133-1-1-705x529.jpg 705w, https:\/\/radiorevelacionfm.cl\/wp-content\/uploads\/2022\/12\/IMG_1133-1-1-600x450.jpg 600w\" sizes=\"(max-width: 800px) 100vw, 800px\" \/><\/div><\/div><\/div><\/div><div class=\"flex_column av_one_full  flex_column_div av-zero-column-padding first  avia-builder-el-2  el_after_av_one_full  el_before_av_one_full  column-top-margin\" style='border-radius:0px; '><section class=\"av_textblock_section \"  itemscope=\"itemscope\" itemtype=\"https:\/\/schema.org\/BlogPosting\" itemprop=\"blogPost\" ><div class='avia_textblock  '   itemprop=\"text\" ><p style=\"text-align: center;\"><strong><span style=\"font-size: 18pt;\">J\u00f3venes de Coyhaique y Chile Chico participan en talleres de arte y dise\u00f1o desarrollados con tecnolog\u00eda 3D<\/span><\/strong><\/p>\n<div id=\"gtx-trans\" style=\"position: absolute; left: -50px; top: 4.31534px;\">\n<div class=\"gtx-trans-icon\"><\/div>\n<\/div>\n<\/div><\/section><\/div><div class=\"flex_column av_one_full  flex_column_div av-zero-column-padding first  avia-builder-el-4  el_after_av_one_full  el_before_av_hr  column-top-margin\" style='border-radius:0px; '><section class=\"av_textblock_section \"  itemscope=\"itemscope\" itemtype=\"https:\/\/schema.org\/BlogPosting\" itemprop=\"blogPost\" ><div class='avia_textblock  '   itemprop=\"text\" ><p style=\"text-align: justify;\">Con el objetivo de fomentar la participaci\u00f3n de las y los j\u00f3venes y \u00a0entregarles las herramientas para que generen cambios que sus entornos necesitan, el Instituto Nacional de la Juventud (INJUV) a trav\u00e9s del proyecto ConectAys\u00e9n VR, realiz\u00f3 talleres gratuitos de impresi\u00f3n 3D, en las comunas de Chile Chico y Coyhaique.<\/p>\n<p style=\"text-align: justify;\">El proyecto ConectAys\u00e9n VR consisti\u00f3 en desarrollar talleres explorativos, te\u00f3ricos y pr\u00e1cticos en torno a la realidad virtual y a los entornos de desarrollo 3D, esto con la finalidad de promover nuevas ideas en relaci\u00f3n a la tecnolog\u00eda a las y los j\u00f3venes, y a su vez fomentar la participaci\u00f3n comunitaria y social respondiendo a sus necesidades.<\/p>\n<p style=\"text-align: justify;\">El proceso involucr\u00f3 el uso de dispositivos tecnol\u00f3gicos de \u00faltima generaci\u00f3n como los lentes de realidad virtual, impresoras 3D, hardware y software computacional, tabletas digitalizadoras, entre otras, adem\u00e1s de una variada documentaci\u00f3n sobre el desarrollo y uso de estos dispositivos. Se apoy\u00f3 el desarrollo de \u00a0estos procesos de aprendizaje a trav\u00e9s de la creaci\u00f3n digital de experiencias y productos con software de dise\u00f1o, modelado, edici\u00f3n e impresi\u00f3n 3D y m\u00e9todos de post-procesado que los beneficiarios pudieron disponer una vez finalizaron los talleres.<\/p>\n<p style=\"text-align: justify;\">\u201cDestacamos el inter\u00e9s y participaci\u00f3n de nuestros j\u00f3venes, estamos convencidos que una juventud activa y participativa es clave para fortalecer el tejido social. El objetivo de INJUV es entregar herramientas a las y los j\u00f3venes que tienen ideas o quieran potenciar sus habilidades de liderazgo y que quieran lograr un cambio real, tanto a nivel local o macro. Invitamos a nuestra comunidad juvenil regional a informarse a trav\u00e9s de nuestras redes sociales, Fan Page, Instagram y Twitter @injuvaysen de las distintas actividades que realizamos, enfocadas especialmente para nuestros j\u00f3venes ayseninos\u201d, se\u00f1al\u00f3 la directora regional (s) de INJUV Ays\u00e9n, G\u00e9nesis Arias Fuentes.<\/p>\n<p style=\"text-align: justify;\">\u201cEste proyecto ConectaAys\u00e9n fue una tremenda oportunidad para que nuestros j\u00f3venes de nuestra regi\u00f3n tan distante y apartada puedan tener contacto directo con la tecnolog\u00eda, poder tener una mirada espacial en 3D de entornos que no est\u00e1n ac\u00e1, poder dise\u00f1ar desde un dibujo y lograr imprimir ese mismo dibujo en 3D, hace que la imaginaci\u00f3n y el entusiasmo por las nuevas tecnolog\u00edas de los j\u00f3venes de Ays\u00e9n sea mucho m\u00e1s alta, estamos muy contentos como Ministerio por la participaci\u00f3n que han tenido, la constancia, que invita adem\u00e1s a poder promover una participaci\u00f3n comunitaria social y abrir estos espacios tecnol\u00f3gicos al resto de las y los j\u00f3venes de la regi\u00f3n de Ays\u00e9n\u201d, explic\u00f3 la Seremi de Desarrollo Social y Familia, Karina Acevedo Auad.<\/p>\n<p style=\"text-align: justify;\">Javiera Molina, joven beneficiaria, sostuvo que \u201cfueron muy entretenidos los talleres para explorar cosas nuevas y aprender sobre tecnolog\u00eda 3D, me gustar\u00eda que se sigan realizando este tipo de instancias y as\u00ed seguir participando\u201d.<\/p>\n<p style=\"text-align: justify;\">En tanto, Mart\u00edn Sanda\u00f1a, indic\u00f3 que \u201cfue bastante entretenido, aprendimos varias cosas, como es todo el proceso, como funcionan las impresoras 3D, los programas que hay que utilizar, y despu\u00e9s lo que significa el post procesado. Ser\u00eda bueno que se sigan realizando este tipo de talleres, son interesantes, diferentes, son talleres que no se realizan en la regi\u00f3n\u201d.<\/p>\n<\/div><\/section><\/div><div  style='height:50px' class='hr hr-invisible   avia-builder-el-6  el_after_av_one_full  el_before_av_social_share '><span class='hr-inner ' ><span class='hr-inner-style'><\/span><\/span><\/div><\/p>\n<div  class='av-social-sharing-box  avia-builder-el-7  el_after_av_hr  el_before_av_hr  '><div class='av-share-box'><h5 class='av-share-link-description av-no-toc '>Compartir esta noticia<\/h5><ul class='av-share-box-list noLightbox'><li class='av-share-link av-social-link-facebook' ><a target=\"_blank\" aria-label=\"Compartir en Facebook\" href='https:\/\/www.facebook.com\/sharer.php?u=https:\/\/radiorevelacionfm.cl\/?p=25924&#038;t=J%C3%B3venes%20de%20Coyhaique%20y%20Chile%20Chico%20participan%20en%20talleres%20de%20arte%20y%20dise%C3%B1o%20desarrollados%20con%20tecnolog%C3%ADa%203D' aria-hidden='false' data-av_icon='\ue8f3' data-av_iconfont='entypo-fontello' title='' data-avia-related-tooltip='Compartir en Facebook' rel=\"noopener\"><span class='avia_hidden_link_text'>Compartir en Facebook<\/span><\/a><\/li><li class='av-share-link av-social-link-twitter' ><a target=\"_blank\" aria-label=\"Compartir en Twitter\" href='https:\/\/twitter.com\/share?text=J%C3%B3venes%20de%20Coyhaique%20y%20Chile%20Chico%20participan%20en%20talleres%20de%20arte%20y%20dise%C3%B1o%20desarrollados%20con%20tecnolog%C3%ADa%203D&#038;url=https:\/\/radiorevelacionfm.cl\/?p=25924' aria-hidden='false' data-av_icon='\ue8f1' data-av_iconfont='entypo-fontello' title='' data-avia-related-tooltip='Compartir en Twitter' rel=\"noopener\"><span class='avia_hidden_link_text'>Compartir en Twitter<\/span><\/a><\/li><li class='av-share-link av-social-link-whatsapp' ><a target=\"_blank\" aria-label=\"Compartir en Whatsapp\" href='https:\/\/api.whatsapp.com\/send?text=https:\/\/radiorevelacionfm.cl\/?p=25924' aria-hidden='false' data-av_icon='\uf232' data-av_iconfont='entypo-fontello' title='' data-avia-related-tooltip='Compartir en Whatsapp' rel=\"noopener\"><span class='avia_hidden_link_text'>Compartir en Whatsapp<\/span><\/a><\/li><li class='av-share-link av-social-link-linkedin' ><a target=\"_blank\" aria-label=\"Compartir en LinkedIn\" href='https:\/\/linkedin.com\/shareArticle?mini=true&#038;title=J%C3%B3venes%20de%20Coyhaique%20y%20Chile%20Chico%20participan%20en%20talleres%20de%20arte%20y%20dise%C3%B1o%20desarrollados%20con%20tecnolog%C3%ADa%203D&#038;url=https:\/\/radiorevelacionfm.cl\/?p=25924' aria-hidden='false' data-av_icon='\ue8fc' data-av_iconfont='entypo-fontello' title='' data-avia-related-tooltip='Compartir en LinkedIn' rel=\"noopener\"><span class='avia_hidden_link_text'>Compartir en LinkedIn<\/span><\/a><\/li><li class='av-share-link av-social-link-mail' ><a  aria-label=\"Compartir por correo\" href='mailto:?subject=J%C3%B3venes%20de%20Coyhaique%20y%20Chile%20Chico%20participan%20en%20talleres%20de%20arte%20y%20dise%C3%B1o%20desarrollados%20con%20tecnolog%C3%ADa%203D&#038;body=https:\/\/radiorevelacionfm.cl\/?p=25924' aria-hidden='false' data-av_icon='\ue805' data-av_iconfont='entypo-fontello' title='' data-avia-related-tooltip='Compartir por correo'><span class='avia_hidden_link_text'>Compartir por correo<\/span><\/a><\/li><\/ul><\/div><\/div>\n<div  style='height:50px' class='hr hr-invisible   avia-builder-el-8  el_after_av_social_share  el_before_av_comments_list '><span class='hr-inner ' ><span class='hr-inner-style'><\/span><\/span><\/div>\n<div  class='av-buildercomment  av-blog-meta-html-info-disabled av-blog-meta-tag-disabled  '><\/div>\n","protected":false},"excerpt":{"rendered":"","protected":false},"author":1,"featured_media":25925,"comment_status":"open","ping_status":"open","sticky":false,"template":"","format":"standard","meta":{"footnotes":""},"categories":[38],"tags":[],"class_list":["post-25924","post","type-post","status-publish","format-standard","has-post-thumbnail","hentry","category-regional"],"jetpack_featured_media_url":"https:\/\/radiorevelacionfm.cl\/wp-content\/uploads\/2022\/12\/IMG_1133-1-1.jpg","_links":{"self":[{"href":"https:\/\/radiorevelacionfm.cl\/index.php?rest_route=\/wp\/v2\/posts\/25924","targetHints":{"allow":["GET"]}}],"collection":[{"href":"https:\/\/radiorevelacionfm.cl\/index.php?rest_route=\/wp\/v2\/posts"}],"about":[{"href":"https:\/\/radiorevelacionfm.cl\/index.php?rest_route=\/wp\/v2\/types\/post"}],"author":[{"embeddable":true,"href":"https:\/\/radiorevelacionfm.cl\/index.php?rest_route=\/wp\/v2\/users\/1"}],"replies":[{"embeddable":true,"href":"https:\/\/radiorevelacionfm.cl\/index.php?rest_route=%2Fwp%2Fv2%2Fcomments&post=25924"}],"version-history":[{"count":2,"href":"https:\/\/radiorevelacionfm.cl\/index.php?rest_route=\/wp\/v2\/posts\/25924\/revisions"}],"predecessor-version":[{"id":25927,"href":"https:\/\/radiorevelacionfm.cl\/index.php?rest_route=\/wp\/v2\/posts\/25924\/revisions\/25927"}],"wp:featuredmedia":[{"embeddable":true,"href":"https:\/\/radiorevelacionfm.cl\/index.php?rest_route=\/wp\/v2\/media\/25925"}],"wp:attachment":[{"href":"https:\/\/radiorevelacionfm.cl\/index.php?rest_route=%2Fwp%2Fv2%2Fmedia&parent=25924"}],"wp:term":[{"taxonomy":"category","embeddable":true,"href":"https:\/\/radiorevelacionfm.cl\/index.php?rest_route=%2Fwp%2Fv2%2Fcategories&post=25924"},{"taxonomy":"post_tag","embeddable":true,"href":"https:\/\/radiorevelacionfm.cl\/index.php?rest_route=%2Fwp%2Fv2%2Ftags&post=25924"}],"curies":[{"name":"wp","href":"https:\/\/api.w.org\/{rel}","templated":true}]}}