{"id":25907,"date":"2022-12-27T09:29:42","date_gmt":"2022-12-27T12:29:42","guid":{"rendered":"https:\/\/radiorevelacionfm.cl\/?p=25907"},"modified":"2022-12-27T09:29:42","modified_gmt":"2022-12-27T12:29:42","slug":"cores-de-chile-vamos-coinciden-en-que-crear-una-corporacion-regional-no-deberia-ser-prioridad","status":"publish","type":"post","link":"https:\/\/radiorevelacionfm.cl\/?p=25907","title":{"rendered":"CORES de Chile Vamos coinciden en que crear una Corporaci\u00f3n Regional no deber\u00eda ser prioridad"},"content":{"rendered":"<div class=\"flex_column av_one_full  flex_column_div av-zero-column-padding first  avia-builder-el-0  el_before_av_one_full  avia-builder-el-first  \" style='border-radius:0px; '><div  class='avia-image-container  av-styling-    avia-builder-el-1  avia-builder-el-no-sibling  avia-align-center '  itemprop=\"image\" itemscope=\"itemscope\" itemtype=\"https:\/\/schema.org\/ImageObject\"  ><div class='avia-image-container-inner'><div class='avia-image-overlay-wrap'><img decoding=\"async\" class='wp-image-25911 avia-img-lazy-loading-not-25911 avia_image' src=\"https:\/\/radiorevelacionfm.cl\/wp-content\/uploads\/2022\/12\/CORES-1-1.jpg\" alt='' title='CORES (1) (1)' height=\"600\" width=\"822\"  itemprop=\"thumbnailUrl\" srcset=\"https:\/\/radiorevelacionfm.cl\/wp-content\/uploads\/2022\/12\/CORES-1-1.jpg 822w, https:\/\/radiorevelacionfm.cl\/wp-content\/uploads\/2022\/12\/CORES-1-1-300x219.jpg 300w, https:\/\/radiorevelacionfm.cl\/wp-content\/uploads\/2022\/12\/CORES-1-1-768x561.jpg 768w, https:\/\/radiorevelacionfm.cl\/wp-content\/uploads\/2022\/12\/CORES-1-1-705x515.jpg 705w, https:\/\/radiorevelacionfm.cl\/wp-content\/uploads\/2022\/12\/CORES-1-1-600x438.jpg 600w\" sizes=\"(max-width: 822px) 100vw, 822px\" \/><\/div><\/div><\/div><\/div><div class=\"flex_column av_one_full  flex_column_div av-zero-column-padding first  avia-builder-el-2  el_after_av_one_full  el_before_av_one_full  column-top-margin\" style='border-radius:0px; '><section class=\"av_textblock_section \"  itemscope=\"itemscope\" itemtype=\"https:\/\/schema.org\/BlogPosting\" itemprop=\"blogPost\" ><div class='avia_textblock  '   itemprop=\"text\" ><p style=\"text-align: center;\"><span style=\"font-size: 18pt;\"><strong>CORES de Chile Vamos coinciden en que crear una Corporaci\u00f3n Regional no deber\u00eda ser prioridad <\/strong><\/span><\/p>\n<div id=\"gtx-trans\" style=\"position: absolute; left: -50px; top: 4.31534px;\">\n<div class=\"gtx-trans-icon\"><\/div>\n<\/div>\n<\/div><\/section><\/div><\/p>\n<div class=\"flex_column av_one_full  flex_column_div av-zero-column-padding first  avia-builder-el-4  el_after_av_one_full  el_before_av_hr  column-top-margin\" style='border-radius:0px; '><section class=\"av_textblock_section \"  itemscope=\"itemscope\" itemtype=\"https:\/\/schema.org\/BlogPosting\" itemprop=\"blogPost\" ><div class='avia_textblock  '   itemprop=\"text\" ><p style=\"text-align: justify;\">Los consejeros regionales de Chile Vamos, Loreto Villegas Almonacid (Evopoli), Omar Mu\u00f1oz Sierra (UDI) y Ra\u00fal Rudoplhi Altaner (RN) coincidieron en que crear una Corporaci\u00f3n Regional, como propone la Gobernadora Andrea Mac\u00edas, no deber\u00eda ser un tema prioritario, pues consideran que existen otros temas relevantes a los cuales hay que dar respuesta en las distintas provincias.<\/p>\n<p style=\"text-align: justify;\">Y esto, luego de que recientemente fuera nuevamente retirado de la tabla del pleno del Consejo Regional, el proyecto que busca poner en marcha esta instancia, situaci\u00f3n que se explicar\u00eda dado que no contar\u00eda con los 2\/3 de los votos favorables de los propios consejeros para concretarse.<\/p>\n<p style=\"text-align: justify;\">Sobre el tema, la consejera por la Provincia de Ays\u00e9n, Loreta Villegas, fue clara en se\u00f1alar que la nueva organizaci\u00f3n \u201cest\u00e1 surgiendo de manera bastante improvisada\u201d, enfatizando que \u00e9sta \u201cjam\u00e1s ha estado vinculada a ning\u00fan instrumento de planificaci\u00f3n\u201d, recordando adem\u00e1s que la idea tampoco fue planteada en el programa de gobierno que propuso la actual Gobernadora en su campa\u00f1a.<\/p>\n<p style=\"text-align: justify;\">En ese contexto, Villegas ejemplific\u00f3 la situaci\u00f3n con lo que pasa con la participaci\u00f3n del Gobierno Regional en la Corporaci\u00f3n CIEP, deslizando algunas cr\u00edticas: \u201ctodos los a\u00f1os, cuando hay que aprobar su presupuesto, hay bastante ruido, porque la Corporaci\u00f3n CIEP no ha sido capaz de traspasar los conocimientos o vincularse con el medio\u201d, pregunt\u00e1ndose entonces el por qu\u00e9 \u201cahora deber\u00eda ser diferente\u201d.<\/p>\n<p style=\"text-align: justify;\">En la misma l\u00ednea expres\u00f3 su postura el consejero por la Provincia de Coyhaique, Omar Mu\u00f1oz, quien fue enf\u00e1tico en se\u00f1alar que esta nueva corporaci\u00f3n \u201cimplicar\u00eda crear una estructura burocr\u00e1tica financiada por recursos del Estado, que podr\u00eda duplicar esfuerzos y recursos\u201d, puntualizando que hasta hace dos a\u00f1os estas corporaciones ten\u00edan ventajas, pero hoy existe una institucionalidad instalada con competencias en las mismas materias, muchas de ellas m\u00e1s convenientes.<\/p>\n<p style=\"text-align: justify;\">Adem\u00e1s, subray\u00f3 que la legislaci\u00f3n vigente ha venido ampliando el espectro de funciones y unidades t\u00e9cnicas con las cuales pueden trabajar los Gobiernos Regionales. \u201cDe hecho, a partir del a\u00f1o 2023 se ampl\u00eda radicalmente. A las instituciones p\u00fablicas se incorporan instituciones privadas sin fines de lucro, como corporaciones o fundaciones privadas, Juntas de Vecinos, clubes deportivos, los gremios, entre otros, y por cierto las municipalidades, las que podr\u00e1n ejecutar programas o proyectos seg\u00fan su naturaleza y normativa\u201d, agregando que no tendr\u00eda sentido adicionar \u201cuna institucionalidad m\u00e1s a las ya existentes en el aparataje p\u00fablico\u201d.<\/p>\n<p style=\"text-align: justify;\">En tanto, el CORE Ra\u00fal Rodolphi (RN) explic\u00f3 que esto no tiene prioridad en la comunidad, precisando que durante las reuniones realizadas por la comisi\u00f3n de reactivaci\u00f3n econ\u00f3mica, \u201cnos han se\u00f1alado como prioridad apoyar las econom\u00edas locales, a trav\u00e9s de la ejecuci\u00f3n de proyectos\u201d.<\/p>\n<p style=\"text-align: justify;\">Por lo mismo, dijo que \u201cnos han solicitado hacer seguimiento a los proyectos que son aprobados por el consejo regional, que permita adjudicar la ejecuci\u00f3n de las obras\u201d, insistiendo en que \u201cno se observa como prioridad iniciar el financiamiento de una corporaci\u00f3n indistintamente cu\u00e1l sea el foco\u201d.<\/p>\n<p style=\"text-align: justify;\">En definitiva, desde ChileVamos ven que la ventaja de las unidades t\u00e9cnicas p\u00fablicas o privadas que existen actualmente, no tienen el requisito de conseguir el 50% del financiamiento en el sector privado para ejecutar proyectos o programas.<\/p>\n<p style=\"text-align: justify;\">Adem\u00e1s, el costo de agenciamiento va en general entre un 5 y un 10% del costo del programa o proyecto, por cierto, muy menor al gasto permanente en que se incurr\u00eda en una corporaci\u00f3n, cuyo presupuesto propuesto para el a\u00f1o 2023 ser\u00eda de m\u00e1s de 1.400 millones de pesos. Por otra parte, a partir del a\u00f1o 2023 la ejecuci\u00f3n presupuestaria se devengar\u00e1 desde realizada la transferencia, sin importar si es una instituci\u00f3n p\u00fablica o privada.<\/p>\n<p style=\"text-align: justify;\">Cabe se\u00f1alar que el ejecutivo regional solicit\u00f3 un nuevo plazo de 30 d\u00edas para seguir estudiando el tema, si bien desde ChileVamos no creen que sea una buena propuesta, coincidiendo de paso con la posici\u00f3n asumida por la corporaci\u00f3n Multigremial, la que hace unos d\u00edas tambi\u00e9n critic\u00f3 la opci\u00f3n impulsada por la Gobernadora Regional.<\/p>\n<p style=\"text-align: justify;\"><em>\u00a0<\/em><\/p>\n<\/div><\/section><\/div>\n<div  style='height:50px' class='hr hr-invisible   avia-builder-el-6  el_after_av_one_full  el_before_av_social_share '><span class='hr-inner ' ><span class='hr-inner-style'><\/span><\/span><\/div>\n<div  class='av-social-sharing-box  avia-builder-el-7  el_after_av_hr  el_before_av_hr  '><div class='av-share-box'><h5 class='av-share-link-description av-no-toc '>Compartir esta noticia<\/h5><ul class='av-share-box-list noLightbox'><li class='av-share-link av-social-link-facebook' ><a target=\"_blank\" aria-label=\"Compartir en Facebook\" href='https:\/\/www.facebook.com\/sharer.php?u=https:\/\/radiorevelacionfm.cl\/?p=25907&#038;t=CORES%20de%20Chile%20Vamos%20coinciden%20en%20que%20crear%20una%20Corporaci%C3%B3n%20Regional%20no%20deber%C3%ADa%20ser%20prioridad' aria-hidden='false' data-av_icon='\ue8f3' data-av_iconfont='entypo-fontello' title='' data-avia-related-tooltip='Compartir en Facebook' rel=\"noopener\"><span class='avia_hidden_link_text'>Compartir en Facebook<\/span><\/a><\/li><li class='av-share-link av-social-link-twitter' ><a target=\"_blank\" aria-label=\"Compartir en Twitter\" href='https:\/\/twitter.com\/share?text=CORES%20de%20Chile%20Vamos%20coinciden%20en%20que%20crear%20una%20Corporaci%C3%B3n%20Regional%20no%20deber%C3%ADa%20ser%20prioridad&#038;url=https:\/\/radiorevelacionfm.cl\/?p=25907' aria-hidden='false' data-av_icon='\ue8f1' data-av_iconfont='entypo-fontello' title='' data-avia-related-tooltip='Compartir en Twitter' rel=\"noopener\"><span class='avia_hidden_link_text'>Compartir en Twitter<\/span><\/a><\/li><li class='av-share-link av-social-link-whatsapp' ><a target=\"_blank\" aria-label=\"Compartir en Whatsapp\" href='https:\/\/api.whatsapp.com\/send?text=https:\/\/radiorevelacionfm.cl\/?p=25907' aria-hidden='false' data-av_icon='\uf232' data-av_iconfont='entypo-fontello' title='' data-avia-related-tooltip='Compartir en Whatsapp' rel=\"noopener\"><span class='avia_hidden_link_text'>Compartir en Whatsapp<\/span><\/a><\/li><li class='av-share-link av-social-link-linkedin' ><a target=\"_blank\" aria-label=\"Compartir en LinkedIn\" href='https:\/\/linkedin.com\/shareArticle?mini=true&#038;title=CORES%20de%20Chile%20Vamos%20coinciden%20en%20que%20crear%20una%20Corporaci%C3%B3n%20Regional%20no%20deber%C3%ADa%20ser%20prioridad&#038;url=https:\/\/radiorevelacionfm.cl\/?p=25907' aria-hidden='false' data-av_icon='\ue8fc' data-av_iconfont='entypo-fontello' title='' data-avia-related-tooltip='Compartir en LinkedIn' rel=\"noopener\"><span class='avia_hidden_link_text'>Compartir en LinkedIn<\/span><\/a><\/li><li class='av-share-link av-social-link-mail' ><a  aria-label=\"Compartir por correo\" href='mailto:?subject=CORES%20de%20Chile%20Vamos%20coinciden%20en%20que%20crear%20una%20Corporaci%C3%B3n%20Regional%20no%20deber%C3%ADa%20ser%20prioridad&#038;body=https:\/\/radiorevelacionfm.cl\/?p=25907' aria-hidden='false' data-av_icon='\ue805' data-av_iconfont='entypo-fontello' title='' data-avia-related-tooltip='Compartir por correo'><span class='avia_hidden_link_text'>Compartir por correo<\/span><\/a><\/li><\/ul><\/div><\/div>\n<div  style='height:50px' class='hr hr-invisible   avia-builder-el-8  el_after_av_social_share  el_before_av_comments_list '><span class='hr-inner ' ><span class='hr-inner-style'><\/span><\/span><\/div>\n<div  class='av-buildercomment  av-blog-meta-html-info-disabled av-blog-meta-tag-disabled  '><\/div>\n","protected":false},"excerpt":{"rendered":"","protected":false},"author":1,"featured_media":25911,"comment_status":"open","ping_status":"open","sticky":false,"template":"","format":"standard","meta":{"footnotes":""},"categories":[35],"tags":[],"class_list":["post-25907","post","type-post","status-publish","format-standard","has-post-thumbnail","hentry","category-politica"],"jetpack_featured_media_url":"https:\/\/radiorevelacionfm.cl\/wp-content\/uploads\/2022\/12\/CORES-1-1.jpg","_links":{"self":[{"href":"https:\/\/radiorevelacionfm.cl\/index.php?rest_route=\/wp\/v2\/posts\/25907","targetHints":{"allow":["GET"]}}],"collection":[{"href":"https:\/\/radiorevelacionfm.cl\/index.php?rest_route=\/wp\/v2\/posts"}],"about":[{"href":"https:\/\/radiorevelacionfm.cl\/index.php?rest_route=\/wp\/v2\/types\/post"}],"author":[{"embeddable":true,"href":"https:\/\/radiorevelacionfm.cl\/index.php?rest_route=\/wp\/v2\/users\/1"}],"replies":[{"embeddable":true,"href":"https:\/\/radiorevelacionfm.cl\/index.php?rest_route=%2Fwp%2Fv2%2Fcomments&post=25907"}],"version-history":[{"count":3,"href":"https:\/\/radiorevelacionfm.cl\/index.php?rest_route=\/wp\/v2\/posts\/25907\/revisions"}],"predecessor-version":[{"id":25918,"href":"https:\/\/radiorevelacionfm.cl\/index.php?rest_route=\/wp\/v2\/posts\/25907\/revisions\/25918"}],"wp:featuredmedia":[{"embeddable":true,"href":"https:\/\/radiorevelacionfm.cl\/index.php?rest_route=\/wp\/v2\/media\/25911"}],"wp:attachment":[{"href":"https:\/\/radiorevelacionfm.cl\/index.php?rest_route=%2Fwp%2Fv2%2Fmedia&parent=25907"}],"wp:term":[{"taxonomy":"category","embeddable":true,"href":"https:\/\/radiorevelacionfm.cl\/index.php?rest_route=%2Fwp%2Fv2%2Fcategories&post=25907"},{"taxonomy":"post_tag","embeddable":true,"href":"https:\/\/radiorevelacionfm.cl\/index.php?rest_route=%2Fwp%2Fv2%2Ftags&post=25907"}],"curies":[{"name":"wp","href":"https:\/\/api.w.org\/{rel}","templated":true}]}}