{"id":25901,"date":"2022-12-26T18:06:57","date_gmt":"2022-12-26T21:06:57","guid":{"rendered":"https:\/\/radiorevelacionfm.cl\/?p=25901"},"modified":"2022-12-26T18:06:57","modified_gmt":"2022-12-26T21:06:57","slug":"la-ruta-del-acordeon-cierra-el-ano-con-un-imperdible-encuentro-de-acordeonistas","status":"publish","type":"post","link":"https:\/\/radiorevelacionfm.cl\/?p=25901","title":{"rendered":"La Ruta del Acorde\u00f3n cierra el a\u00f1o con un imperdible encuentro de acordeonistas"},"content":{"rendered":"<div class=\"flex_column av_one_full  flex_column_div av-zero-column-padding first  avia-builder-el-0  el_before_av_one_full  avia-builder-el-first  \" style='border-radius:0px; '><div  class='avia-image-container  av-styling-    avia-builder-el-1  avia-builder-el-no-sibling  avia-align-center '  itemprop=\"image\" itemscope=\"itemscope\" itemtype=\"https:\/\/schema.org\/ImageObject\"  ><div class='avia-image-container-inner'><div class='avia-image-overlay-wrap'><img decoding=\"async\" class='wp-image-25902 avia-img-lazy-loading-not-25902 avia_image' src=\"https:\/\/radiorevelacionfm.cl\/wp-content\/uploads\/2022\/12\/Lito-Oyarzo1-1-1.jpg\" alt='' title='Lito Oyarzo1 (1) (1)' height=\"600\" width=\"1407\"  itemprop=\"thumbnailUrl\" srcset=\"https:\/\/radiorevelacionfm.cl\/wp-content\/uploads\/2022\/12\/Lito-Oyarzo1-1-1.jpg 1407w, https:\/\/radiorevelacionfm.cl\/wp-content\/uploads\/2022\/12\/Lito-Oyarzo1-1-1-300x128.jpg 300w, https:\/\/radiorevelacionfm.cl\/wp-content\/uploads\/2022\/12\/Lito-Oyarzo1-1-1-1030x439.jpg 1030w, https:\/\/radiorevelacionfm.cl\/wp-content\/uploads\/2022\/12\/Lito-Oyarzo1-1-1-768x328.jpg 768w, https:\/\/radiorevelacionfm.cl\/wp-content\/uploads\/2022\/12\/Lito-Oyarzo1-1-1-705x301.jpg 705w, https:\/\/radiorevelacionfm.cl\/wp-content\/uploads\/2022\/12\/Lito-Oyarzo1-1-1-600x256.jpg 600w\" sizes=\"(max-width: 1407px) 100vw, 1407px\" \/><\/div><\/div><\/div><\/div><div class=\"flex_column av_one_full  flex_column_div av-zero-column-padding first  avia-builder-el-2  el_after_av_one_full  el_before_av_one_full  column-top-margin\" style='border-radius:0px; '><section class=\"av_textblock_section \"  itemscope=\"itemscope\" itemtype=\"https:\/\/schema.org\/BlogPosting\" itemprop=\"blogPost\" ><div class='avia_textblock  '   itemprop=\"text\" ><p style=\"text-align: center;\"><span style=\"font-size: 18pt;\"><b>La Ruta del Acorde\u00f3n cierra el a\u00f1o con un imperdible encuentro de acordeonistas<\/b><\/span><\/p>\n<div id=\"gtx-trans\" style=\"position: absolute; left: -50px; top: 4.31534px;\">\n<div class=\"gtx-trans-icon\"><\/div>\n<\/div>\n<\/div><\/section><\/div><div class=\"flex_column av_one_full  flex_column_div av-zero-column-padding first  avia-builder-el-4  el_after_av_one_full  el_before_av_hr  column-top-margin\" style='border-radius:0px; '><section class=\"av_textblock_section \"  itemscope=\"itemscope\" itemtype=\"https:\/\/schema.org\/BlogPosting\" itemprop=\"blogPost\" ><div class='avia_textblock  '   itemprop=\"text\" ><p style=\"font-weight: 400; text-align: justify;\">Cinco destacados cultores de las regiones de Los Lagos y Ays\u00e9n se reunir\u00e1n en forma virtual para conversar sobre tradiciones y culturas, donde habr\u00e1 espacio para la m\u00fasica y el intercambio de ritmos y melod\u00edas.<\/p>\n<p style=\"font-weight: 400; text-align: justify;\">El\u00a0<strong>jueves 29<\/strong>\u00a0de diciembre a las\u00a0<strong>19:30<\/strong>\u00a0horas se conectar\u00e1n, desde cinco diferentes puntos del sur de Chile, reconocidos exponentes del acorde\u00f3n, para as\u00ed cerrar con broche de oro la ejecuci\u00f3n del proyecto de difusi\u00f3n de\u00a0<em>La Ruta del Acorde\u00f3n<\/em>.<\/p>\n<p style=\"font-weight: 400; text-align: justify;\">Blaz Argel de Frutillar, Humberto Ang\u00fcita de Futaleuf\u00fa, Millaray Parra de Nerc\u00f3n (Chilo\u00e9), Lito Oyarzo de Coyhaique y C\u00e9sar C\u00e1rcamo de Puerto Montt, son los invitados de lujo que dar\u00e1n vida a este encuentro. En la oportunidad, intercambiar\u00e1n experiencias y apreciaciones respecto a la influencia que este instrumento ha forjado en la identidad cultural de sus localidades, adem\u00e1s de interpretar en vivo y en directo algunas de las canciones m\u00e1s ic\u00f3nicas de su repertorio.<\/p>\n<p style=\"font-weight: 400; text-align: justify;\">Alberto Gajardo, director de La Ruta del Acorde\u00f3n, coment\u00f3 respecto a la actividad: \u201cQuisimos cerrar el a\u00f1o con m\u00fasica en vivo, para poder reconocer y relevar la labor de destacados acordeonistas de distintas localidades y con diversos repertorios. Decidimos adem\u00e1s que esta actividad fuera virtual para que as\u00ed todas las personas que viven en localidades aisladas del sur de Chile, y que reconocen en el acorde\u00f3n un elemento identitario y que disfrutan de sus sonidos, pudieran conectarse y disfrutar este momento. Pero adem\u00e1s la invitaci\u00f3n est\u00e1 abierta a todo el mundo que goza con las tradiciones, la m\u00fasica y la cultura\u201d.<\/p>\n<p style=\"font-weight: 400; text-align: justify;\">El evento ser\u00e1 transmitido por el\u00a0<strong>Facebook<\/strong>\u00a0del Proyecto:\u00a0<strong>La Ruta del Acorde\u00f3n<\/strong>, y est\u00e1 todo el mundo invitado a disfrutar de la m\u00fasica, interactuar con los invitados y celebrar nuestras tradiciones.<\/p>\n<p style=\"font-weight: 400; text-align: justify;\">Cabe destacar que todas las actividades que realiza La Ruta del Acorde\u00f3n se difunden a trav\u00e9s de sus redes sociales en Facebook, Instagram y TikTok. Adem\u00e1s, todo el contenido desarrollado por el proyecto se puede encontrar en<a href=\"http:\/\/www.larutadelacordeon.cl\/\" data-saferedirecturl=\"https:\/\/www.google.com\/url?q=http:\/\/www.larutadelacordeon.cl\/&amp;source=gmail&amp;ust=1672171550640000&amp;usg=AOvVaw0E_zULQSSN0IrPtf8yf7OD\"> www.larutadelacordeon.c<\/a><\/p>\n<p style=\"text-align: justify;\">Este proyecto de difusi\u00f3n es financiado por el Fondo Nacional de Desarrollo Cultural y las Artes, \u00e1mbito regional de financiamiento, convocatoria 2022.<\/p>\n<\/div><\/section><\/div><div  style='height:50px' class='hr hr-invisible   avia-builder-el-6  el_after_av_one_full  el_before_av_social_share '><span class='hr-inner ' ><span class='hr-inner-style'><\/span><\/span><\/div><\/p>\n<div  class='av-social-sharing-box  avia-builder-el-7  el_after_av_hr  el_before_av_hr  '><div class='av-share-box'><h5 class='av-share-link-description av-no-toc '>Compartir esta noticia<\/h5><ul class='av-share-box-list noLightbox'><li class='av-share-link av-social-link-facebook' ><a target=\"_blank\" aria-label=\"Compartir en Facebook\" href='https:\/\/www.facebook.com\/sharer.php?u=https:\/\/radiorevelacionfm.cl\/?p=25901&#038;t=La%20Ruta%20del%20Acorde%C3%B3n%20cierra%20el%20a%C3%B1o%20con%20un%20imperdible%20encuentro%20de%20acordeonistas' aria-hidden='false' data-av_icon='\ue8f3' data-av_iconfont='entypo-fontello' title='' data-avia-related-tooltip='Compartir en Facebook' rel=\"noopener\"><span class='avia_hidden_link_text'>Compartir en Facebook<\/span><\/a><\/li><li class='av-share-link av-social-link-twitter' ><a target=\"_blank\" aria-label=\"Compartir en Twitter\" href='https:\/\/twitter.com\/share?text=La%20Ruta%20del%20Acorde%C3%B3n%20cierra%20el%20a%C3%B1o%20con%20un%20imperdible%20encuentro%20de%20acordeonistas&#038;url=https:\/\/radiorevelacionfm.cl\/?p=25901' aria-hidden='false' data-av_icon='\ue8f1' data-av_iconfont='entypo-fontello' title='' data-avia-related-tooltip='Compartir en Twitter' rel=\"noopener\"><span class='avia_hidden_link_text'>Compartir en Twitter<\/span><\/a><\/li><li class='av-share-link av-social-link-whatsapp' ><a target=\"_blank\" aria-label=\"Compartir en Whatsapp\" href='https:\/\/api.whatsapp.com\/send?text=https:\/\/radiorevelacionfm.cl\/?p=25901' aria-hidden='false' data-av_icon='\uf232' data-av_iconfont='entypo-fontello' title='' data-avia-related-tooltip='Compartir en Whatsapp' rel=\"noopener\"><span class='avia_hidden_link_text'>Compartir en Whatsapp<\/span><\/a><\/li><li class='av-share-link av-social-link-linkedin' ><a target=\"_blank\" aria-label=\"Compartir en LinkedIn\" href='https:\/\/linkedin.com\/shareArticle?mini=true&#038;title=La%20Ruta%20del%20Acorde%C3%B3n%20cierra%20el%20a%C3%B1o%20con%20un%20imperdible%20encuentro%20de%20acordeonistas&#038;url=https:\/\/radiorevelacionfm.cl\/?p=25901' aria-hidden='false' data-av_icon='\ue8fc' data-av_iconfont='entypo-fontello' title='' data-avia-related-tooltip='Compartir en LinkedIn' rel=\"noopener\"><span class='avia_hidden_link_text'>Compartir en LinkedIn<\/span><\/a><\/li><li class='av-share-link av-social-link-mail' ><a  aria-label=\"Compartir por correo\" href='mailto:?subject=La%20Ruta%20del%20Acorde%C3%B3n%20cierra%20el%20a%C3%B1o%20con%20un%20imperdible%20encuentro%20de%20acordeonistas&#038;body=https:\/\/radiorevelacionfm.cl\/?p=25901' aria-hidden='false' data-av_icon='\ue805' data-av_iconfont='entypo-fontello' title='' data-avia-related-tooltip='Compartir por correo'><span class='avia_hidden_link_text'>Compartir por correo<\/span><\/a><\/li><\/ul><\/div><\/div>\n<div  style='height:50px' class='hr hr-invisible   avia-builder-el-8  el_after_av_social_share  el_before_av_comments_list '><span class='hr-inner ' ><span class='hr-inner-style'><\/span><\/span><\/div>\n<div  class='av-buildercomment  av-blog-meta-html-info-disabled av-blog-meta-tag-disabled  '><\/div>\n","protected":false},"excerpt":{"rendered":"","protected":false},"author":1,"featured_media":25902,"comment_status":"open","ping_status":"open","sticky":false,"template":"","format":"standard","meta":{"footnotes":""},"categories":[43],"tags":[],"class_list":["post-25901","post","type-post","status-publish","format-standard","has-post-thumbnail","hentry","category-musica"],"jetpack_featured_media_url":"https:\/\/radiorevelacionfm.cl\/wp-content\/uploads\/2022\/12\/Lito-Oyarzo1-1-1.jpg","_links":{"self":[{"href":"https:\/\/radiorevelacionfm.cl\/index.php?rest_route=\/wp\/v2\/posts\/25901","targetHints":{"allow":["GET"]}}],"collection":[{"href":"https:\/\/radiorevelacionfm.cl\/index.php?rest_route=\/wp\/v2\/posts"}],"about":[{"href":"https:\/\/radiorevelacionfm.cl\/index.php?rest_route=\/wp\/v2\/types\/post"}],"author":[{"embeddable":true,"href":"https:\/\/radiorevelacionfm.cl\/index.php?rest_route=\/wp\/v2\/users\/1"}],"replies":[{"embeddable":true,"href":"https:\/\/radiorevelacionfm.cl\/index.php?rest_route=%2Fwp%2Fv2%2Fcomments&post=25901"}],"version-history":[{"count":2,"href":"https:\/\/radiorevelacionfm.cl\/index.php?rest_route=\/wp\/v2\/posts\/25901\/revisions"}],"predecessor-version":[{"id":25910,"href":"https:\/\/radiorevelacionfm.cl\/index.php?rest_route=\/wp\/v2\/posts\/25901\/revisions\/25910"}],"wp:featuredmedia":[{"embeddable":true,"href":"https:\/\/radiorevelacionfm.cl\/index.php?rest_route=\/wp\/v2\/media\/25902"}],"wp:attachment":[{"href":"https:\/\/radiorevelacionfm.cl\/index.php?rest_route=%2Fwp%2Fv2%2Fmedia&parent=25901"}],"wp:term":[{"taxonomy":"category","embeddable":true,"href":"https:\/\/radiorevelacionfm.cl\/index.php?rest_route=%2Fwp%2Fv2%2Fcategories&post=25901"},{"taxonomy":"post_tag","embeddable":true,"href":"https:\/\/radiorevelacionfm.cl\/index.php?rest_route=%2Fwp%2Fv2%2Ftags&post=25901"}],"curies":[{"name":"wp","href":"https:\/\/api.w.org\/{rel}","templated":true}]}}