{"id":2590,"date":"2021-02-14T15:47:28","date_gmt":"2021-02-14T18:47:28","guid":{"rendered":"https:\/\/radiorevelacionfm.cl\/?p=2590"},"modified":"2021-02-14T15:47:28","modified_gmt":"2021-02-14T18:47:28","slug":"detienen-a-sujeto-por-robo-con-violencia-ocurrido-en-un-supermercado-de-coyhaique","status":"publish","type":"post","link":"https:\/\/radiorevelacionfm.cl\/?p=2590","title":{"rendered":"Detienen a sujeto por robo con violencia ocurrido en un supermercado de Coyhaique"},"content":{"rendered":"<div class=\"flex_column av_one_full  flex_column_div av-zero-column-padding first  avia-builder-el-0  el_before_av_one_full  avia-builder-el-first  \" style='border-radius:0px; '><div  class='avia-image-container  av-styling-    avia-builder-el-1  avia-builder-el-no-sibling  avia-align-center '  itemprop=\"image\" itemscope=\"itemscope\" itemtype=\"https:\/\/schema.org\/ImageObject\"  ><div class='avia-image-container-inner'><div class='avia-image-overlay-wrap'><img decoding=\"async\" class='wp-image-0 avia-img-lazy-loading-not-0 avia_image' src=\"https:\/\/radiorevelacionfm.cl\/wp-content\/uploads\/2021\/02\/PDI-archivo-1.jpg\" alt='' title=''   itemprop=\"thumbnailUrl\"  \/><\/div><\/div><\/div><\/div><div class=\"flex_column av_one_full  flex_column_div av-zero-column-padding first  avia-builder-el-2  el_after_av_one_full  el_before_av_one_full  column-top-margin\" style='border-radius:0px; '><section class=\"av_textblock_section \"  itemscope=\"itemscope\" itemtype=\"https:\/\/schema.org\/BlogPosting\" itemprop=\"blogPost\" ><div class='avia_textblock  '   itemprop=\"text\" ><p style=\"text-align: center;\"><strong><span style=\"font-size: 18pt;\">Detienen a sujeto por robo con violencia ocurrido en un supermercado de Coyhaique<\/span><\/strong><\/p>\n<div id=\"gtx-trans\" style=\"position: absolute; left: -50px; top: 4.31534px;\">\n<div class=\"gtx-trans-icon\"><\/div>\n<\/div>\n<\/div><\/section><\/div><div class=\"flex_column av_one_full  flex_column_div av-zero-column-padding first  avia-builder-el-4  el_after_av_one_full  el_before_av_hr  column-top-margin\" style='border-radius:0px; '><section class=\"av_textblock_section \"  itemscope=\"itemscope\" itemtype=\"https:\/\/schema.org\/BlogPosting\" itemprop=\"blogPost\" ><div class='avia_textblock  '   itemprop=\"text\" ><p style=\"text-align: justify;\">En horas de la ma\u00f1ana del viernes 12 de febrero, detectives de la Brigada Investigadora de Robos Coyhaique de la PDI detuvieron a un sujeto por el delito de robo con violencia en situaci\u00f3n de flagrancia, hecho ocurrido en un supermercado del sector c\u00e9ntrico de la ciudad.<\/p>\n<p style=\"text-align: justify;\">El sujeto mayor de edad mantiene antecedentes policiales por los delitos de homicidio, amenazas, violaci\u00f3n de morada y da\u00f1os.<\/p>\n<p style=\"text-align: justify;\">Sobre los hechos, el subprefecto Alberto V\u00e1squez, jefe de la Brigada Investigadora de Robos Coyhaique, se\u00f1al\u00f3 que \u201cel d\u00eda de ayer en horas de la ma\u00f1ana en momentos que el administrador de un supermercado se encontraba al interior de \u00e9ste, ingresan dos sujetos quienes comienzan a adquirir diferentes art\u00edculos de mercader\u00eda, posteriormente uno de estos imputados se va a la caja registradora con el fin de realizar una cobertura para que el cajero no se diera cuenta de la sustracci\u00f3n de las especies, mientras el otro sale del supermercado con el fin de llevarse las especies a un veh\u00edculo particular\u201d.<\/p>\n<p style=\"text-align: justify;\">Ante esta situaci\u00f3n, uno de los dependientes del local se percata de lo ocurrido, solicit\u00e1ndole devolver las especies o cancelarlas, \u201cel imputado comienza a amenazarlo y posteriormente le propina varios golpes de pies, huyendo los dos imputados en direcci\u00f3n desconocida\u201d, agreg\u00f3 el subprefecto V\u00e1squez.<\/p>\n<p style=\"text-align: justify;\">Gracias al trabajo de an\u00e1lisis criminal por parte de los detectives de la Brigada Investigadora de Robos, \u201cmediante el trabajo en el sitio de suceso, primeras diligencias, an\u00e1lisis de grabaciones de las c\u00e1maras de seguridad y reconocimiento fotogr\u00e1fico, se logra establecer y posicionar a los dos imputados en el delito de robo con violencia, logrando detener a uno de ellos\u201d, indic\u00f3 el jefe de la unidad especializada, logrando recuperar parte de las especies sustra\u00eddas, devolvi\u00e9ndoselas posteriormente al due\u00f1o del local comercial.<\/p>\n<p style=\"text-align: justify;\">Tras la coordinaci\u00f3n con el Ministerio P\u00fablico, el sujeto fue puesto a disposici\u00f3n del Juzgado de Garant\u00eda para su control de detenci\u00f3n el s\u00e1bado en horas de la ma\u00f1ana, instancia donde el Tribunal decret\u00f3 legal su detenci\u00f3n, siendo formalizado por La Fiscal\u00eda Local de Coyhaique por el delito hurto simple. El Tribunal acogi\u00f3 la petici\u00f3n de la Fiscal\u00eda, dejando al sujeto en libertad, apercibido al art\u00edculo N\u00ba26 del C\u00f3digo Procesal Penal, y con la medida cautelar de prohibici\u00f3n de acercarse al lugar.<\/p>\n<\/div><\/section><\/div><div  style='height:50px' class='hr hr-invisible   avia-builder-el-6  el_after_av_one_full  el_before_av_social_share '><span class='hr-inner ' ><span class='hr-inner-style'><\/span><\/span><\/div><\/p>\n<div  class='av-social-sharing-box  avia-builder-el-7  el_after_av_hr  el_before_av_hr  '><div class='av-share-box'><h5 class='av-share-link-description av-no-toc '>Compartir esta noticia<\/h5><ul class='av-share-box-list noLightbox'><li class='av-share-link av-social-link-facebook' ><a target=\"_blank\" aria-label=\"Compartir en Facebook\" href='https:\/\/www.facebook.com\/sharer.php?u=https:\/\/radiorevelacionfm.cl\/?p=2590&#038;t=Detienen%20a%20sujeto%20por%20robo%20con%20violencia%20ocurrido%20en%20un%20supermercado%20de%20Coyhaique' aria-hidden='false' data-av_icon='\ue8f3' data-av_iconfont='entypo-fontello' title='' data-avia-related-tooltip='Compartir en Facebook' rel=\"noopener\"><span class='avia_hidden_link_text'>Compartir en Facebook<\/span><\/a><\/li><li class='av-share-link av-social-link-twitter' ><a target=\"_blank\" aria-label=\"Compartir en Twitter\" href='https:\/\/twitter.com\/share?text=Detienen%20a%20sujeto%20por%20robo%20con%20violencia%20ocurrido%20en%20un%20supermercado%20de%20Coyhaique&#038;url=https:\/\/radiorevelacionfm.cl\/?p=2590' aria-hidden='false' data-av_icon='\ue8f1' data-av_iconfont='entypo-fontello' title='' data-avia-related-tooltip='Compartir en Twitter' rel=\"noopener\"><span class='avia_hidden_link_text'>Compartir en Twitter<\/span><\/a><\/li><li class='av-share-link av-social-link-whatsapp' ><a target=\"_blank\" aria-label=\"Compartir en Whatsapp\" href='https:\/\/api.whatsapp.com\/send?text=https:\/\/radiorevelacionfm.cl\/?p=2590' aria-hidden='false' data-av_icon='\uf232' data-av_iconfont='entypo-fontello' title='' data-avia-related-tooltip='Compartir en Whatsapp' rel=\"noopener\"><span class='avia_hidden_link_text'>Compartir en Whatsapp<\/span><\/a><\/li><li class='av-share-link av-social-link-linkedin' ><a target=\"_blank\" aria-label=\"Compartir en LinkedIn\" href='https:\/\/linkedin.com\/shareArticle?mini=true&#038;title=Detienen%20a%20sujeto%20por%20robo%20con%20violencia%20ocurrido%20en%20un%20supermercado%20de%20Coyhaique&#038;url=https:\/\/radiorevelacionfm.cl\/?p=2590' aria-hidden='false' data-av_icon='\ue8fc' data-av_iconfont='entypo-fontello' title='' data-avia-related-tooltip='Compartir en LinkedIn' rel=\"noopener\"><span class='avia_hidden_link_text'>Compartir en LinkedIn<\/span><\/a><\/li><li class='av-share-link av-social-link-mail' ><a  aria-label=\"Compartir por correo\" href='mailto:?subject=Detienen%20a%20sujeto%20por%20robo%20con%20violencia%20ocurrido%20en%20un%20supermercado%20de%20Coyhaique&#038;body=https:\/\/radiorevelacionfm.cl\/?p=2590' aria-hidden='false' data-av_icon='\ue805' data-av_iconfont='entypo-fontello' title='' data-avia-related-tooltip='Compartir por correo'><span class='avia_hidden_link_text'>Compartir por correo<\/span><\/a><\/li><\/ul><\/div><\/div>\n<div  style='height:50px' class='hr hr-invisible   avia-builder-el-8  el_after_av_social_share  el_before_av_comments_list '><span class='hr-inner ' ><span class='hr-inner-style'><\/span><\/span><\/div>\n<div  class='av-buildercomment  av-blog-meta-html-info-disabled av-blog-meta-tag-disabled  '><\/div>\n","protected":false},"excerpt":{"rendered":"","protected":false},"author":1,"featured_media":0,"comment_status":"open","ping_status":"open","sticky":false,"template":"","format":"standard","meta":{"footnotes":""},"categories":[36],"tags":[],"class_list":["post-2590","post","type-post","status-publish","format-standard","hentry","category-policial"],"jetpack_featured_media_url":"","_links":{"self":[{"href":"https:\/\/radiorevelacionfm.cl\/index.php?rest_route=\/wp\/v2\/posts\/2590","targetHints":{"allow":["GET"]}}],"collection":[{"href":"https:\/\/radiorevelacionfm.cl\/index.php?rest_route=\/wp\/v2\/posts"}],"about":[{"href":"https:\/\/radiorevelacionfm.cl\/index.php?rest_route=\/wp\/v2\/types\/post"}],"author":[{"embeddable":true,"href":"https:\/\/radiorevelacionfm.cl\/index.php?rest_route=\/wp\/v2\/users\/1"}],"replies":[{"embeddable":true,"href":"https:\/\/radiorevelacionfm.cl\/index.php?rest_route=%2Fwp%2Fv2%2Fcomments&post=2590"}],"version-history":[{"count":1,"href":"https:\/\/radiorevelacionfm.cl\/index.php?rest_route=\/wp\/v2\/posts\/2590\/revisions"}],"predecessor-version":[{"id":2592,"href":"https:\/\/radiorevelacionfm.cl\/index.php?rest_route=\/wp\/v2\/posts\/2590\/revisions\/2592"}],"wp:attachment":[{"href":"https:\/\/radiorevelacionfm.cl\/index.php?rest_route=%2Fwp%2Fv2%2Fmedia&parent=2590"}],"wp:term":[{"taxonomy":"category","embeddable":true,"href":"https:\/\/radiorevelacionfm.cl\/index.php?rest_route=%2Fwp%2Fv2%2Fcategories&post=2590"},{"taxonomy":"post_tag","embeddable":true,"href":"https:\/\/radiorevelacionfm.cl\/index.php?rest_route=%2Fwp%2Fv2%2Ftags&post=2590"}],"curies":[{"name":"wp","href":"https:\/\/api.w.org\/{rel}","templated":true}]}}