{"id":25894,"date":"2022-12-26T17:29:05","date_gmt":"2022-12-26T20:29:05","guid":{"rendered":"https:\/\/radiorevelacionfm.cl\/?p=25894"},"modified":"2022-12-26T17:29:05","modified_gmt":"2022-12-26T20:29:05","slug":"carabineros-saca-de-circulacion-cerca-de-200-armas-en-la-region-de-aysen-durante-el-ano-2022","status":"publish","type":"post","link":"https:\/\/radiorevelacionfm.cl\/?p=25894","title":{"rendered":"Carabineros saca de circulaci\u00f3n cerca de 200 armas en la regi\u00f3n de Ays\u00e9n durante el a\u00f1o 2022"},"content":{"rendered":"<div class=\"flex_column av_one_full  flex_column_div av-zero-column-padding first  avia-builder-el-0  el_before_av_one_full  avia-builder-el-first  \" style='border-radius:0px; '><div  class='avia-image-container  av-styling-    avia-builder-el-1  avia-builder-el-no-sibling  avia-align-center '  itemprop=\"image\" itemscope=\"itemscope\" itemtype=\"https:\/\/schema.org\/ImageObject\"  ><div class='avia-image-container-inner'><div class='avia-image-overlay-wrap'><img decoding=\"async\" class='wp-image-25895 avia-img-lazy-loading-not-25895 avia_image' src=\"https:\/\/radiorevelacionfm.cl\/wp-content\/uploads\/2022\/12\/d40df6da-1121-49a7-aec5-770092e9a596-1-1.jpg\" alt='' title='d40df6da-1121-49a7-aec5-770092e9a596 (1) (1)' height=\"600\" width=\"800\"  itemprop=\"thumbnailUrl\" srcset=\"https:\/\/radiorevelacionfm.cl\/wp-content\/uploads\/2022\/12\/d40df6da-1121-49a7-aec5-770092e9a596-1-1.jpg 800w, https:\/\/radiorevelacionfm.cl\/wp-content\/uploads\/2022\/12\/d40df6da-1121-49a7-aec5-770092e9a596-1-1-300x225.jpg 300w, https:\/\/radiorevelacionfm.cl\/wp-content\/uploads\/2022\/12\/d40df6da-1121-49a7-aec5-770092e9a596-1-1-768x576.jpg 768w, https:\/\/radiorevelacionfm.cl\/wp-content\/uploads\/2022\/12\/d40df6da-1121-49a7-aec5-770092e9a596-1-1-705x529.jpg 705w, https:\/\/radiorevelacionfm.cl\/wp-content\/uploads\/2022\/12\/d40df6da-1121-49a7-aec5-770092e9a596-1-1-600x450.jpg 600w\" sizes=\"(max-width: 800px) 100vw, 800px\" \/><\/div><\/div><\/div><\/div><div class=\"flex_column av_one_full  flex_column_div av-zero-column-padding first  avia-builder-el-2  el_after_av_one_full  el_before_av_one_full  column-top-margin\" style='border-radius:0px; '><section class=\"av_textblock_section \"  itemscope=\"itemscope\" itemtype=\"https:\/\/schema.org\/BlogPosting\" itemprop=\"blogPost\" ><div class='avia_textblock  '   itemprop=\"text\" ><p style=\"text-align: center;\"><strong><span style=\"font-size: 18pt;\">Carabineros saca de circulaci\u00f3n cerca de 200 armas en la regi\u00f3n de Ays\u00e9n durante el a\u00f1o 2022<\/span><\/strong><\/p>\n<div id=\"gtx-trans\" style=\"position: absolute; left: -50px; top: 4.31534px;\">\n<div class=\"gtx-trans-icon\"><\/div>\n<\/div>\n<\/div><\/section><\/div><div class=\"flex_column av_one_full  flex_column_div av-zero-column-padding first  avia-builder-el-4  el_after_av_one_full  el_before_av_hr  column-top-margin\" style='border-radius:0px; '><section class=\"av_textblock_section \"  itemscope=\"itemscope\" itemtype=\"https:\/\/schema.org\/BlogPosting\" itemprop=\"blogPost\" ><div class='avia_textblock  '   itemprop=\"text\" ><p class=\"v1gmail-MsoListParagraphCxSpFirst\" style=\"text-align: justify;\">Del total de piezas, 91 han sido enviadas a Santiago para su destrucci\u00f3n, mientras el resto seguir\u00e1 la misma destinaci\u00f3n una vez finalizado el\u00a0<span lang=\"ES\">proceso de an\u00e1lisis criminal\u00edstico.<\/span><\/p>\n<p class=\"v1gmail-MsoListParagraphCxSpLast\" style=\"text-align: justify;\"><span lang=\"ES\">Las armas constituyen un foco de riesgo, siendo necesario terminar con el ciclo de estas, dado el peligro que conlleva su mala manipulaci\u00f3n o la posibilidad que estas caigan en manos equivocadas.<\/span><\/p>\n<p class=\"v1MsoNormal\" style=\"text-align: justify;\"><span lang=\"ES\">Cerca de 200 armas de fuego logr\u00f3 sacar de circulaci\u00f3n durante este a\u00f1o Carabineros de Chile en la regi\u00f3n de Ays\u00e9n, de las cuales 91 \u2013entre armas cortas, largas y municiones correspondientes tanto a entrega voluntaria como recuperadas en procedimientos policiales- fueron recientemente enviadas al Dep\u00f3sito Central de Armas de Santiago para su destrucci\u00f3n.<\/span><\/p>\n<p class=\"v1MsoNormal\" style=\"text-align: justify;\"><span lang=\"ES\">Lo anterior fue detallado por el Jefe de Zona de Carabineros Ays\u00e9n, General Patricio Javier Santos Poblete junto al Delegado Presidencial Regional Ays\u00e9n, Rodrigo Araya Morales, el Jefe de la Regi\u00f3n Policial Ays\u00e9n (PDI), Prefecto Luis Torralba Ram\u00edrez y el Coordinador Regional de Seguridad P\u00fablica, Crist\u00f3bal Barcel\u00f3 Veas.<\/span><\/p>\n<p class=\"v1MsoNormal\" style=\"text-align: justify;\"><span lang=\"ES\">Dicha entrega responde al trabajo desarrollado por Carabineros a lo largo del territorio regional como por parte de la comunidad, quienes han concurrido hasta alguna de las unidades o han solicitado la concurrencia del personal hasta sus domicilios para hacer entrega de este tipo de piezas que se encuentran en desuso, sin documentaci\u00f3n o defectuosas.<\/span><\/p>\n<p class=\"v1MsoNormal\" style=\"text-align: justify;\"><span lang=\"ES\">\u00abLas armas son focos de riesgo y nosotros estamos para garantizar la seguridad p\u00fablica y de esta forma mantener las condiciones de equilibrio social, de paz social y de tranquilidad que todos los chilenos se merecen para poder generar las condiciones de desarrollo humano\u00bb, expres\u00f3 el Jefe de Zona Ays\u00e9n.<\/span><\/p>\n<p class=\"v1MsoNormal\" style=\"text-align: justify;\"><span lang=\"ES\">\u00abDel total de armas, 91 de estas se van al Dep\u00f3sito Central de Armas para destrucci\u00f3n. Gracias al trabajo de nuestra Autoridad Fiscalizadora, de los Carabineros, de la comunidad, hoy salen de circulaci\u00f3n estas armas de la Regi\u00f3n de Ays\u00e9n\u00bb, a\u00f1adi\u00f3.<\/span><\/p>\n<p class=\"v1MsoNormal\" style=\"text-align: justify;\"><span lang=\"ES\">El Oficial General precis\u00f3 que se trata de 50 armas largas y 40 armas cortas y destac\u00f3 el trabajo realizado con la finalidad de terminar con el ciclo de las armas dado el riesgo que conlleva su mala manipulaci\u00f3n o la posibilidad que estas caigan en manos equivocadas.<\/span><\/p>\n<p class=\"v1MsoNormal\" style=\"text-align: justify;\"><span lang=\"ES\">\u00abLas armas son siempre un riesgo, pueden caer en manos de personas que cometen delitos y es nuestro trabajo fomentar la entrega voluntaria y de esta forma llevar m\u00e1s seguridad a toda la comunidad (&#8230;) menos armas circulantes y tambi\u00e9n en presencia de los domicilios, es m\u00e1s seguridad para las personas\u00bb, expres\u00f3 el General Santos.<\/span><\/p>\n<p class=\"v1MsoNormal\" style=\"text-align: justify;\"><span lang=\"ES\"><b>Menos armas, menos delitos, m\u00e1s seguridad<\/b><\/span><\/p>\n<p class=\"v1MsoNormal\" style=\"text-align: justify;\"><span lang=\"ES\">Las armas restantes que permanecen en la regi\u00f3n se encuentran en proceso de an\u00e1lisis criminal\u00edstico, las cuales \u2013una vez agotados dichos procedimientos- ser\u00e1n igualmente trasladadas a Santiago para su destrucci\u00f3n.<\/span><\/p>\n<p class=\"v1MsoNormal\" style=\"text-align: justify;\"><span lang=\"ES\">\u00abEn definitiva tener menos armas en la sociedad, disminuye la probabilidad de tener delitos violentos. Carabineros de Chile recibe en forma an\u00f3nima y expedita las armas en sus cuarteles, envi\u00e1ndolas a destrucci\u00f3n al Dep\u00f3sito Central de Armas\u00bb, expres\u00f3 el General Santos.<\/span><\/p>\n<p class=\"v1MsoNormal\" style=\"text-align: justify;\"><b><span lang=\"ES\">Compromiso con la seguridad<\/span><\/b><\/p>\n<p class=\"v1MsoNormal\" style=\"text-align: justify;\"><span lang=\"ES\">Por su parte el Delegado Presidencial Regional Ays\u00e9n, Rodrigo Araya Morales indic\u00f3 que el inter\u00e9s del supremo gobierno es sacar las armas de circulaci\u00f3n, evitando que estas caigan en manos de delincuentes.<\/span><\/p>\n<p class=\"v1MsoNormal\" style=\"text-align: justify;\"><span lang=\"ES\">\u00abEl Ministerio del Interior est\u00e1 trabajando en disminuir la disponibilidad de armas en nuestro pa\u00eds, porque es la manera m\u00e1s eficaz de reducir la cantidad de delitos violentos que ocurren en todo nuestro territorio. Todas las armas que eventualmente son robadas, son manejadas en forma ilegal, en un porcentaje importante surgen de armas que est\u00e1n inscritas o que la gente tiene en su poder, por eso es tan importante la entrega voluntaria\u00bb, enfatiz\u00f3.<\/span><\/p>\n<p class=\"v1MsoNormal\" style=\"text-align: justify;\"><b><span lang=\"ES\">Valoran modificaci\u00f3n legal<\/span><\/b><\/p>\n<p class=\"v1MsoNormal\" style=\"text-align: justify;\"><span lang=\"ES\">Para el Jefe de la Regi\u00f3n Policial Ays\u00e9n (PDI), Prefecto Luis Torralba Ram\u00edrez, enfrentar de manera eficaz el control de las armas, requiere de un trabajo colaborativo sumado pr\u00f3ximamente a la incorporaci\u00f3n de la polic\u00eda civil al proceso de fiscalizaci\u00f3n.<\/span><\/p>\n<p class=\"v1MsoNormal\" style=\"text-align: justify;\"><span lang=\"ES\">\u00abLo importante para la Polic\u00eda de Investigaciones de Chile es trabajar en conjunto con Carabineros. A partir del pr\u00f3ximo a\u00f1o, la PDI va a poder fiscalizar las armas, vamos a tener una comunicaci\u00f3n m\u00e1s directa con la Direcci\u00f3n General de Movilizaci\u00f3n Nacional y nuestra oficina de an\u00e1lisis criminal va a tener a la mano aquella informaci\u00f3n para poder hacer el an\u00e1lisis respectivo y trabajar en las investigaciones que nos encomiende el Ministerio P\u00fablico. Es un paso tremendo que ha dado esta modificaci\u00f3n legal que ha impulsado el supremo gobierno y a nosotros nos da herramientas investigativas para ir en la persecuci\u00f3n penal y evitar la violencia por el uso de las armas a nivel nacional\u00bb, detall\u00f3 el Jefe de la PDI Ays\u00e9n.<\/span><\/p>\n<p class=\"v1MsoNormal\" style=\"text-align: justify;\"><b><span lang=\"ES\">Menos armas, menor riesgo<\/span><\/b><b><\/b><\/p>\n<p class=\"v1MsoNormal\" style=\"text-align: justify;\"><span lang=\"ES\">Para el Coordinador Regional de Seguridad P\u00fablica, Crist\u00f3bal Barcel\u00f3 Veas es fundamental confiar en el trabajo que realizan las polic\u00edas y valoraci\u00f3n hacia Carabineros de Chile. \u00abEspecialmente en confiar en ellos como protecci\u00f3n, no necesariamente tener armas en las casas porque eso va a generar mayores situaciones de riesgo, sabemos que armas circulando en las calles o en las casas sin el cuidado respectivo y puede ser un riesgo mayor para la comunidad\u00bb, expres\u00f3.<\/span><\/p>\n<p class=\"v1MsoNormal\" style=\"text-align: justify;\"><span lang=\"ES\">Barcel\u00f3 resalt\u00f3 el trabajo desarrollado por la polic\u00eda uniformada, as\u00ed como el buen funcionamiento del plan \u00abentrega tu arma\u00bb, donde la gran mayor\u00eda de estos elementos que han sido sacados de circulaci\u00f3n corresponden a entrega voluntaria.<\/span><\/p>\n<\/div><\/section><\/div><div  style='height:50px' class='hr hr-invisible   avia-builder-el-6  el_after_av_one_full  el_before_av_social_share '><span class='hr-inner ' ><span class='hr-inner-style'><\/span><\/span><\/div><\/p>\n<div  class='av-social-sharing-box  avia-builder-el-7  el_after_av_hr  el_before_av_hr  '><div class='av-share-box'><h5 class='av-share-link-description av-no-toc '>Compartir esta noticia<\/h5><ul class='av-share-box-list noLightbox'><li class='av-share-link av-social-link-facebook' ><a target=\"_blank\" aria-label=\"Compartir en Facebook\" href='https:\/\/www.facebook.com\/sharer.php?u=https:\/\/radiorevelacionfm.cl\/?p=25894&#038;t=Carabineros%20saca%20de%20circulaci%C3%B3n%20cerca%20de%20200%20armas%20en%20la%20regi%C3%B3n%20de%20Ays%C3%A9n%20durante%20el%20a%C3%B1o%202022' aria-hidden='false' data-av_icon='\ue8f3' data-av_iconfont='entypo-fontello' title='' data-avia-related-tooltip='Compartir en Facebook' rel=\"noopener\"><span class='avia_hidden_link_text'>Compartir en Facebook<\/span><\/a><\/li><li class='av-share-link av-social-link-twitter' ><a target=\"_blank\" aria-label=\"Compartir en Twitter\" href='https:\/\/twitter.com\/share?text=Carabineros%20saca%20de%20circulaci%C3%B3n%20cerca%20de%20200%20armas%20en%20la%20regi%C3%B3n%20de%20Ays%C3%A9n%20durante%20el%20a%C3%B1o%202022&#038;url=https:\/\/radiorevelacionfm.cl\/?p=25894' aria-hidden='false' data-av_icon='\ue8f1' data-av_iconfont='entypo-fontello' title='' data-avia-related-tooltip='Compartir en Twitter' rel=\"noopener\"><span class='avia_hidden_link_text'>Compartir en Twitter<\/span><\/a><\/li><li class='av-share-link av-social-link-whatsapp' ><a target=\"_blank\" aria-label=\"Compartir en Whatsapp\" href='https:\/\/api.whatsapp.com\/send?text=https:\/\/radiorevelacionfm.cl\/?p=25894' aria-hidden='false' data-av_icon='\uf232' data-av_iconfont='entypo-fontello' title='' data-avia-related-tooltip='Compartir en Whatsapp' rel=\"noopener\"><span class='avia_hidden_link_text'>Compartir en Whatsapp<\/span><\/a><\/li><li class='av-share-link av-social-link-linkedin' ><a target=\"_blank\" aria-label=\"Compartir en LinkedIn\" href='https:\/\/linkedin.com\/shareArticle?mini=true&#038;title=Carabineros%20saca%20de%20circulaci%C3%B3n%20cerca%20de%20200%20armas%20en%20la%20regi%C3%B3n%20de%20Ays%C3%A9n%20durante%20el%20a%C3%B1o%202022&#038;url=https:\/\/radiorevelacionfm.cl\/?p=25894' aria-hidden='false' data-av_icon='\ue8fc' data-av_iconfont='entypo-fontello' title='' data-avia-related-tooltip='Compartir en LinkedIn' rel=\"noopener\"><span class='avia_hidden_link_text'>Compartir en LinkedIn<\/span><\/a><\/li><li class='av-share-link av-social-link-mail' ><a  aria-label=\"Compartir por correo\" href='mailto:?subject=Carabineros%20saca%20de%20circulaci%C3%B3n%20cerca%20de%20200%20armas%20en%20la%20regi%C3%B3n%20de%20Ays%C3%A9n%20durante%20el%20a%C3%B1o%202022&#038;body=https:\/\/radiorevelacionfm.cl\/?p=25894' aria-hidden='false' data-av_icon='\ue805' data-av_iconfont='entypo-fontello' title='' data-avia-related-tooltip='Compartir por correo'><span class='avia_hidden_link_text'>Compartir por correo<\/span><\/a><\/li><\/ul><\/div><\/div>\n<div  style='height:50px' class='hr hr-invisible   avia-builder-el-8  el_after_av_social_share  el_before_av_comments_list '><span class='hr-inner ' ><span class='hr-inner-style'><\/span><\/span><\/div>\n<div  class='av-buildercomment  av-blog-meta-html-info-disabled av-blog-meta-tag-disabled  '><\/div>\n","protected":false},"excerpt":{"rendered":"","protected":false},"author":1,"featured_media":25895,"comment_status":"open","ping_status":"open","sticky":false,"template":"","format":"standard","meta":{"footnotes":""},"categories":[36],"tags":[],"class_list":["post-25894","post","type-post","status-publish","format-standard","has-post-thumbnail","hentry","category-policial"],"jetpack_featured_media_url":"https:\/\/radiorevelacionfm.cl\/wp-content\/uploads\/2022\/12\/d40df6da-1121-49a7-aec5-770092e9a596-1-1.jpg","_links":{"self":[{"href":"https:\/\/radiorevelacionfm.cl\/index.php?rest_route=\/wp\/v2\/posts\/25894","targetHints":{"allow":["GET"]}}],"collection":[{"href":"https:\/\/radiorevelacionfm.cl\/index.php?rest_route=\/wp\/v2\/posts"}],"about":[{"href":"https:\/\/radiorevelacionfm.cl\/index.php?rest_route=\/wp\/v2\/types\/post"}],"author":[{"embeddable":true,"href":"https:\/\/radiorevelacionfm.cl\/index.php?rest_route=\/wp\/v2\/users\/1"}],"replies":[{"embeddable":true,"href":"https:\/\/radiorevelacionfm.cl\/index.php?rest_route=%2Fwp%2Fv2%2Fcomments&post=25894"}],"version-history":[{"count":2,"href":"https:\/\/radiorevelacionfm.cl\/index.php?rest_route=\/wp\/v2\/posts\/25894\/revisions"}],"predecessor-version":[{"id":25897,"href":"https:\/\/radiorevelacionfm.cl\/index.php?rest_route=\/wp\/v2\/posts\/25894\/revisions\/25897"}],"wp:featuredmedia":[{"embeddable":true,"href":"https:\/\/radiorevelacionfm.cl\/index.php?rest_route=\/wp\/v2\/media\/25895"}],"wp:attachment":[{"href":"https:\/\/radiorevelacionfm.cl\/index.php?rest_route=%2Fwp%2Fv2%2Fmedia&parent=25894"}],"wp:term":[{"taxonomy":"category","embeddable":true,"href":"https:\/\/radiorevelacionfm.cl\/index.php?rest_route=%2Fwp%2Fv2%2Fcategories&post=25894"},{"taxonomy":"post_tag","embeddable":true,"href":"https:\/\/radiorevelacionfm.cl\/index.php?rest_route=%2Fwp%2Fv2%2Ftags&post=25894"}],"curies":[{"name":"wp","href":"https:\/\/api.w.org\/{rel}","templated":true}]}}