{"id":25889,"date":"2022-12-26T17:20:27","date_gmt":"2022-12-26T20:20:27","guid":{"rendered":"https:\/\/radiorevelacionfm.cl\/?p=25889"},"modified":"2022-12-26T17:20:27","modified_gmt":"2022-12-26T20:20:27","slug":"habilitan-sala-de-lactancia-para-funcionarias-en-hospital-de-cochrane","status":"publish","type":"post","link":"https:\/\/radiorevelacionfm.cl\/?p=25889","title":{"rendered":"Habilitan sala de lactancia para funcionarias en Hospital de Cochrane"},"content":{"rendered":"<div class=\"flex_column av_one_full  flex_column_div av-zero-column-padding first  avia-builder-el-0  el_before_av_one_full  avia-builder-el-first  \" style='border-radius:0px; '><div  class='avia-image-container  av-styling-    avia-builder-el-1  avia-builder-el-no-sibling  avia-align-center '  itemprop=\"image\" itemscope=\"itemscope\" itemtype=\"https:\/\/schema.org\/ImageObject\"  ><div class='avia-image-container-inner'><div class='avia-image-overlay-wrap'><img decoding=\"async\" class='wp-image-25890 avia-img-lazy-loading-not-25890 avia_image' src=\"https:\/\/radiorevelacionfm.cl\/wp-content\/uploads\/2022\/12\/ea375106-e551-49fd-b4af-906efa294015-1-1.jpg\" alt='' title='ea375106-e551-49fd-b4af-906efa294015 (1) (1)' height=\"600\" width=\"800\"  itemprop=\"thumbnailUrl\" srcset=\"https:\/\/radiorevelacionfm.cl\/wp-content\/uploads\/2022\/12\/ea375106-e551-49fd-b4af-906efa294015-1-1.jpg 800w, https:\/\/radiorevelacionfm.cl\/wp-content\/uploads\/2022\/12\/ea375106-e551-49fd-b4af-906efa294015-1-1-300x225.jpg 300w, https:\/\/radiorevelacionfm.cl\/wp-content\/uploads\/2022\/12\/ea375106-e551-49fd-b4af-906efa294015-1-1-768x576.jpg 768w, https:\/\/radiorevelacionfm.cl\/wp-content\/uploads\/2022\/12\/ea375106-e551-49fd-b4af-906efa294015-1-1-705x529.jpg 705w, https:\/\/radiorevelacionfm.cl\/wp-content\/uploads\/2022\/12\/ea375106-e551-49fd-b4af-906efa294015-1-1-600x450.jpg 600w\" sizes=\"(max-width: 800px) 100vw, 800px\" \/><\/div><\/div><\/div><\/div><div class=\"flex_column av_one_full  flex_column_div av-zero-column-padding first  avia-builder-el-2  el_after_av_one_full  el_before_av_one_full  column-top-margin\" style='border-radius:0px; '><section class=\"av_textblock_section \"  itemscope=\"itemscope\" itemtype=\"https:\/\/schema.org\/BlogPosting\" itemprop=\"blogPost\" ><div class='avia_textblock  '   itemprop=\"text\" ><p style=\"text-align: center;\"><strong><span style=\"font-size: 18pt;\">Habilitan sala de lactancia para funcionarias en Hospital de Cochrane<\/span><\/strong><\/p>\n<div id=\"gtx-trans\" style=\"position: absolute; left: -50px; top: 4.31534px;\">\n<div class=\"gtx-trans-icon\"><\/div>\n<\/div>\n<\/div><\/section><\/div><div class=\"flex_column av_one_full  flex_column_div av-zero-column-padding first  avia-builder-el-4  el_after_av_one_full  el_before_av_hr  column-top-margin\" style='border-radius:0px; '><section class=\"av_textblock_section \"  itemscope=\"itemscope\" itemtype=\"https:\/\/schema.org\/BlogPosting\" itemprop=\"blogPost\" ><div class='avia_textblock  '   itemprop=\"text\" ><p style=\"font-weight: 400; text-align: justify;\">Gracias al trabajo voluntario desarrollado por funcionarios y funcionarias del Hospital de Cochrane se logr\u00f3 habilitar en el establecimiento una sala de lactancia destinada a las trabajadoras del principal centro de salud de la provincia.<\/p>\n<p style=\"font-weight: 400; text-align: justify;\">El objetivo de la iniciativa es entregar un espacio c\u00f3modo, seguro y privado para que las funcionarias puedan amamantar a sus hijas e hijos.<\/p>\n<p style=\"font-weight: 400; text-align: justify;\">\u201cEstamos muy orgullosos como hospital de haber inaugurado la sala de lactancia para funcionarias, es un hito muy importante ya que mejora las condiciones laborales y favorece el amamantamiento, sabiendo que es uno de los periodos m\u00e1s importantes para las hijas e hijos\u201d, dijo Miriam Navarrete Novoa, Directora del Hospital de Cochrane.<\/p>\n<p style=\"font-weight: 400; text-align: justify;\">Esta sala viene a dar respuesta a una solicitud planteada por trabajadores y trabajadoras, requerimiento que fue recogido por el Comit\u00e9 de Cuidado Colectivo del Hospital.<\/p>\n<p style=\"font-weight: 400; text-align: justify;\">\u201cEsto se realiz\u00f3 con participaci\u00f3n y organizaci\u00f3n completa del Comit\u00e9 de Cuidado Colectivo, formado por funcionarios y funcionarias en forma voluntaria, quienes han organizado distintas actividades para tener un entorno laboral m\u00e1s saludable y mejorar la calidad de vida y el clima laboral. Con el apoyo de la direcci\u00f3n se pudo disponer de un espacio para preparar la sala de lactancia\u201d, agreg\u00f3 la Directora del Centro Asistencial.<\/p>\n<p style=\"font-weight: 400; text-align: justify;\">Desde la Direcci\u00f3n del Servicio de Salud Ays\u00e9n destacaron que el desarrollo de esta iniciativa haya estado en manos de las propias funcionarias y funcionarios.<\/p>\n<p style=\"font-weight: 400; text-align: justify;\">\u201cQueremos destacar y felicitar la autogesti\u00f3n de los y las funcionarias a trav\u00e9s del Comit\u00e9 de Cuidado Colectivo, por la habilitaci\u00f3n de la Sala de Lactancia. Estas iniciativas son un muy buen ejemplo para otros establecimientos, demostrando que no hay impedimentos para que el trabajo colectivo y la autogesti\u00f3n permita alcanzar objetivos comunes\u201d destac\u00f3 Nicolas Meier Pe\u00f1a, Encargado de Relaciones Laborales del Servicio de Salud Ays\u00e9n.<\/p>\n<p style=\"font-weight: 400; text-align: justify;\">La habilitaci\u00f3n de la Sala de Lactancia Materna en el Hospital de Cochrane permitir\u00e1 a las funcionarias compatibilizar sus obligaciones laborales, con el necesario refuerzo del v\u00ednculo con sus hijas e hijos.<\/p>\n<p style=\"font-weight: 400; text-align: justify;\">\u201cEs importante avanzar hacia espacios laborales que no invisibilicen el v\u00ednculo que tienen que desarrollar las madres y padres con las infancias. Valoramos, agradecemos y reconocemos este tipo de gesti\u00f3n y nos parece que van en la l\u00ednea de reconocer como sociedad el derecho que tienen las madres y los hijos e hijas, a permanecer vinculados independiente de cualquier funci\u00f3n laboral que se desarrolle\u201d, agreg\u00f3 la Seremi de la Mujer y Equidad de G\u00e9nero, Andrea M\u00e9ndez Valenzuela.<\/p>\n<p style=\"font-weight: 400; text-align: justify;\">Facilitar la lactancia materna en espacios laborales trae consigo beneficios emocionales y un positivo impacto en materia de salud tanto para la madre como para los hijos o hijas.<\/p>\n<\/div><\/section><\/div><div  style='height:50px' class='hr hr-invisible   avia-builder-el-6  el_after_av_one_full  el_before_av_social_share '><span class='hr-inner ' ><span class='hr-inner-style'><\/span><\/span><\/div><\/p>\n<div  class='av-social-sharing-box  avia-builder-el-7  el_after_av_hr  el_before_av_hr  '><div class='av-share-box'><h5 class='av-share-link-description av-no-toc '>Compartir esta noticia<\/h5><ul class='av-share-box-list noLightbox'><li class='av-share-link av-social-link-facebook' ><a target=\"_blank\" aria-label=\"Compartir en Facebook\" href='https:\/\/www.facebook.com\/sharer.php?u=https:\/\/radiorevelacionfm.cl\/?p=25889&#038;t=Habilitan%20sala%20de%20lactancia%20para%20funcionarias%20en%20Hospital%20de%20Cochrane' aria-hidden='false' data-av_icon='\ue8f3' data-av_iconfont='entypo-fontello' title='' data-avia-related-tooltip='Compartir en Facebook' rel=\"noopener\"><span class='avia_hidden_link_text'>Compartir en Facebook<\/span><\/a><\/li><li class='av-share-link av-social-link-twitter' ><a target=\"_blank\" aria-label=\"Compartir en Twitter\" href='https:\/\/twitter.com\/share?text=Habilitan%20sala%20de%20lactancia%20para%20funcionarias%20en%20Hospital%20de%20Cochrane&#038;url=https:\/\/radiorevelacionfm.cl\/?p=25889' aria-hidden='false' data-av_icon='\ue8f1' data-av_iconfont='entypo-fontello' title='' data-avia-related-tooltip='Compartir en Twitter' rel=\"noopener\"><span class='avia_hidden_link_text'>Compartir en Twitter<\/span><\/a><\/li><li class='av-share-link av-social-link-whatsapp' ><a target=\"_blank\" aria-label=\"Compartir en Whatsapp\" href='https:\/\/api.whatsapp.com\/send?text=https:\/\/radiorevelacionfm.cl\/?p=25889' aria-hidden='false' data-av_icon='\uf232' data-av_iconfont='entypo-fontello' title='' data-avia-related-tooltip='Compartir en Whatsapp' rel=\"noopener\"><span class='avia_hidden_link_text'>Compartir en Whatsapp<\/span><\/a><\/li><li class='av-share-link av-social-link-linkedin' ><a target=\"_blank\" aria-label=\"Compartir en LinkedIn\" href='https:\/\/linkedin.com\/shareArticle?mini=true&#038;title=Habilitan%20sala%20de%20lactancia%20para%20funcionarias%20en%20Hospital%20de%20Cochrane&#038;url=https:\/\/radiorevelacionfm.cl\/?p=25889' aria-hidden='false' data-av_icon='\ue8fc' data-av_iconfont='entypo-fontello' title='' data-avia-related-tooltip='Compartir en LinkedIn' rel=\"noopener\"><span class='avia_hidden_link_text'>Compartir en LinkedIn<\/span><\/a><\/li><li class='av-share-link av-social-link-mail' ><a  aria-label=\"Compartir por correo\" href='mailto:?subject=Habilitan%20sala%20de%20lactancia%20para%20funcionarias%20en%20Hospital%20de%20Cochrane&#038;body=https:\/\/radiorevelacionfm.cl\/?p=25889' aria-hidden='false' data-av_icon='\ue805' data-av_iconfont='entypo-fontello' title='' data-avia-related-tooltip='Compartir por correo'><span class='avia_hidden_link_text'>Compartir por correo<\/span><\/a><\/li><\/ul><\/div><\/div>\n<div  style='height:50px' class='hr hr-invisible   avia-builder-el-8  el_after_av_social_share  el_before_av_comments_list '><span class='hr-inner ' ><span class='hr-inner-style'><\/span><\/span><\/div>\n<div  class='av-buildercomment  av-blog-meta-html-info-disabled av-blog-meta-tag-disabled  '><\/div>\n","protected":false},"excerpt":{"rendered":"","protected":false},"author":1,"featured_media":25890,"comment_status":"open","ping_status":"open","sticky":false,"template":"","format":"standard","meta":{"footnotes":""},"categories":[46],"tags":[],"class_list":["post-25889","post","type-post","status-publish","format-standard","has-post-thumbnail","hentry","category-salud"],"jetpack_featured_media_url":"https:\/\/radiorevelacionfm.cl\/wp-content\/uploads\/2022\/12\/ea375106-e551-49fd-b4af-906efa294015-1-1.jpg","_links":{"self":[{"href":"https:\/\/radiorevelacionfm.cl\/index.php?rest_route=\/wp\/v2\/posts\/25889","targetHints":{"allow":["GET"]}}],"collection":[{"href":"https:\/\/radiorevelacionfm.cl\/index.php?rest_route=\/wp\/v2\/posts"}],"about":[{"href":"https:\/\/radiorevelacionfm.cl\/index.php?rest_route=\/wp\/v2\/types\/post"}],"author":[{"embeddable":true,"href":"https:\/\/radiorevelacionfm.cl\/index.php?rest_route=\/wp\/v2\/users\/1"}],"replies":[{"embeddable":true,"href":"https:\/\/radiorevelacionfm.cl\/index.php?rest_route=%2Fwp%2Fv2%2Fcomments&post=25889"}],"version-history":[{"count":2,"href":"https:\/\/radiorevelacionfm.cl\/index.php?rest_route=\/wp\/v2\/posts\/25889\/revisions"}],"predecessor-version":[{"id":25893,"href":"https:\/\/radiorevelacionfm.cl\/index.php?rest_route=\/wp\/v2\/posts\/25889\/revisions\/25893"}],"wp:featuredmedia":[{"embeddable":true,"href":"https:\/\/radiorevelacionfm.cl\/index.php?rest_route=\/wp\/v2\/media\/25890"}],"wp:attachment":[{"href":"https:\/\/radiorevelacionfm.cl\/index.php?rest_route=%2Fwp%2Fv2%2Fmedia&parent=25889"}],"wp:term":[{"taxonomy":"category","embeddable":true,"href":"https:\/\/radiorevelacionfm.cl\/index.php?rest_route=%2Fwp%2Fv2%2Fcategories&post=25889"},{"taxonomy":"post_tag","embeddable":true,"href":"https:\/\/radiorevelacionfm.cl\/index.php?rest_route=%2Fwp%2Fv2%2Ftags&post=25889"}],"curies":[{"name":"wp","href":"https:\/\/api.w.org\/{rel}","templated":true}]}}