{"id":25885,"date":"2022-12-26T15:41:17","date_gmt":"2022-12-26T18:41:17","guid":{"rendered":"https:\/\/radiorevelacionfm.cl\/?p=25885"},"modified":"2022-12-26T15:41:17","modified_gmt":"2022-12-26T18:41:17","slug":"juzgados-de-familia-de-aysen-ingresaron-31-personas-al-registro-nacional-de-deudores-de-alimentos-en-el-primer-mes-de-funcionamiento-de-la-nueva-ley","status":"publish","type":"post","link":"https:\/\/radiorevelacionfm.cl\/?p=25885","title":{"rendered":"Juzgados de Familia de Ays\u00e9n ingresaron 31 personas al Registro Nacional de Deudores de Alimentos, en el primer mes de funcionamiento de la nueva ley"},"content":{"rendered":"<div class=\"flex_column av_one_full  flex_column_div av-zero-column-padding first  avia-builder-el-0  el_before_av_one_full  avia-builder-el-first  \" style='border-radius:0px; '><div  class='avia-image-container  av-styling-    avia-builder-el-1  avia-builder-el-no-sibling  avia-align-center '  itemprop=\"image\" itemscope=\"itemscope\" itemtype=\"https:\/\/schema.org\/ImageObject\"  ><div class='avia-image-container-inner'><div class='avia-image-overlay-wrap'><img decoding=\"async\" class='wp-image-25886 avia-img-lazy-loading-not-25886 avia_image' src=\"https:\/\/radiorevelacionfm.cl\/wp-content\/uploads\/2022\/12\/Foto-Familia1-1-1.jpg\" alt='' title='Foto Familia1 (1) (1)' height=\"600\" width=\"1293\"  itemprop=\"thumbnailUrl\" srcset=\"https:\/\/radiorevelacionfm.cl\/wp-content\/uploads\/2022\/12\/Foto-Familia1-1-1.jpg 1293w, https:\/\/radiorevelacionfm.cl\/wp-content\/uploads\/2022\/12\/Foto-Familia1-1-1-300x139.jpg 300w, https:\/\/radiorevelacionfm.cl\/wp-content\/uploads\/2022\/12\/Foto-Familia1-1-1-1030x478.jpg 1030w, https:\/\/radiorevelacionfm.cl\/wp-content\/uploads\/2022\/12\/Foto-Familia1-1-1-768x356.jpg 768w, https:\/\/radiorevelacionfm.cl\/wp-content\/uploads\/2022\/12\/Foto-Familia1-1-1-705x327.jpg 705w, https:\/\/radiorevelacionfm.cl\/wp-content\/uploads\/2022\/12\/Foto-Familia1-1-1-600x278.jpg 600w\" sizes=\"(max-width: 1293px) 100vw, 1293px\" \/><\/div><\/div><\/div><\/div><div class=\"flex_column av_one_full  flex_column_div av-zero-column-padding first  avia-builder-el-2  el_after_av_one_full  el_before_av_one_full  column-top-margin\" style='border-radius:0px; '><section class=\"av_textblock_section \"  itemscope=\"itemscope\" itemtype=\"https:\/\/schema.org\/BlogPosting\" itemprop=\"blogPost\" ><div class='avia_textblock  '   itemprop=\"text\" ><p style=\"text-align: center;\"><strong><span style=\"font-size: 18pt;\">Juzgados de Familia de Ays\u00e9n ingresaron 31 personas al Registro Nacional de Deudores de Alimentos, en el primer mes de funcionamiento de la nueva ley<\/span><\/strong><\/p>\n<div id=\"gtx-trans\" style=\"position: absolute; left: -50px; top: 4.31534px;\">\n<div class=\"gtx-trans-icon\"><\/div>\n<\/div>\n<\/div><\/section><\/div><div class=\"flex_column av_one_full  flex_column_div av-zero-column-padding first  avia-builder-el-4  el_after_av_one_full  el_before_av_hr  column-top-margin\" style='border-radius:0px; '><section class=\"av_textblock_section \"  itemscope=\"itemscope\" itemtype=\"https:\/\/schema.org\/BlogPosting\" itemprop=\"blogPost\" ><div class='avia_textblock  '   itemprop=\"text\" ><p class=\"v1MsoNormal\" style=\"text-align: justify;\">El pasado 19 diciembre se cumpli\u00f3 el primer mes de funcionamiento del Registro Nacional de Deudores de Pensiones de Alimentos (RNDPA) y los juzgados con competencia en asuntos de Familia del pa\u00eds ya han inscrito a 2.118 personas por adeudar tres meses continuos o cinco discontinuos de sus obligaciones alimenticias. En Ays\u00e9n, de un total de 2.486 liquidaciones realizadas 189 aparecen con deuda, de ellas 31 se han enviado a este registro.<\/p>\n<p class=\"v1MsoNormal\" style=\"text-align: justify;\">La ministra encargada de la implementaci\u00f3n de esta ley, Gloria Ana Chevesich, destac\u00f3 que de un total de 452.055 causas en que se cobran pensiones de alimentos, se han efectuado 176.443 liquidaciones, lo que abarca al 39% del total. De esa cifra, se han detectado 14.589 causas con deudas que est\u00e1n sometidas a la nueva normativa.<\/p>\n<p class=\"v1MsoNormal\" style=\"text-align: justify;\">\u00abDe ese total, ya han ingresado al Registro Nacional de Deudores de Pensiones de Alimentos 2.118 personas y el resto se encuentran en las etapas procesales respectivas que pueden ser, por ejemplo, la notificaci\u00f3n de las resoluciones a las partes, cumplimiento de los plazos legales, objeciones a los montos, etc.\u00bb, explic\u00f3.<\/p>\n<p class=\"v1MsoNormal\" style=\"text-align: justify;\">La ministra Chevesich destac\u00f3 que se est\u00e1 haciendo una labor in\u00e9dita: \u00abEs primera vez que el Poder Judicial debe realizar la liquidaci\u00f3n de manera mensual de todas las pensiones de alimentos. En un mes ya hemos llegado al 39% del total y esperamos lograr el 100% lo m\u00e1s pronto posible. Para el a\u00f1o 2023 est\u00e1n considerados los recursos para potenciar esta labor en todos los juzgados que conocen asuntos de familia, pero quiero destacar la inmensa tarea que est\u00e1n afrontando las personas que en ellos se desempe\u00f1an\u00bb.<\/p>\n<p class=\"v1MsoNormal\" style=\"text-align: justify;\">La autoridad reitero el llamado a que las personas que tienen a su cargo el cuidado de ni\u00f1os, ni\u00f1as y adolescentes, tambi\u00e9n aquellas que son demandantes en causas de cobro de pensiones alimenticias, \u00a0pidan a trav\u00e9s de la Oficina Judicial Virtual\u00a0 la conversi\u00f3n a UTM de la pensi\u00f3n de alimentos:\u00a0\u00abEs muy importante que se pida el cambio a UTM de las pensiones que han sido fijada en pesos o en alguna otra unidad, porque facilita el trabajo de los tribunales en el sentido de poder -despu\u00e9s de la primera liquidaci\u00f3n manual- efectuarla de manera autom\u00e1tica y as\u00ed, evidentemente, poder transmitir la informaci\u00f3n al registro en forma mucho m\u00e1s expedita\u00bb, explic\u00f3. Esta solicitud se hace en l\u00ednea en el sitio de\u00a0<a href=\"https:\/\/ojv.pjud.cl\/kpitec-ojv-web\/tramite_facil\" target=\"_blank\" rel=\"noopener noreferrer\">Tr\u00e1mite F\u00e1cil del Poder Judicia<\/a>l.<\/p>\n<p class=\"v1MsoNormal\" style=\"text-align: justify;\">Por \u00faltimo, reiter\u00f3 que: \u00abEl pago de la pensi\u00f3n de alimentos es una obligaci\u00f3n legal y tambi\u00e9n moral, y los progenitores tienen la obligaci\u00f3n de entregar lo necesario para que los ni\u00f1os, ni\u00f1as y adolescentes puedan desarrollarse espiritual y materialmente. Lo que hace esta ley es\u00a0 poner el centro en los ni\u00f1os, en las ni\u00f1as y en los adolescentes, y tambi\u00e9n relevar el principio de corresponsabilidad parental, porque, como se\u00f1al\u00e9, es un deber que hay que cumplir\u00bb.<\/p>\n<\/div><\/section><\/div><div  style='height:50px' class='hr hr-invisible   avia-builder-el-6  el_after_av_one_full  el_before_av_social_share '><span class='hr-inner ' ><span class='hr-inner-style'><\/span><\/span><\/div><\/p>\n<div  class='av-social-sharing-box  avia-builder-el-7  el_after_av_hr  el_before_av_hr  '><div class='av-share-box'><h5 class='av-share-link-description av-no-toc '>Compartir esta noticia<\/h5><ul class='av-share-box-list noLightbox'><li class='av-share-link av-social-link-facebook' ><a target=\"_blank\" aria-label=\"Compartir en Facebook\" href='https:\/\/www.facebook.com\/sharer.php?u=https:\/\/radiorevelacionfm.cl\/?p=25885&#038;t=Juzgados%20de%20Familia%20de%20Ays%C3%A9n%20ingresaron%2031%20personas%20al%20Registro%20Nacional%20de%20Deudores%20de%20Alimentos%2C%20en%20el%20primer%20mes%20de%20funcionamiento%20de%20la%20nueva%20ley' aria-hidden='false' data-av_icon='\ue8f3' data-av_iconfont='entypo-fontello' title='' data-avia-related-tooltip='Compartir en Facebook' rel=\"noopener\"><span class='avia_hidden_link_text'>Compartir en Facebook<\/span><\/a><\/li><li class='av-share-link av-social-link-twitter' ><a target=\"_blank\" aria-label=\"Compartir en Twitter\" href='https:\/\/twitter.com\/share?text=Juzgados%20de%20Familia%20de%20Ays%C3%A9n%20ingresaron%2031%20personas%20al%20Registro%20Nacional%20de%20Deudores%20de%20Alimentos%2C%20en%20el%20primer%20mes%20de%20funcionamiento%20de%20la%20nueva%20ley&#038;url=https:\/\/radiorevelacionfm.cl\/?p=25885' aria-hidden='false' data-av_icon='\ue8f1' data-av_iconfont='entypo-fontello' title='' data-avia-related-tooltip='Compartir en Twitter' rel=\"noopener\"><span class='avia_hidden_link_text'>Compartir en Twitter<\/span><\/a><\/li><li class='av-share-link av-social-link-whatsapp' ><a target=\"_blank\" aria-label=\"Compartir en Whatsapp\" href='https:\/\/api.whatsapp.com\/send?text=https:\/\/radiorevelacionfm.cl\/?p=25885' aria-hidden='false' data-av_icon='\uf232' data-av_iconfont='entypo-fontello' title='' data-avia-related-tooltip='Compartir en Whatsapp' rel=\"noopener\"><span class='avia_hidden_link_text'>Compartir en Whatsapp<\/span><\/a><\/li><li class='av-share-link av-social-link-linkedin' ><a target=\"_blank\" aria-label=\"Compartir en LinkedIn\" href='https:\/\/linkedin.com\/shareArticle?mini=true&#038;title=Juzgados%20de%20Familia%20de%20Ays%C3%A9n%20ingresaron%2031%20personas%20al%20Registro%20Nacional%20de%20Deudores%20de%20Alimentos%2C%20en%20el%20primer%20mes%20de%20funcionamiento%20de%20la%20nueva%20ley&#038;url=https:\/\/radiorevelacionfm.cl\/?p=25885' aria-hidden='false' data-av_icon='\ue8fc' data-av_iconfont='entypo-fontello' title='' data-avia-related-tooltip='Compartir en LinkedIn' rel=\"noopener\"><span class='avia_hidden_link_text'>Compartir en LinkedIn<\/span><\/a><\/li><li class='av-share-link av-social-link-mail' ><a  aria-label=\"Compartir por correo\" href='mailto:?subject=Juzgados%20de%20Familia%20de%20Ays%C3%A9n%20ingresaron%2031%20personas%20al%20Registro%20Nacional%20de%20Deudores%20de%20Alimentos%2C%20en%20el%20primer%20mes%20de%20funcionamiento%20de%20la%20nueva%20ley&#038;body=https:\/\/radiorevelacionfm.cl\/?p=25885' aria-hidden='false' data-av_icon='\ue805' data-av_iconfont='entypo-fontello' title='' data-avia-related-tooltip='Compartir por correo'><span class='avia_hidden_link_text'>Compartir por correo<\/span><\/a><\/li><\/ul><\/div><\/div>\n<div  style='height:50px' class='hr hr-invisible   avia-builder-el-8  el_after_av_social_share  el_before_av_comments_list '><span class='hr-inner ' ><span class='hr-inner-style'><\/span><\/span><\/div>\n<div  class='av-buildercomment  av-blog-meta-html-info-disabled av-blog-meta-tag-disabled  '><\/div>\n","protected":false},"excerpt":{"rendered":"","protected":false},"author":1,"featured_media":25886,"comment_status":"open","ping_status":"open","sticky":false,"template":"","format":"standard","meta":{"footnotes":""},"categories":[55],"tags":[],"class_list":["post-25885","post","type-post","status-publish","format-standard","has-post-thumbnail","hentry","category-justicia"],"jetpack_featured_media_url":"https:\/\/radiorevelacionfm.cl\/wp-content\/uploads\/2022\/12\/Foto-Familia1-1-1.jpg","_links":{"self":[{"href":"https:\/\/radiorevelacionfm.cl\/index.php?rest_route=\/wp\/v2\/posts\/25885","targetHints":{"allow":["GET"]}}],"collection":[{"href":"https:\/\/radiorevelacionfm.cl\/index.php?rest_route=\/wp\/v2\/posts"}],"about":[{"href":"https:\/\/radiorevelacionfm.cl\/index.php?rest_route=\/wp\/v2\/types\/post"}],"author":[{"embeddable":true,"href":"https:\/\/radiorevelacionfm.cl\/index.php?rest_route=\/wp\/v2\/users\/1"}],"replies":[{"embeddable":true,"href":"https:\/\/radiorevelacionfm.cl\/index.php?rest_route=%2Fwp%2Fv2%2Fcomments&post=25885"}],"version-history":[{"count":2,"href":"https:\/\/radiorevelacionfm.cl\/index.php?rest_route=\/wp\/v2\/posts\/25885\/revisions"}],"predecessor-version":[{"id":25888,"href":"https:\/\/radiorevelacionfm.cl\/index.php?rest_route=\/wp\/v2\/posts\/25885\/revisions\/25888"}],"wp:featuredmedia":[{"embeddable":true,"href":"https:\/\/radiorevelacionfm.cl\/index.php?rest_route=\/wp\/v2\/media\/25886"}],"wp:attachment":[{"href":"https:\/\/radiorevelacionfm.cl\/index.php?rest_route=%2Fwp%2Fv2%2Fmedia&parent=25885"}],"wp:term":[{"taxonomy":"category","embeddable":true,"href":"https:\/\/radiorevelacionfm.cl\/index.php?rest_route=%2Fwp%2Fv2%2Fcategories&post=25885"},{"taxonomy":"post_tag","embeddable":true,"href":"https:\/\/radiorevelacionfm.cl\/index.php?rest_route=%2Fwp%2Fv2%2Ftags&post=25885"}],"curies":[{"name":"wp","href":"https:\/\/api.w.org\/{rel}","templated":true}]}}