{"id":25881,"date":"2022-12-27T09:56:30","date_gmt":"2022-12-27T12:56:30","guid":{"rendered":"https:\/\/radiorevelacionfm.cl\/?p=25881"},"modified":"2022-12-27T09:56:30","modified_gmt":"2022-12-27T12:56:30","slug":"con-mas-de-100-expositores-vuelve-de-manera-presencial-congreso-futuro-2023","status":"publish","type":"post","link":"https:\/\/radiorevelacionfm.cl\/?p=25881","title":{"rendered":"Con m\u00e1s de 100 expositores vuelve de manera presencial Congreso Futuro 2023"},"content":{"rendered":"<div class=\"flex_column av_one_full  flex_column_div av-zero-column-padding first  avia-builder-el-0  el_before_av_one_full  avia-builder-el-first  \" style='border-radius:0px; '><div  class='avia-image-container  av-styling-    avia-builder-el-1  avia-builder-el-no-sibling  avia-align-center '  itemprop=\"image\" itemscope=\"itemscope\" itemtype=\"https:\/\/schema.org\/ImageObject\"  ><div class='avia-image-container-inner'><div class='avia-image-overlay-wrap'><img decoding=\"async\" class='wp-image-25882 avia-img-lazy-loading-not-25882 avia_image' src=\"https:\/\/radiorevelacionfm.cl\/wp-content\/uploads\/2022\/12\/Flavia-Costa-Foto-oficial-Credit-Valentina-Rebasa-1-1.jpg\" alt='' title='Flavia Costa (Foto oficial - Credit Valentina Rebasa) (1) (1)' height=\"600\" width=\"745\"  itemprop=\"thumbnailUrl\" srcset=\"https:\/\/radiorevelacionfm.cl\/wp-content\/uploads\/2022\/12\/Flavia-Costa-Foto-oficial-Credit-Valentina-Rebasa-1-1.jpg 745w, https:\/\/radiorevelacionfm.cl\/wp-content\/uploads\/2022\/12\/Flavia-Costa-Foto-oficial-Credit-Valentina-Rebasa-1-1-300x242.jpg 300w, https:\/\/radiorevelacionfm.cl\/wp-content\/uploads\/2022\/12\/Flavia-Costa-Foto-oficial-Credit-Valentina-Rebasa-1-1-495x400.jpg 495w, https:\/\/radiorevelacionfm.cl\/wp-content\/uploads\/2022\/12\/Flavia-Costa-Foto-oficial-Credit-Valentina-Rebasa-1-1-705x568.jpg 705w, https:\/\/radiorevelacionfm.cl\/wp-content\/uploads\/2022\/12\/Flavia-Costa-Foto-oficial-Credit-Valentina-Rebasa-1-1-600x483.jpg 600w\" sizes=\"(max-width: 745px) 100vw, 745px\" \/><\/div><\/div><\/div><\/div><div class=\"flex_column av_one_full  flex_column_div av-zero-column-padding first  avia-builder-el-2  el_after_av_one_full  el_before_av_one_full  column-top-margin\" style='border-radius:0px; '><section class=\"av_textblock_section \"  itemscope=\"itemscope\" itemtype=\"https:\/\/schema.org\/BlogPosting\" itemprop=\"blogPost\" ><div class='avia_textblock  '   itemprop=\"text\" ><p style=\"text-align: center;\"><strong><span style=\"font-size: 18pt;\">Con m\u00e1s de 100 expositores vuelve de manera presencial Congreso Futuro 2023 <\/span><\/strong><\/p>\n<div id=\"gtx-trans\" style=\"position: absolute; left: -50px; top: 4.31534px;\">\n<div class=\"gtx-trans-icon\"><\/div>\n<\/div>\n<\/div><\/section><\/div><div class=\"flex_column av_one_full  flex_column_div av-zero-column-padding first  avia-builder-el-4  el_after_av_one_full  el_before_av_hr  column-top-margin\" style='border-radius:0px; '><section class=\"av_textblock_section \"  itemscope=\"itemscope\" itemtype=\"https:\/\/schema.org\/BlogPosting\" itemprop=\"blogPost\" ><div class='avia_textblock  '   itemprop=\"text\" ><div class=\"v1elementToProof\">\n<div class=\"v1MsoNormal\" align=\"center\">\n<p class=\"v1MsoNormal\" style=\"text-align: justify;\" align=\"justify\"><span style=\"font-family: georgia, palatino, serif; font-size: 12pt;\"><span class=\"v1ContentPasted1\">En el Museo de Artes Visuales UC se realiz\u00f3 el lanzamiento de la duod\u00e9cima versi\u00f3n de Congreso Futuro 2023, la plataforma de intercambio de ideas y pensamiento m\u00e1s importante de Latinoam\u00e9rica, evento gratuito y coorganizado por la Comisi\u00f3n Desaf\u00edos del Futuro del Senado de Chile y la Fundaci\u00f3n Encuentros del Futuro. Este se llevar\u00e1 a cabo desde el 16 al 21 de enero de 2023. Adem\u00e1s, ser\u00e1 transmitido v\u00eda online a trav\u00e9s del sitio web del evento\u00a0<\/span><a class=\"v1ContentPasted1\" href=\"http:\/\/www.congresofuturo.cl\/\" target=\"_blank\" rel=\"noopener noreferrer\"><u>www.congresofuturo.cl<\/u><\/a><span class=\"v1ContentPasted1\">\u00a0y redes sociales (@congresofuturo).<\/span>\u00a0<\/span><\/p>\n<p class=\"v1MsoNormal\" style=\"text-align: justify;\" align=\"justify\"><span style=\"font-family: georgia, palatino, serif; font-size: 12pt;\"><span class=\"v1ContentPasted1\">Entre las novedades destacadas de la versi\u00f3n 2023 est\u00e1 la vuelta a la presencialidad. Esta se realizar\u00e1 en el Teatro Oriente, ubicado en la comuna de Providencia, instancia en la que estar\u00e1n presentes m\u00e1s de 100 expositores nacionales e internacionales provenientes de los diversos espacios del conocimiento, como las ciencias, humanidades y las artes. Entre ellos resaltan algunos Premios Nobel, acad\u00e9micos de MIT, neurocient\u00edficos, especialistas en Inteligencia Artificial y tambi\u00e9n en diferentes aspectos del Metaverso, concepto que liderar\u00e1 la tem\u00e1tica de este a\u00f1o.<\/span>\u00a0<\/span><\/p>\n<p class=\"v1MsoNormal\" style=\"text-align: justify;\" align=\"justify\"><span style=\"font-family: georgia, palatino, serif; font-size: 12pt;\"><span class=\"v1ContentPasted1\">\u00abCada nueva tecnolog\u00eda significa una p\u00e9rdida de capacidad. Si seguimos externalizando nuestra vida, quiz\u00e1s se va a perder la capacidad de sentir y emocionarse, y vamos a ser m\u00e1s dependientes de las m\u00e1quinas. En el metaverso vamos a vivir a trav\u00e9s de avatares, por lo que habr\u00e1n nuevos desaf\u00edos y tendremos que configurar nuevas leyes y regulaciones, pero tambi\u00e9n hay oportunidades. Me encantar\u00eda poder ense\u00f1ar biolog\u00eda a ni\u00f1os, haciendo una expedici\u00f3n cient\u00edfica dentro de una c\u00e9lula o que un profesor pueda llevar a los ni\u00f1os a la antigua Grecia y que puedan caminar junto a los habitantes antiguos. El punto es c\u00f3mo hacemos que prevalezcan las oportunidades por sobre las amenazas\u00bb, reflexion\u00f3 el vicepresidente ejecutivo de Fundaci\u00f3n Encuentros del Futuro, Guido Girardi.\u00a0<\/span>\u00a0<\/span><\/p>\n<p class=\"v1MsoNormal\" style=\"text-align: justify;\" align=\"justify\"><span style=\"font-family: georgia, palatino, serif; font-size: 12pt;\"><span class=\"v1ContentPasted1\">En ese sentido, el inter\u00e9s de Congreso Futuro es invitar a la necesaria discusi\u00f3n social por resguardar los derechos de la poblaci\u00f3n del futuro en un presente desconocido, donde la tecnolog\u00eda avanza m\u00e1s r\u00e1pido que la capacidad humana de adaptarse y regularla.\u00a0<\/span>\u00a0<\/span><\/p>\n<p class=\"v1MsoNormal\" style=\"text-align: justify;\" align=\"justify\"><span style=\"font-family: georgia, palatino, serif; font-size: 12pt;\"><span class=\"v1ContentPasted1\">\u00abEsta versi\u00f3n de Congreso Futuro apuesta incluir a la ciencia y la tecnolog\u00eda en las conversaciones cotidianas. Necesitamos abordar los temas que influyen en el futuro, pero en este vertiginoso presente, antes de que sea tarde. Por ello la invitaci\u00f3n a la ciudadan\u00eda para la versi\u00f3n 2023 es sumarse a la discusi\u00f3n en diferentes aristas, junto a las y los grandes intelectuales del mundo, en un evento gratuito que busca innovar y colaborar continuamente en decisiones que afectan al pa\u00eds y que debieran transformarse en pol\u00edticas p\u00fablicas\u00bb, se\u00f1al\u00f3 Daniel Fern\u00e1ndez, Presidente de FEF.<\/span>\u00a0<\/span><\/p>\n<p class=\"v1MsoNormal\" style=\"text-align: justify;\" align=\"justify\"><span style=\"font-family: georgia, palatino, serif; font-size: 12pt;\"><span class=\"v1ContentPasted1\">En el escenario se mezclar\u00e1 la realidad palpable y el futuro virtual al que nos enfrentamos. Para esta versi\u00f3n, ser\u00e1n varias las innovaciones que se contemplan.\u00a0<\/span><span class=\"v1ContentPasted1\">Actualmente se trabaja con una nueva tecnolog\u00eda que implementa Inteligencia Artificial para construir avatares de los expositores y expositoras. Adem\u00e1s se automatizar\u00e1 funciones y servicios que ofrece Congreso Futuro, como la traducci\u00f3n en tiempo real mediante tecnolog\u00eda sin intervenci\u00f3n humana.\u00a0<\/span>\u00a0<\/span><\/p>\n<p class=\"v1MsoNormal\" style=\"text-align: justify;\" align=\"justify\"><span style=\"font-family: georgia, palatino, serif; font-size: 12pt;\"><span class=\"v1ContentPasted1\">A su vez, el p\u00fablico en Santiago tendr\u00e1 la oportunidad de formar parte de la experiencia del Metaverso en lugares p\u00fablicos de la ciudad con el fin de que las sociedades logren conocer un poco m\u00e1s un concepto que a\u00fan es lejano para muchos. \u00abHicimos una intervenci\u00f3n con un grupo de universidades, donde gratuitamente y gracias a la alianza con Metro de Santiago, desde el 4 de enero, los usuarios van a poder experimentar el metaverso a trav\u00e9s de dispositivos tipo lentes que van a estar disponibles en distintas estaciones, y junto a m\u00e1s de 100 voluntarios explicaremos distintos aspectos del metaverso tendremos sorpresas para los usuarios. Haremos un circuito entre Pedro de Valdivia, Baquedano, Los Leones y Tobalaba\u00bb,<\/span><span class=\"v1ContentPasted1\">\u00a0expres\u00f3 Guido Girardi.\u00a0<\/span>\u00a0<\/span><\/p>\n<p class=\"v1MsoNormal\" style=\"text-align: justify;\" align=\"justify\"><span style=\"font-family: georgia, palatino, serif; font-size: 12pt;\"><span class=\"v1ContentPasted1\">Para quienes quieran ir de manera presencial al evento de enero habr\u00e1n 10.000 entradas disponibles de manera gratuita a partir de este viernes 16 de diciembre a las 12:00 horas en\u00a0<\/span><a class=\"v1ContentPasted1\" href=\"http:\/\/www.congresofuturo.cl\/\" target=\"_blank\" rel=\"noopener noreferrer\"><u>www.congresofuturo.cl<\/u><\/a><span class=\"v1ContentPasted1\">\u00a0y el sistema Punto Ticket. Ah\u00ed, los interesados deben seleccionar a qu\u00e9 d\u00eda y a qu\u00e9 charlas desean asistir.<\/span>\u00a0<\/span><\/p>\n<p class=\"v1MsoNormal\" style=\"text-align: justify;\" align=\"justify\"><span style=\"font-family: georgia, palatino, serif; font-size: 12pt;\"><span class=\"v1ContentPasted1\">Adem\u00e1s, en el sitio web de Congreso Futuro (<\/span><a class=\"v1ContentPasted1\" href=\"http:\/\/www.congresofuturo.cl\/\" target=\"_blank\" rel=\"noopener noreferrer\"><u>www.congresofuturo.cl<\/u><\/a><span class=\"v1ContentPasted1\">) se podr\u00e1 encontrar el programa completo; biograf\u00edas de las y los expositores; y toda la campa\u00f1a comunicacional que se realiza en torno al evento y tambi\u00e9n estar\u00e1 disponible todo el material de las versiones de los a\u00f1os anteriores.<\/span>\u00a0<\/span><\/p>\n<p class=\"v1MsoNormal\" style=\"text-align: justify;\" align=\"justify\"><span style=\"font-family: georgia, palatino, serif; font-size: 12pt;\"><b><span class=\"v1ContentPasted1\">Expositores de primer nivel<\/span>\u00a0<\/b><\/span><\/p>\n<p class=\"v1MsoNormal\" style=\"text-align: justify;\" align=\"justify\"><span style=\"font-family: georgia, palatino, serif; font-size: 12pt;\"><span class=\"v1ContentPasted1\">La edici\u00f3n 2023 presentar\u00e1 un abanico de expositores y expositoras que pondr\u00e1n a disposici\u00f3n lo mejor de su experiencia para expandir las fronteras del conocimiento ciudadano y dialogar sobre los cambios que tendr\u00e1 el planeta y sus sociedades.\u00a0<\/span>\u00a0<\/span><\/p>\n<p class=\"v1MsoNormal\" style=\"text-align: justify;\" align=\"justify\"><span style=\"font-family: georgia, palatino, serif; font-size: 12pt;\"><span class=\"v1ContentPasted1\">Entre ellos destaca la participaci\u00f3n del fundador de la ling\u00fc\u00edstica moderna, Noam Chomsky quien nos invita a cuestionarnos el rol de la ciencia como respuesta a todos nuestros problemas; el Premio Nobel de la Paz y Premio Mundial de Alimentaci\u00f3n 2020, Rattan Lal quien expondr\u00e1 sobre los desaf\u00edos de la agricultura responsable con el medio ambiente; la bio\u00e9tica especialista en tecnolog\u00eda y salud virtual, Jodi Halpern; la soci\u00f3loga estadounidense y especialista en revoluci\u00f3n digital,\u00a0<\/span><span class=\"v1ContentPasted1\">Shoshana Zuboff; la visionaria de Inteligencia Artificial aplicada en an\u00e1lisis forense, Rita Singh; el inform\u00e1tico y fil\u00f3sofo, Yuk Hui, el acad\u00e9mico y m\u00e9dico, V\u00edctor Montori; el doctor en filosof\u00eda, Francisco Martorell; la bi\u00f3loga marina y autora de documentales de National Geographic, Sylvia Earle y la activista transg\u00e9nero y primera mujer abiertamente trans de la comunidad jas\u00eddica, Abby Stein.\u00a0<\/span>\u00a0<\/span><\/p>\n<p class=\"v1MsoNormal\" style=\"text-align: justify;\" align=\"justify\"><span style=\"font-family: georgia, palatino, serif; font-size: 12pt;\"><span class=\"v1ContentPasted1\">En este texto Abby Stein destac\u00f3 que la oportunidad de participar en un evento de divulgaci\u00f3n que posee una mirada local de problemas globales, \u00abespecialmente en lo que se refiere al g\u00e9nero y la religi\u00f3n, es importante para m\u00ed relacionarme con comunidades diversas. Los temas de g\u00e9nero y sexualidad, adem\u00e1s de la lucha contra el fundamentalismo, son internacionales: impactan a todos. Veo Congreso Futuro como una poderosa oportunidad para llegar a personas y comunidades que de otro modo no alcanzar\u00eda, construir relaciones y comunidad, y trabajar juntos para crear un mundo mejor, con libertad y justicia para todos\u00bb, se\u00f1al\u00f3 Stein.<\/span>\u00a0<\/span><\/p>\n<p class=\"v1MsoNormal\" style=\"text-align: justify;\" align=\"justify\"><span style=\"font-family: georgia, palatino, serif; font-size: 12pt;\"><span class=\"v1ContentPasted1\">(En este enlace el link a la biograf\u00eda de cada uno de las y los expositores:\u00a0<\/span><a id=\"v1OWA3b20054e-1592-297d-cbe5-ea1e55b0ceed\" class=\"v1ContentPasted1 v1OWAAutoLink\" href=\"https:\/\/drive.google.com\/drive\/folders\/1Pmviqv3nBcE3Dr6rr8wPUgwQArXHPvo3?usp=share_link\" target=\"_blank\" rel=\"noopener noreferrer\"><u>https:\/\/drive.google.com\/drive\/folders\/1Pmviqv3nBcE3Dr6rr8wPUgwQArXHPvo3?usp=share_link<\/u><\/a><span class=\"v1ContentPasted1\">\u00a0)<\/span>\u00a0<\/span><\/p>\n<p class=\"v1MsoNormal\" style=\"text-align: justify;\" align=\"justify\"><span style=\"font-family: georgia, palatino, serif; font-size: 12pt;\"><b><span class=\"v1ContentPasted1\">Congreso Futuro Regiones<\/span><\/b>\u00a0<\/span><\/p>\n<p class=\"v1MsoNormal\" style=\"text-align: justify;\" align=\"justify\"><span style=\"font-family: georgia, palatino, serif; font-size: 12pt;\"><span class=\"v1ContentPasted1\">Congreso Futuro busca democratizar y descentralizar el conocimiento, por lo que tambi\u00e9n los cient\u00edficos y expertos se har\u00e1n presente en regiones durante la semana de celebraci\u00f3n, mediante jornadas de charlas y paneles en paralelo al evento principal. Junto a 50\u00a0<\/span><span class=\"v1ContentPasted1\">universidades y centros de investigaci\u00f3n, se busca\u00a0<\/span><span class=\"v1ContentPasted1\">dar lugar a 34 charlistas internacionales, quienes, con panelistas locales, hablar\u00e1n sobre temas relevantes para la comunidad.\u00a0<\/span><span class=\"v1ContentPasted1\">El principal evento de divulgaci\u00f3n cient\u00edfica de Latinoam\u00e9rica se realizar\u00e1, por primera vez, de manera presencial en las 16 regiones del pa\u00eds.\u00a0<\/span>\u00a0<\/span><\/p>\n<p class=\"v1MsoNormal\" style=\"text-align: justify;\" align=\"justify\"><span style=\"font-family: georgia, palatino, serif; font-size: 12pt;\"><span class=\"v1ContentPasted1\">\u00abEmitiremos un Congreso Futuro a nivel nacional, desde Arica a Magallanes, permiti\u00e9ndonos descentralizar el acceso a la ciencia, tecnolog\u00eda, innovaci\u00f3n y conocimiento. Por eso es tan importante el trabajo que estamos haciendo con las universidades regionales -p\u00fablicas y privadas- con cada uno de los actores sociales relevantes, Premios Nacionales e Internacionales\u00bb se\u00f1al\u00f3 el Senador Francisco Chahu\u00e1n, Presidente de la Comisi\u00f3n Desaf\u00edos del Futuro.<\/span>\u00a0<\/span><\/p>\n<p class=\"v1MsoNormal\" style=\"text-align: justify;\" align=\"justify\"><span style=\"font-family: georgia, palatino, serif; font-size: 12pt;\"><span class=\"v1ContentPasted1\">La regi\u00f3n de Ays\u00e9n tendr\u00e1 su cita el viernes 20 de enero en el Centro Cultural de Coyhaique entre las 9 y las 13 horas y contar\u00e1 con dos expositores internacionales; La Doctora en Ciencias Sociales Flavia Costa, cuyo tema central de investigaci\u00f3n es la modernidad como doble proceso tendencial de tecnificaci\u00f3n y politizaci\u00f3n de la vida.\u00a0<\/span><span class=\"v1ContentPasted1\" dir=\"LTR\">Su trabajo m\u00e1s reciente es \u00abTecnoceno: algoritmos, biohackers y nuevas formas de vida\u00bb (2021) en este describe los desaf\u00edos del nuevo escenario tecnol\u00f3gico, pol\u00edtico y cultural que se abri\u00f3 con la digitalizaci\u00f3n y que se acentu\u00f3 en pandemia: el uso de datos masivos,\u00a0<\/span><span class=\"v1ContentPasted1\" dir=\"LTR\">la vigilancia y el horizonte de una superinteligencia artificial.<\/span><span class=\"v1ContentPasted1\" dir=\"LTR\">\u00a0Adem\u00e1s, nos visitar\u00e1 en Doctor William Cheung, cuyas\u00a0<\/span><span class=\"v1ContentPasted1\" dir=\"LTR\">principales \u00e1reas de investigaci\u00f3n incluyen: la comprensi\u00f3n de las respuestas y vulnerabilidades de los ecosistemas marinos y las pesquer\u00edas al cambio global; y el examen de las compensaciones en la gesti\u00f3n y conservaci\u00f3n de los recursos marinos vivos. Sus trabajos abarcan m\u00faltiples disciplinas, desde la oceanograf\u00eda a la ecolog\u00eda, la econom\u00eda y las ciencias sociales, tanto local como globalmente.<\/span>\u00a0<\/span><\/p>\n<\/div>\n<\/div>\n<div class=\"v1elementToProof\" style=\"text-align: justify;\"><\/div>\n<\/div><\/section><\/div><div  style='height:50px' class='hr hr-invisible   avia-builder-el-6  el_after_av_one_full  el_before_av_social_share '><span class='hr-inner ' ><span class='hr-inner-style'><\/span><\/span><\/div><\/p>\n<div  class='av-social-sharing-box  avia-builder-el-7  el_after_av_hr  el_before_av_hr  '><div class='av-share-box'><h5 class='av-share-link-description av-no-toc '>Compartir esta noticia<\/h5><ul class='av-share-box-list noLightbox'><li class='av-share-link av-social-link-facebook' ><a target=\"_blank\" aria-label=\"Compartir en Facebook\" href='https:\/\/www.facebook.com\/sharer.php?u=https:\/\/radiorevelacionfm.cl\/?p=25881&#038;t=Con%20m%C3%A1s%20de%20100%20expositores%20vuelve%20de%20manera%20presencial%20Congreso%20Futuro%202023' aria-hidden='false' data-av_icon='\ue8f3' data-av_iconfont='entypo-fontello' title='' data-avia-related-tooltip='Compartir en Facebook' rel=\"noopener\"><span class='avia_hidden_link_text'>Compartir en Facebook<\/span><\/a><\/li><li class='av-share-link av-social-link-twitter' ><a target=\"_blank\" aria-label=\"Compartir en Twitter\" href='https:\/\/twitter.com\/share?text=Con%20m%C3%A1s%20de%20100%20expositores%20vuelve%20de%20manera%20presencial%20Congreso%20Futuro%202023&#038;url=https:\/\/radiorevelacionfm.cl\/?p=25881' aria-hidden='false' data-av_icon='\ue8f1' data-av_iconfont='entypo-fontello' title='' data-avia-related-tooltip='Compartir en Twitter' rel=\"noopener\"><span class='avia_hidden_link_text'>Compartir en Twitter<\/span><\/a><\/li><li class='av-share-link av-social-link-whatsapp' ><a target=\"_blank\" aria-label=\"Compartir en Whatsapp\" href='https:\/\/api.whatsapp.com\/send?text=https:\/\/radiorevelacionfm.cl\/?p=25881' aria-hidden='false' data-av_icon='\uf232' data-av_iconfont='entypo-fontello' title='' data-avia-related-tooltip='Compartir en Whatsapp' rel=\"noopener\"><span class='avia_hidden_link_text'>Compartir en Whatsapp<\/span><\/a><\/li><li class='av-share-link av-social-link-linkedin' ><a target=\"_blank\" aria-label=\"Compartir en LinkedIn\" href='https:\/\/linkedin.com\/shareArticle?mini=true&#038;title=Con%20m%C3%A1s%20de%20100%20expositores%20vuelve%20de%20manera%20presencial%20Congreso%20Futuro%202023&#038;url=https:\/\/radiorevelacionfm.cl\/?p=25881' aria-hidden='false' data-av_icon='\ue8fc' data-av_iconfont='entypo-fontello' title='' data-avia-related-tooltip='Compartir en LinkedIn' rel=\"noopener\"><span class='avia_hidden_link_text'>Compartir en LinkedIn<\/span><\/a><\/li><li class='av-share-link av-social-link-mail' ><a  aria-label=\"Compartir por correo\" href='mailto:?subject=Con%20m%C3%A1s%20de%20100%20expositores%20vuelve%20de%20manera%20presencial%20Congreso%20Futuro%202023&#038;body=https:\/\/radiorevelacionfm.cl\/?p=25881' aria-hidden='false' data-av_icon='\ue805' data-av_iconfont='entypo-fontello' title='' data-avia-related-tooltip='Compartir por correo'><span class='avia_hidden_link_text'>Compartir por correo<\/span><\/a><\/li><\/ul><\/div><\/div>\n<div  style='height:50px' class='hr hr-invisible   avia-builder-el-8  el_after_av_social_share  el_before_av_comments_list '><span class='hr-inner ' ><span class='hr-inner-style'><\/span><\/span><\/div>\n<div  class='av-buildercomment  av-blog-meta-html-info-disabled av-blog-meta-tag-disabled  '><\/div>\n","protected":false},"excerpt":{"rendered":"","protected":false},"author":1,"featured_media":25882,"comment_status":"open","ping_status":"open","sticky":false,"template":"","format":"standard","meta":{"footnotes":""},"categories":[61],"tags":[],"class_list":["post-25881","post","type-post","status-publish","format-standard","has-post-thumbnail","hentry","category-nacional"],"jetpack_featured_media_url":"https:\/\/radiorevelacionfm.cl\/wp-content\/uploads\/2022\/12\/Flavia-Costa-Foto-oficial-Credit-Valentina-Rebasa-1-1.jpg","_links":{"self":[{"href":"https:\/\/radiorevelacionfm.cl\/index.php?rest_route=\/wp\/v2\/posts\/25881","targetHints":{"allow":["GET"]}}],"collection":[{"href":"https:\/\/radiorevelacionfm.cl\/index.php?rest_route=\/wp\/v2\/posts"}],"about":[{"href":"https:\/\/radiorevelacionfm.cl\/index.php?rest_route=\/wp\/v2\/types\/post"}],"author":[{"embeddable":true,"href":"https:\/\/radiorevelacionfm.cl\/index.php?rest_route=\/wp\/v2\/users\/1"}],"replies":[{"embeddable":true,"href":"https:\/\/radiorevelacionfm.cl\/index.php?rest_route=%2Fwp%2Fv2%2Fcomments&post=25881"}],"version-history":[{"count":2,"href":"https:\/\/radiorevelacionfm.cl\/index.php?rest_route=\/wp\/v2\/posts\/25881\/revisions"}],"predecessor-version":[{"id":25919,"href":"https:\/\/radiorevelacionfm.cl\/index.php?rest_route=\/wp\/v2\/posts\/25881\/revisions\/25919"}],"wp:featuredmedia":[{"embeddable":true,"href":"https:\/\/radiorevelacionfm.cl\/index.php?rest_route=\/wp\/v2\/media\/25882"}],"wp:attachment":[{"href":"https:\/\/radiorevelacionfm.cl\/index.php?rest_route=%2Fwp%2Fv2%2Fmedia&parent=25881"}],"wp:term":[{"taxonomy":"category","embeddable":true,"href":"https:\/\/radiorevelacionfm.cl\/index.php?rest_route=%2Fwp%2Fv2%2Fcategories&post=25881"},{"taxonomy":"post_tag","embeddable":true,"href":"https:\/\/radiorevelacionfm.cl\/index.php?rest_route=%2Fwp%2Fv2%2Ftags&post=25881"}],"curies":[{"name":"wp","href":"https:\/\/api.w.org\/{rel}","templated":true}]}}